{"id":25772,"date":"2026-04-24T20:08:04","date_gmt":"2026-04-24T18:08:04","guid":{"rendered":"https:\/\/colorfest.it\/?p=25772"},"modified":"2026-04-24T20:09:55","modified_gmt":"2026-04-24T18:09:55","slug":"fete-des-couleurs-14-13-aout-jour-3","status":"publish","type":"post","link":"https:\/\/colorfest.it\/fr\/color-fest-14-13-agosto-day-3\/","title":{"rendered":"Color Fest 14, 13 ao\u00fbt : Django Django, La Ni\u00f1a et Day 3"},"content":{"rendered":"<p>La <strong>14\u00e8me \u00e9dition<\/strong> de <strong>F\u00eate de la couleur<\/strong> ferme <strong>Jeudi 13 ao\u00fbt 2026<\/strong> sur <strong>Riviera des couchers de soleil<\/strong> par <strong>Lamezia Terme<\/strong>. C'est le <strong>Troisi\u00e8me jour<\/strong>: la journ\u00e9e la plus physique et la plus chorale de l'\u00e9dition, entre singer-songwriter, post-punk anglais, recherche \u00e9lectronique et un DJ set de cl\u00f4ture qui fait poindre l'aube sur le front de mer. <em>L'\u00e9t\u00e9 sur une plage solitaire<\/em> se termine ici.<\/p>\n\n\n\n<h2 class=\"wp-block-heading\" id=\"h-tutto-quello-che-potrai-vedere-il-13-agosto-al-festival\">Tout ce qu'il faut voir le 13 ao\u00fbt au festival<\/h2>\n\n\n\n<figure class=\"wp-block-image aligncenter size-large is-resized\"><img fetchpriority=\"high\" decoding=\"async\" width=\"819\" height=\"1024\" src=\"https:\/\/colorfest.it\/wp-content\/uploads\/2026\/04\/tutto-quello-che-potrai-vedere-il-13-agosto-2026-Color-Fest-14-819x1024.webp\" alt=\"\" class=\"wp-image-25773\" style=\"aspect-ratio:0.7998125439350152;object-fit:cover;width:300px\" srcset=\"https:\/\/colorfest.it\/wp-content\/uploads\/2026\/04\/tutto-quello-che-potrai-vedere-il-13-agosto-2026-Color-Fest-14-819x1024.webp 819w, https:\/\/colorfest.it\/wp-content\/uploads\/2026\/04\/tutto-quello-che-potrai-vedere-il-13-agosto-2026-Color-Fest-14-240x300.webp 240w, https:\/\/colorfest.it\/wp-content\/uploads\/2026\/04\/tutto-quello-che-potrai-vedere-il-13-agosto-2026-Color-Fest-14-768x960.webp 768w, https:\/\/colorfest.it\/wp-content\/uploads\/2026\/04\/tutto-quello-che-potrai-vedere-il-13-agosto-2026-Color-Fest-14-10x12.webp 10w, https:\/\/colorfest.it\/wp-content\/uploads\/2026\/04\/tutto-quello-che-potrai-vedere-il-13-agosto-2026-Color-Fest-14.webp 1080w\" sizes=\"(max-width: 819px) 100vw, 819px\" \/><\/figure>\n\n\n\n<p>Le troisi\u00e8me jour de la <strong>F\u00eate des couleurs 14<\/strong> aligne les <strong>Django Django<\/strong> du Royaume-Uni, le nouveau rite collectif de l'\u00e9ducation et de la formation. <strong>La Ni\u00f1a<\/strong>, l'\u00e9criture de <strong>Dimartino<\/strong>, l'urgence post-punk de <strong>Lettre morte<\/strong>, la recherche \u00e9lectronique de <strong>Mai Mai<\/strong>, les premi\u00e8res heures confi\u00e9es \u00e0 <strong>Alessandro Fiore<\/strong>, <strong>Bonzo &amp; Belmonte<\/strong> e <strong>Bassoprofile<\/strong>, et un DJ set de <strong>OKgiorgio<\/strong>. Tout \u00e0 <strong>Promenade de Falcone et Borsellino<\/strong>, \u00e0 deux pas de la mer.<\/p>\n\n\n\n<h3 class=\"wp-block-heading\" id=\"h-django-django-per-ballare-e-lasciarsi-andare\">Django Django - pour danser et se laisser aller<\/h3>\n\n\n\n<figure class=\"wp-block-image aligncenter size-large is-resized\"><img decoding=\"async\" width=\"819\" height=\"1024\" src=\"https:\/\/colorfest.it\/wp-content\/uploads\/2026\/04\/django-django-Color-Fest-14-day-3-13-agosto-2026-819x1024.webp\" alt=\"\" class=\"wp-image-25777\" style=\"width:300px\" srcset=\"https:\/\/colorfest.it\/wp-content\/uploads\/2026\/04\/django-django-Color-Fest-14-day-3-13-agosto-2026-819x1024.webp 819w, https:\/\/colorfest.it\/wp-content\/uploads\/2026\/04\/django-django-Color-Fest-14-day-3-13-agosto-2026-240x300.webp 240w, https:\/\/colorfest.it\/wp-content\/uploads\/2026\/04\/django-django-Color-Fest-14-day-3-13-agosto-2026-768x960.webp 768w, https:\/\/colorfest.it\/wp-content\/uploads\/2026\/04\/django-django-Color-Fest-14-day-3-13-agosto-2026-10x12.webp 10w, https:\/\/colorfest.it\/wp-content\/uploads\/2026\/04\/django-django-Color-Fest-14-day-3-13-agosto-2026.webp 1080w\" sizes=\"(max-width: 819px) 100vw, 819px\" \/><\/figure>\n\n\n\n<p>De <strong>Royaume-Uni<\/strong>, i <strong>Django Django<\/strong> arriver \u00e0 la <strong>F\u00eate des couleurs 14<\/strong> avec leur <strong>vivre<\/strong> fait d'harmonies vocales, de synth\u00e9tiseurs, de guitares angulaires et de rythmes krautrock. L'une des formations les plus reconnaissables de l'art-pop britannique de ces quinze derni\u00e8res ann\u00e9es, capable de transformer la sc\u00e8ne en une piste de danse lumineuse. Ils font partie des noms les plus attendus de la <strong>Troisi\u00e8me jour<\/strong>.<\/p>\n\n\n\n<h3 class=\"wp-block-heading\" id=\"h-la-nina-per-vivere-un-rito-collettivo\">La Ni\u00f1a - vivre un rituel collectif<\/h3>\n\n\n\n<figure class=\"wp-block-image aligncenter size-full is-resized\"><img decoding=\"async\" width=\"720\" height=\"912\" src=\"https:\/\/colorfest.it\/wp-content\/uploads\/2026\/04\/la-nina-Color-Fest-14-day-3-13-agosto-2026.webp\" alt=\"\" class=\"wp-image-25776\" style=\"width:300px\" srcset=\"https:\/\/colorfest.it\/wp-content\/uploads\/2026\/04\/la-nina-Color-Fest-14-day-3-13-agosto-2026.webp 720w, https:\/\/colorfest.it\/wp-content\/uploads\/2026\/04\/la-nina-Color-Fest-14-day-3-13-agosto-2026-237x300.webp 237w, https:\/\/colorfest.it\/wp-content\/uploads\/2026\/04\/la-nina-Color-Fest-14-day-3-13-agosto-2026-9x12.webp 9w\" sizes=\"(max-width: 720px) 100vw, 720px\" \/><\/figure>\n\n\n\n<p><strong>La Ni\u00f1a<\/strong> est l'une des voix les plus puissantes de la nouvelle sc\u00e8ne m\u00e9diterran\u00e9enne : napolitain, tammorre, \u00e9lectronique et chant folklorique r\u00e9unis dans un syst\u00e8me sonore physique et rituel. Ses concerts sont <strong>rites collectifs<\/strong> plus que des spectacles : au <strong>F\u00eate de la couleur<\/strong> apporte cette intensit\u00e9, avec la mer derri\u00e8re elle et le tambour encadr\u00e9 qui bat la mesure.<\/p>\n\n\n\n<h3 class=\"wp-block-heading\" id=\"h-dimartino-per-la-delicatezza-della-musica\">Dimartino - pour la d\u00e9licatesse de la musique<\/h3>\n\n\n\n<figure class=\"wp-block-image aligncenter size-full is-resized\"><img loading=\"lazy\" decoding=\"async\" width=\"720\" height=\"912\" src=\"https:\/\/colorfest.it\/wp-content\/uploads\/2026\/04\/dimasrtino-Color-Fest-14-day-3-13-agosto-2026.webp\" alt=\"\" class=\"wp-image-25778\" style=\"width:300px\" srcset=\"https:\/\/colorfest.it\/wp-content\/uploads\/2026\/04\/dimasrtino-Color-Fest-14-day-3-13-agosto-2026.webp 720w, https:\/\/colorfest.it\/wp-content\/uploads\/2026\/04\/dimasrtino-Color-Fest-14-day-3-13-agosto-2026-237x300.webp 237w, https:\/\/colorfest.it\/wp-content\/uploads\/2026\/04\/dimasrtino-Color-Fest-14-day-3-13-agosto-2026-9x12.webp 9w\" sizes=\"(max-width: 720px) 100vw, 720px\" \/><\/figure>\n\n\n\n<p><strong>Dimartino<\/strong> est l'un des auteurs-compositeurs-interpr\u00e8tes italiens les plus appr\u00e9ci\u00e9s de la derni\u00e8re d\u00e9cennie : une \u00e9criture claire, une m\u00e9lancolie ma\u00eetris\u00e9e, une voix qui peut s'exprimer aussi bien au piano que sur des arrangements orchestraux. A <strong>F\u00eate des couleurs 14<\/strong> apporte la partie la plus intime de la <strong>Troisi\u00e8me jour<\/strong>, celle o\u00f9 le festival s'arr\u00eate et \u00e9coute en silence.<\/p>\n\n\n\n<h3 class=\"wp-block-heading\" id=\"h-deadletter-per-la-furia-e-il-ritmo\">Deadletter - pour la fureur et le rythme<\/h3>\n\n\n\n<figure class=\"wp-block-image aligncenter size-full is-resized\"><img loading=\"lazy\" decoding=\"async\" width=\"720\" height=\"912\" src=\"https:\/\/colorfest.it\/wp-content\/uploads\/2026\/04\/deadletter-Color-Fest-14-day-3-13-agosto-2026.webp\" alt=\"\" class=\"wp-image-25779\" style=\"width:300px\" srcset=\"https:\/\/colorfest.it\/wp-content\/uploads\/2026\/04\/deadletter-Color-Fest-14-day-3-13-agosto-2026.webp 720w, https:\/\/colorfest.it\/wp-content\/uploads\/2026\/04\/deadletter-Color-Fest-14-day-3-13-agosto-2026-237x300.webp 237w, https:\/\/colorfest.it\/wp-content\/uploads\/2026\/04\/deadletter-Color-Fest-14-day-3-13-agosto-2026-9x12.webp 9w\" sizes=\"(max-width: 720px) 100vw, 720px\" \/><\/figure>\n\n\n\n<p>I <strong>Lettre morte<\/strong> est l'un des groupes les plus int\u00e9ressants de la nouvelle vague post-punk britannique : guitares ac\u00e9r\u00e9es, saxo, basse groove, voix d\u00e9clam\u00e9e. Une secousse nerveuse \u00e0 l'int\u00e9rieur de la <strong>Troisi\u00e8me jour<\/strong>, parfait pour maintenir la tension de la soir\u00e9e. A <strong>vivre<\/strong> urgent, con\u00e7u pour \u00eatre entendu debout.<\/p>\n\n\n\n<h3 class=\"wp-block-heading\" id=\"h-mai-mai-mai-live-per-la-sperimentazione\">Mai Mai live - pour l'exp\u00e9rimentation<\/h3>\n\n\n\n<figure class=\"wp-block-image aligncenter size-large is-resized\"><img loading=\"lazy\" decoding=\"async\" width=\"819\" height=\"1024\" src=\"https:\/\/colorfest.it\/wp-content\/uploads\/2026\/04\/mai-mai-mai-live-Color-Fest-14-day-3-13-agosto-2026-819x1024.webp\" alt=\"\" class=\"wp-image-25775\" style=\"width:300px\" srcset=\"https:\/\/colorfest.it\/wp-content\/uploads\/2026\/04\/mai-mai-mai-live-Color-Fest-14-day-3-13-agosto-2026-819x1024.webp 819w, https:\/\/colorfest.it\/wp-content\/uploads\/2026\/04\/mai-mai-mai-live-Color-Fest-14-day-3-13-agosto-2026-240x300.webp 240w, https:\/\/colorfest.it\/wp-content\/uploads\/2026\/04\/mai-mai-mai-live-Color-Fest-14-day-3-13-agosto-2026-768x960.webp 768w, https:\/\/colorfest.it\/wp-content\/uploads\/2026\/04\/mai-mai-mai-live-Color-Fest-14-day-3-13-agosto-2026-10x12.webp 10w, https:\/\/colorfest.it\/wp-content\/uploads\/2026\/04\/mai-mai-mai-live-Color-Fest-14-day-3-13-agosto-2026.webp 1080w\" sizes=\"(max-width: 819px) 100vw, 819px\" \/><\/figure>\n\n\n\n<p><strong>Mai Mai<\/strong> est le projet de <strong>Toni Cutrone<\/strong>Recherche \u00e9lectronique, enregistrement sur le terrain m\u00e9diterran\u00e9en, drone, rythme. L'une des signatures les plus respect\u00e9es de la sc\u00e8ne exp\u00e9rimentale italienne, capable de construire des performances live hypnotiques et physiques \u00e0 la fois. Au <strong>F\u00eate de la couleur<\/strong> apporte un ensemble con\u00e7u pour l'obscurit\u00e9 de <strong>Riviera des couchers de soleil<\/strong>.<\/p>\n\n\n\n<h3 class=\"wp-block-heading\" id=\"h-alessandro-fiore-bonzo-amp-belmonte-bassoprofilo-per-la-bellezza-di-scoprire\">Alessandro Fiore, Bonzo &amp; Belmonte, Bassoprofile - pour la beaut\u00e9 de la d\u00e9couverte<\/h3>\n\n\n\n<figure class=\"wp-block-image aligncenter size-large is-resized\"><img loading=\"lazy\" decoding=\"async\" width=\"819\" height=\"1024\" src=\"https:\/\/colorfest.it\/wp-content\/uploads\/2026\/04\/alessandro-fiore-Bonzo-Belmonte-Bassoprofilo-Color-Fest-14-day-3-13-agosto-2026-819x1024.webp\" alt=\"\" class=\"wp-image-25780\" style=\"width:300px\" srcset=\"https:\/\/colorfest.it\/wp-content\/uploads\/2026\/04\/alessandro-fiore-Bonzo-Belmonte-Bassoprofilo-Color-Fest-14-day-3-13-agosto-2026-819x1024.webp 819w, https:\/\/colorfest.it\/wp-content\/uploads\/2026\/04\/alessandro-fiore-Bonzo-Belmonte-Bassoprofilo-Color-Fest-14-day-3-13-agosto-2026-240x300.webp 240w, https:\/\/colorfest.it\/wp-content\/uploads\/2026\/04\/alessandro-fiore-Bonzo-Belmonte-Bassoprofilo-Color-Fest-14-day-3-13-agosto-2026-768x960.webp 768w, https:\/\/colorfest.it\/wp-content\/uploads\/2026\/04\/alessandro-fiore-Bonzo-Belmonte-Bassoprofilo-Color-Fest-14-day-3-13-agosto-2026-10x12.webp 10w, https:\/\/colorfest.it\/wp-content\/uploads\/2026\/04\/alessandro-fiore-Bonzo-Belmonte-Bassoprofilo-Color-Fest-14-day-3-13-agosto-2026.webp 1080w\" sizes=\"(max-width: 819px) 100vw, 819px\" \/><\/figure>\n\n\n\n<p>Les premi\u00e8res heures de la <strong>Troisi\u00e8me jour<\/strong> sont confi\u00e9s \u00e0 trois projets \u00e0 d\u00e9couvrir : <strong>Alessandro Fiore<\/strong>, le duo <strong>Bonzo &amp; Belmonte<\/strong> e <strong>Bassoprofile<\/strong>. Trois timbres diff\u00e9rents - singer-songwriter, pop d'auteur, research - qui photographient la sc\u00e8ne \u00e9mergente italienne et calabraise. La pi\u00e8ce de programmation que le <strong>F\u00eate de la couleur<\/strong> a toujours revendiqu\u00e9 : <em>la beaut\u00e9 de la d\u00e9couverte<\/em>.<\/p>\n\n\n\n<h3 class=\"wp-block-heading\" id=\"h-okgiorgio-dj-set-per-un-altra-dimensione\">OKgiorgio dj set - pour une autre dimension<\/h3>\n\n\n\n<figure class=\"wp-block-image aligncenter size-full is-resized\"><img loading=\"lazy\" decoding=\"async\" width=\"720\" height=\"912\" src=\"https:\/\/colorfest.it\/wp-content\/uploads\/2026\/04\/okgiorgio-dj-set-Color-Fest-14-day-3-13-agosto-2026.webp\" alt=\"\" class=\"wp-image-25774\" style=\"width:300px\" srcset=\"https:\/\/colorfest.it\/wp-content\/uploads\/2026\/04\/okgiorgio-dj-set-Color-Fest-14-day-3-13-agosto-2026.webp 720w, https:\/\/colorfest.it\/wp-content\/uploads\/2026\/04\/okgiorgio-dj-set-Color-Fest-14-day-3-13-agosto-2026-237x300.webp 237w, https:\/\/colorfest.it\/wp-content\/uploads\/2026\/04\/okgiorgio-dj-set-Color-Fest-14-day-3-13-agosto-2026-9x12.webp 9w\" sizes=\"(max-width: 720px) 100vw, 720px\" \/><\/figure>\n\n\n\n<p>Fermeture de la <strong>Troisi\u00e8me jour<\/strong> et l'ensemble des <strong>F\u00eate des couleurs 14<\/strong>, le DJ set de <strong>OKgiorgio<\/strong>S\u00e9lection \u00e9clectique, grooves interg\u00e9n\u00e9rationnels, dancefloor ouvert jusqu'\u00e0 tard dans la nuit. C'est le moment o\u00f9 le festival se transforme en danse et o\u00f9 le sable devient le sol d'un club en plein air.<\/p>\n\n\n\n<h2 class=\"wp-block-heading\" id=\"h-dove-quando-come\">O\u00f9, quand, comment<\/h2>\n\n\n\n<ul class=\"wp-block-list\">\n<li><strong>Date :<\/strong> Jeudi <strong>13 ao\u00fbt 2026<\/strong> (Jour 3 de la 14\u00e8me \u00e9dition)<\/li>\n\n\n\n<li><strong>Localisation :<\/strong> <strong>Promenade de Falcone et Borsellino<\/strong> \u2013 <strong>Riviera des couchers de soleil<\/strong>, <strong>Lamezia Terme (CZ)<\/strong><\/li>\n\n\n\n<li><strong>\u00c9dition compl\u00e8te :<\/strong> <strong>11<\/strong>, <strong>12<\/strong> e <strong>13 ao\u00fbt 2026<\/strong><\/li>\n\n\n\n<li><strong>Organisation :<\/strong> <strong>Qu'est-ce qu'un nuage ?<\/strong> (\u00e0 partir de <strong>2012<\/strong>)<\/li>\n<\/ul>\n\n\n\n<h2 class=\"wp-block-heading\" id=\"h-abbonamenti-in-esaurimento\">Les abonnements s'\u00e9puisent<\/h2>\n\n\n\n<p>Le <strong>abonnements<\/strong> pour les <strong>trois jours<\/strong> de <strong>F\u00eate des couleurs 14<\/strong> sont <strong>s'enfuir<\/strong>. La carte journali\u00e8re pour le <strong>Jour 3 du 13 ao\u00fbt<\/strong> et des forfaits de deux ou trois jours sont disponibles sur la page officielle des billets, g\u00e9r\u00e9e via <strong>DICE<\/strong>.<\/p>\n\n\n\n<div class=\"wp-block-buttons is-layout-flex wp-block-buttons-is-layout-flex\">\n<div class=\"wp-block-button\"><a class=\"wp-block-button__link has-vivid-cyan-blue-background-color has-background wp-element-button\" href=\"https:\/\/colorfest.it\/fr\/billets-info\/\"><strong>Achetez votre billet<\/strong><\/a><\/div>\n<\/div>\n\n\n\n<h2 class=\"wp-block-heading\" id=\"h-cosa-aspettarsi-dalla-day-3\">Ce que l'on peut attendre du troisi\u00e8me jour<\/h2>\n\n\n\n<p>La <strong>Troisi\u00e8me jour<\/strong> de <strong>F\u00eate des couleurs 14<\/strong> est le plus <strong>physique<\/strong> e <strong>chorale<\/strong> de l'\u00e9dition : une transition continue entre la chanson italienne, le post-punk anglais, les rituels m\u00e9diterran\u00e9ens et la recherche \u00e9lectronique, cl\u00f4tur\u00e9e par un DJ set qui accompagne le festival jusqu'\u00e0 une heure tardive. C'est la meilleure fa\u00e7on de dire au revoir au festival. <strong>13 ao\u00fbt<\/strong> sur <strong>Promenade de Falcone et Borsellino<\/strong> - et de comprendre pourquoi \u00e0 partir de <strong>quatorze ans<\/strong> les <strong>F\u00eate de la couleur<\/strong> reste l'un des \u00e9v\u00e9nements les plus respect\u00e9s de la sc\u00e8ne ind\u00e9pendante italienne.<\/p>\n\n\n\n<div class=\"wp-block-webfactory-map\"><div class=\"wp-block-webfactory-map\"><iframe title=\"Carte\" width=\"100%\" height=\"300px\" src=\"https:\/\/www.google.com\/maps\/embed\/v1\/place?q=color%20fest&amp;maptype=roadmap&amp;zoom=10&amp;key=AIzaSyCkZ4OiAzwxwAIPSAuUNABhKJKgbafAfnY\" frameborder=\"0\"><\/iframe><\/div><\/div>","protected":false},"excerpt":{"rendered":"<p>La XIV edizione del Color Fest si chiude gioved\u00ec 13 agosto 2026 sulla Riviera dei Tramonti di Lamezia Terme. \u00c8 la Day 3: la giornata pi\u00f9 fisica e corale dell&#8217;edizione, fra cantautorato d&#8217;autore, post-punk inglese, ricerca elettronica e una chiusura in dj set che porta l&#8217;alba sul lungomare. Summer on a Solitary Beach finisce qui. [&hellip;]<\/p>\n","protected":false},"author":7,"featured_media":25773,"comment_status":"closed","ping_status":"closed","sticky":false,"template":"","format":"standard","meta":{"_acf_changed":false,"footnotes":""},"categories":[1],"tags":[],"class_list":["post-25772","post","type-post","status-publish","format-standard","has-post-thumbnail","hentry","category-color-fest"],"acf":[],"yoast_head":"<!-- This site is optimized with the Yoast SEO Premium plugin v27.3 (Yoast SEO v27.4) - https:\/\/yoast.com\/product\/yoast-seo-premium-wordpress\/ -->\n<title>Color Fest 14, 13 agosto: Django Django, La Ni\u00f1a e la Day 3<\/title>\n<meta name=\"description\" content=\"Il 13 agosto 2026 il Color Fest 14 chiude sulla Riviera dei Tramonti con Django Django, La Ni\u00f1a, Dimartino, Deadletter, Mai Mai Mai e il dj set di OKgiorgio.\" \/>\n<meta name=\"robots\" content=\"index, follow, max-snippet:-1, max-image-preview:large, max-video-preview:-1\" \/>\n<link rel=\"canonical\" href=\"https:\/\/colorfest.it\/fr\/fete-des-couleurs-14-13-aout-jour-3\/\" \/>\n<meta property=\"og:locale\" content=\"fr_FR\" \/>\n<meta property=\"og:type\" content=\"article\" \/>\n<meta property=\"og:title\" content=\"Color Fest 14, 13 agosto: Django Django, La Ni\u00f1a e la Day 3\" \/>\n<meta property=\"og:description\" content=\"Color Fest - Festival di Musica, dal 2013 punto di riferimento per la musica dal vivo &gt;&gt; 11 - 12 - 13 Agosto 2026 Lungomare Falcone Borsellino.\" \/>\n<meta property=\"og:url\" content=\"https:\/\/colorfest.it\/fr\/fete-des-couleurs-14-13-aout-jour-3\/\" \/>\n<meta property=\"og:site_name\" content=\"Color Fest - Festival di Musica | 11 - 12 - 13 Agosto 2026 | in Calabria\" \/>\n<meta property=\"article:publisher\" content=\"http:\/\/facebook.com\/colorfestlamezia\/\" \/>\n<meta property=\"article:published_time\" content=\"2026-04-24T18:08:04+00:00\" \/>\n<meta property=\"article:modified_time\" content=\"2026-04-24T18:09:55+00:00\" \/>\n<meta property=\"og:image\" content=\"https:\/\/colorfest.it\/wp-content\/uploads\/2026\/04\/tutto-quello-che-potrai-vedere-il-13-agosto-2026-Color-Fest-14.webp\" \/>\n\t<meta property=\"og:image:width\" content=\"1080\" \/>\n\t<meta property=\"og:image:height\" content=\"1350\" \/>\n\t<meta property=\"og:image:type\" content=\"image\/webp\" \/>\n<meta name=\"author\" content=\"Salvatore Bilotti\" \/>\n<meta name=\"twitter:card\" content=\"summary_large_image\" \/>\n<meta name=\"twitter:label1\" content=\"\u00c9crit par\" \/>\n\t<meta name=\"twitter:data1\" content=\"Salvatore Bilotti\" \/>\n\t<meta name=\"twitter:label2\" content=\"Dur\u00e9e de lecture estim\u00e9e\" \/>\n\t<meta name=\"twitter:data2\" content=\"6 minutes\" \/>\n<script type=\"application\/ld+json\" class=\"yoast-schema-graph\">{\"@context\":\"https:\\\/\\\/schema.org\",\"@graph\":[{\"@type\":\"Article\",\"@id\":\"https:\\\/\\\/colorfest.it\\\/color-fest-14-13-agosto-day-3\\\/#article\",\"isPartOf\":{\"@id\":\"https:\\\/\\\/colorfest.it\\\/color-fest-14-13-agosto-day-3\\\/\"},\"author\":{\"name\":\"Salvatore Bilotti\",\"@id\":\"https:\\\/\\\/colorfest.it\\\/#\\\/schema\\\/person\\\/174195bbe9c056259e2ca3e13087d54b\"},\"headline\":\"Color Fest 14, 13 agosto: Django Django, La Ni\u00f1a e la Day 3\",\"datePublished\":\"2026-04-24T18:08:04+00:00\",\"dateModified\":\"2026-04-24T18:09:55+00:00\",\"mainEntityOfPage\":{\"@id\":\"https:\\\/\\\/colorfest.it\\\/color-fest-14-13-agosto-day-3\\\/\"},\"wordCount\":698,\"publisher\":{\"@id\":\"https:\\\/\\\/colorfest.it\\\/#organization\"},\"image\":{\"@id\":\"https:\\\/\\\/colorfest.it\\\/color-fest-14-13-agosto-day-3\\\/#primaryimage\"},\"thumbnailUrl\":\"https:\\\/\\\/colorfest.it\\\/wp-content\\\/uploads\\\/2026\\\/04\\\/tutto-quello-che-potrai-vedere-il-13-agosto-2026-Color-Fest-14.webp\",\"articleSection\":[\"Color Fest\"],\"inLanguage\":\"fr-FR\"},{\"@type\":\"WebPage\",\"@id\":\"https:\\\/\\\/colorfest.it\\\/color-fest-14-13-agosto-day-3\\\/\",\"url\":\"https:\\\/\\\/colorfest.it\\\/color-fest-14-13-agosto-day-3\\\/\",\"name\":\"Color Fest 14, 13 agosto: Django Django, La Ni\u00f1a e la Day 3\",\"isPartOf\":{\"@id\":\"https:\\\/\\\/colorfest.it\\\/#website\"},\"primaryImageOfPage\":{\"@id\":\"https:\\\/\\\/colorfest.it\\\/color-fest-14-13-agosto-day-3\\\/#primaryimage\"},\"image\":{\"@id\":\"https:\\\/\\\/colorfest.it\\\/color-fest-14-13-agosto-day-3\\\/#primaryimage\"},\"thumbnailUrl\":\"https:\\\/\\\/colorfest.it\\\/wp-content\\\/uploads\\\/2026\\\/04\\\/tutto-quello-che-potrai-vedere-il-13-agosto-2026-Color-Fest-14.webp\",\"datePublished\":\"2026-04-24T18:08:04+00:00\",\"dateModified\":\"2026-04-24T18:09:55+00:00\",\"description\":\"Il 13 agosto 2026 il Color Fest 14 chiude sulla Riviera dei Tramonti con Django Django, La Ni\u00f1a, Dimartino, Deadletter, Mai Mai Mai e il dj set di OKgiorgio.\",\"breadcrumb\":{\"@id\":\"https:\\\/\\\/colorfest.it\\\/color-fest-14-13-agosto-day-3\\\/#breadcrumb\"},\"inLanguage\":\"fr-FR\",\"potentialAction\":[{\"@type\":\"ReadAction\",\"target\":[\"https:\\\/\\\/colorfest.it\\\/color-fest-14-13-agosto-day-3\\\/\"]}]},{\"@type\":\"ImageObject\",\"inLanguage\":\"fr-FR\",\"@id\":\"https:\\\/\\\/colorfest.it\\\/color-fest-14-13-agosto-day-3\\\/#primaryimage\",\"url\":\"https:\\\/\\\/colorfest.it\\\/wp-content\\\/uploads\\\/2026\\\/04\\\/tutto-quello-che-potrai-vedere-il-13-agosto-2026-Color-Fest-14.webp\",\"contentUrl\":\"https:\\\/\\\/colorfest.it\\\/wp-content\\\/uploads\\\/2026\\\/04\\\/tutto-quello-che-potrai-vedere-il-13-agosto-2026-Color-Fest-14.webp\",\"width\":1080,\"height\":1350,\"caption\":\"tutto quello che potrai vedere il 13 agosto 2026 Color Fest 14\"},{\"@type\":\"BreadcrumbList\",\"@id\":\"https:\\\/\\\/colorfest.it\\\/color-fest-14-13-agosto-day-3\\\/#breadcrumb\",\"itemListElement\":[{\"@type\":\"ListItem\",\"position\":1,\"name\":\"Home\",\"item\":\"https:\\\/\\\/colorfest.it\\\/\"},{\"@type\":\"ListItem\",\"position\":2,\"name\":\"Color Fest 14, 13 agosto: Django Django, La Ni\u00f1a e la Day 3\"}]},{\"@type\":\"WebSite\",\"@id\":\"https:\\\/\\\/colorfest.it\\\/#website\",\"url\":\"https:\\\/\\\/colorfest.it\\\/\",\"name\":\"Color Fest - Festival di Musica | 11 - 12 - 13 Agosto 2026 | in Calabria\",\"description\":\"Color Fest - Festival di Musica, dal 2013 punto di riferimento per la musica dal vivo &gt;&gt; 11 - 12 - 13 Agosto 2026 Lungomare Falcone Borsellino.\",\"publisher\":{\"@id\":\"https:\\\/\\\/colorfest.it\\\/#organization\"},\"alternateName\":\"Color Fest - Festival di Musica | 11 - 12 - 13 Agosto 2026 @Lungomare Falcone Borsellino\",\"potentialAction\":[{\"@type\":\"SearchAction\",\"target\":{\"@type\":\"EntryPoint\",\"urlTemplate\":\"https:\\\/\\\/colorfest.it\\\/?s={search_term_string}\"},\"query-input\":{\"@type\":\"PropertyValueSpecification\",\"valueRequired\":true,\"valueName\":\"search_term_string\"}}],\"inLanguage\":\"fr-FR\"},{\"@type\":\"Organization\",\"@id\":\"https:\\\/\\\/colorfest.it\\\/#organization\",\"name\":\"Che cosa sono le nuvole APS\",\"alternateName\":\"Color Fest\",\"url\":\"https:\\\/\\\/colorfest.it\\\/\",\"logo\":{\"@type\":\"ImageObject\",\"inLanguage\":\"fr-FR\",\"@id\":\"https:\\\/\\\/colorfest.it\\\/#\\\/schema\\\/logo\\\/image\\\/\",\"url\":\"https:\\\/\\\/colorfest.it\\\/wp-content\\\/uploads\\\/2022\\\/03\\\/checosasonolenuvole.png\",\"contentUrl\":\"https:\\\/\\\/colorfest.it\\\/wp-content\\\/uploads\\\/2022\\\/03\\\/checosasonolenuvole.png\",\"width\":952,\"height\":844,\"caption\":\"Che cosa sono le nuvole APS\"},\"image\":{\"@id\":\"https:\\\/\\\/colorfest.it\\\/#\\\/schema\\\/logo\\\/image\\\/\"},\"sameAs\":[\"http:\\\/\\\/facebook.com\\\/colorfestlamezia\\\/\",\"http:\\\/\\\/instagram.com\\\/color_fest_\\\/\",\"https:\\\/\\\/www.linkedin.com\\\/company\\\/color-fest\\\/\"],\"description\":\"Color Fest - Festival di Musica, dal 2013 punto di riferimento per la musica dal vivo >> 11 - 12 - 13 Agosto 2026 Lungomare Falcone Borsellino.\",\"email\":\"scrivi@colorfest.it\",\"legalName\":\"Che cosa sono le nuvole APS\",\"foundingDate\":\"2012-10-12\",\"vatID\":\"03309120792\",\"taxID\":\"92029190797\",\"numberOfEmployees\":{\"@type\":\"QuantitativeValue\",\"minValue\":\"11\",\"maxValue\":\"50\"}},{\"@type\":\"Person\",\"@id\":\"https:\\\/\\\/colorfest.it\\\/#\\\/schema\\\/person\\\/174195bbe9c056259e2ca3e13087d54b\",\"name\":\"Salvatore Bilotti\",\"image\":{\"@type\":\"ImageObject\",\"inLanguage\":\"fr-FR\",\"@id\":\"https:\\\/\\\/secure.gravatar.com\\\/avatar\\\/ffea54082f2805c177a23aec9bc4121df09c213e6ca8fda40be720241c65e38e?s=96&d=mm&r=g\",\"url\":\"https:\\\/\\\/secure.gravatar.com\\\/avatar\\\/ffea54082f2805c177a23aec9bc4121df09c213e6ca8fda40be720241c65e38e?s=96&d=mm&r=g\",\"contentUrl\":\"https:\\\/\\\/secure.gravatar.com\\\/avatar\\\/ffea54082f2805c177a23aec9bc4121df09c213e6ca8fda40be720241c65e38e?s=96&d=mm&r=g\",\"caption\":\"Salvatore Bilotti\"}}]}<\/script>\n<!-- \/ Yoast SEO Premium plugin. -->","yoast_head_json":{"title":"Color Fest 14, 13 ao\u00fbt : Django Django, La Ni\u00f1a et Day 3","description":"Le 13 ao\u00fbt 2026, le Color Fest 14 se termine sur la Riviera dei Tramonti avec Django Django, La Ni\u00f1a, Dimartino, Deadletter, Mai Mai et le DJ set d'OKgiorgio.","robots":{"index":"index","follow":"follow","max-snippet":"max-snippet:-1","max-image-preview":"max-image-preview:large","max-video-preview":"max-video-preview:-1"},"canonical":"https:\/\/colorfest.it\/fr\/fete-des-couleurs-14-13-aout-jour-3\/","og_locale":"fr_FR","og_type":"article","og_title":"Color Fest 14, 13 agosto: Django Django, La Ni\u00f1a e la Day 3","og_description":"Color Fest - Festival di Musica, dal 2013 punto di riferimento per la musica dal vivo >> 11 - 12 - 13 Agosto 2026 Lungomare Falcone Borsellino.","og_url":"https:\/\/colorfest.it\/fr\/fete-des-couleurs-14-13-aout-jour-3\/","og_site_name":"Color Fest - Festival di Musica | 11 - 12 - 13 Agosto 2026 | in Calabria","article_publisher":"http:\/\/facebook.com\/colorfestlamezia\/","article_published_time":"2026-04-24T18:08:04+00:00","article_modified_time":"2026-04-24T18:09:55+00:00","og_image":[{"width":1080,"height":1350,"url":"https:\/\/colorfest.it\/wp-content\/uploads\/2026\/04\/tutto-quello-che-potrai-vedere-il-13-agosto-2026-Color-Fest-14.webp","type":"image\/webp"}],"author":"Salvatore Bilotti","twitter_card":"summary_large_image","twitter_misc":{"\u00c9crit par":"Salvatore Bilotti","Dur\u00e9e de lecture estim\u00e9e":"6 minutes"},"schema":{"@context":"https:\/\/schema.org","@graph":[{"@type":"Article","@id":"https:\/\/colorfest.it\/color-fest-14-13-agosto-day-3\/#article","isPartOf":{"@id":"https:\/\/colorfest.it\/color-fest-14-13-agosto-day-3\/"},"author":{"name":"Salvatore Bilotti","@id":"https:\/\/colorfest.it\/#\/schema\/person\/174195bbe9c056259e2ca3e13087d54b"},"headline":"Color Fest 14, 13 agosto: Django Django, La Ni\u00f1a e la Day 3","datePublished":"2026-04-24T18:08:04+00:00","dateModified":"2026-04-24T18:09:55+00:00","mainEntityOfPage":{"@id":"https:\/\/colorfest.it\/color-fest-14-13-agosto-day-3\/"},"wordCount":698,"publisher":{"@id":"https:\/\/colorfest.it\/#organization"},"image":{"@id":"https:\/\/colorfest.it\/color-fest-14-13-agosto-day-3\/#primaryimage"},"thumbnailUrl":"https:\/\/colorfest.it\/wp-content\/uploads\/2026\/04\/tutto-quello-che-potrai-vedere-il-13-agosto-2026-Color-Fest-14.webp","articleSection":["Color Fest"],"inLanguage":"fr-FR"},{"@type":"WebPage","@id":"https:\/\/colorfest.it\/color-fest-14-13-agosto-day-3\/","url":"https:\/\/colorfest.it\/color-fest-14-13-agosto-day-3\/","name":"Color Fest 14, 13 ao\u00fbt : Django Django, La Ni\u00f1a et Day 3","isPartOf":{"@id":"https:\/\/colorfest.it\/#website"},"primaryImageOfPage":{"@id":"https:\/\/colorfest.it\/color-fest-14-13-agosto-day-3\/#primaryimage"},"image":{"@id":"https:\/\/colorfest.it\/color-fest-14-13-agosto-day-3\/#primaryimage"},"thumbnailUrl":"https:\/\/colorfest.it\/wp-content\/uploads\/2026\/04\/tutto-quello-che-potrai-vedere-il-13-agosto-2026-Color-Fest-14.webp","datePublished":"2026-04-24T18:08:04+00:00","dateModified":"2026-04-24T18:09:55+00:00","description":"Le 13 ao\u00fbt 2026, le Color Fest 14 se termine sur la Riviera dei Tramonti avec Django Django, La Ni\u00f1a, Dimartino, Deadletter, Mai Mai et le DJ set d'OKgiorgio.","breadcrumb":{"@id":"https:\/\/colorfest.it\/color-fest-14-13-agosto-day-3\/#breadcrumb"},"inLanguage":"fr-FR","potentialAction":[{"@type":"ReadAction","target":["https:\/\/colorfest.it\/color-fest-14-13-agosto-day-3\/"]}]},{"@type":"ImageObject","inLanguage":"fr-FR","@id":"https:\/\/colorfest.it\/color-fest-14-13-agosto-day-3\/#primaryimage","url":"https:\/\/colorfest.it\/wp-content\/uploads\/2026\/04\/tutto-quello-che-potrai-vedere-il-13-agosto-2026-Color-Fest-14.webp","contentUrl":"https:\/\/colorfest.it\/wp-content\/uploads\/2026\/04\/tutto-quello-che-potrai-vedere-il-13-agosto-2026-Color-Fest-14.webp","width":1080,"height":1350,"caption":"tutto quello che potrai vedere il 13 agosto 2026 Color Fest 14"},{"@type":"BreadcrumbList","@id":"https:\/\/colorfest.it\/color-fest-14-13-agosto-day-3\/#breadcrumb","itemListElement":[{"@type":"ListItem","position":1,"name":"Home","item":"https:\/\/colorfest.it\/"},{"@type":"ListItem","position":2,"name":"Color Fest 14, 13 agosto: Django Django, La Ni\u00f1a e la Day 3"}]},{"@type":"WebSite","@id":"https:\/\/colorfest.it\/#website","url":"https:\/\/colorfest.it\/","name":"Color Fest - Festival de musique | 11 - 12 - 13 ao\u00fbt 2026 | en Calabre","description":"Color Fest - Festival de musique, depuis 2013 un point de r\u00e9f\u00e9rence pour la musique live &gt;&gt; 11 - 12 - 13 ao\u00fbt 2026 Lungomare Falcone Borsellino","publisher":{"@id":"https:\/\/colorfest.it\/#organization"},"alternateName":"Color Fest - Festival di Musica | 11 - 12 - 13 Agosto 2026 @Lungomare Falcone Borsellino","potentialAction":[{"@type":"SearchAction","target":{"@type":"EntryPoint","urlTemplate":"https:\/\/colorfest.it\/?s={search_term_string}"},"query-input":{"@type":"PropertyValueSpecification","valueRequired":true,"valueName":"search_term_string"}}],"inLanguage":"fr-FR"},{"@type":"Organization","@id":"https:\/\/colorfest.it\/#organization","name":"Que sont les nuages APS","alternateName":"Color Fest","url":"https:\/\/colorfest.it\/","logo":{"@type":"ImageObject","inLanguage":"fr-FR","@id":"https:\/\/colorfest.it\/#\/schema\/logo\/image\/","url":"https:\/\/colorfest.it\/wp-content\/uploads\/2022\/03\/checosasonolenuvole.png","contentUrl":"https:\/\/colorfest.it\/wp-content\/uploads\/2022\/03\/checosasonolenuvole.png","width":952,"height":844,"caption":"Che cosa sono le nuvole APS"},"image":{"@id":"https:\/\/colorfest.it\/#\/schema\/logo\/image\/"},"sameAs":["http:\/\/facebook.com\/colorfestlamezia\/","http:\/\/instagram.com\/color_fest_\/","https:\/\/www.linkedin.com\/company\/color-fest\/"],"description":"Color Fest - Festival de musique, depuis 2013 un point de r\u00e9f\u00e9rence pour la musique live &gt;&gt; 11 - 12 - 13 ao\u00fbt 2026 Lungomare Falcone Borsellino","email":"scrivi@colorfest.it","legalName":"Che cosa sono le nuvole APS","foundingDate":"2012-10-12","vatID":"03309120792","taxID":"92029190797","numberOfEmployees":{"@type":"QuantitativeValue","minValue":"11","maxValue":"50"}},{"@type":"Person","@id":"https:\/\/colorfest.it\/#\/schema\/person\/174195bbe9c056259e2ca3e13087d54b","name":"Salvatore Bilotti","image":{"@type":"ImageObject","inLanguage":"fr-FR","@id":"https:\/\/secure.gravatar.com\/avatar\/ffea54082f2805c177a23aec9bc4121df09c213e6ca8fda40be720241c65e38e?s=96&d=mm&r=g","url":"https:\/\/secure.gravatar.com\/avatar\/ffea54082f2805c177a23aec9bc4121df09c213e6ca8fda40be720241c65e38e?s=96&d=mm&r=g","contentUrl":"https:\/\/secure.gravatar.com\/avatar\/ffea54082f2805c177a23aec9bc4121df09c213e6ca8fda40be720241c65e38e?s=96&d=mm&r=g","caption":"Salvatore Bilotti"}}]}},"_links":{"self":[{"href":"https:\/\/colorfest.it\/fr\/wp-json\/wp\/v2\/posts\/25772","targetHints":{"allow":["GET"]}}],"collection":[{"href":"https:\/\/colorfest.it\/fr\/wp-json\/wp\/v2\/posts"}],"about":[{"href":"https:\/\/colorfest.it\/fr\/wp-json\/wp\/v2\/types\/post"}],"author":[{"embeddable":true,"href":"https:\/\/colorfest.it\/fr\/wp-json\/wp\/v2\/users\/7"}],"replies":[{"embeddable":true,"href":"https:\/\/colorfest.it\/fr\/wp-json\/wp\/v2\/comments?post=25772"}],"version-history":[{"count":0,"href":"https:\/\/colorfest.it\/fr\/wp-json\/wp\/v2\/posts\/25772\/revisions"}],"wp:featuredmedia":[{"embeddable":true,"href":"https:\/\/colorfest.it\/fr\/wp-json\/wp\/v2\/media\/25773"}],"wp:attachment":[{"href":"https:\/\/colorfest.it\/fr\/wp-json\/wp\/v2\/media?parent=25772"}],"wp:term":[{"taxonomy":"category","embeddable":true,"href":"https:\/\/colorfest.it\/fr\/wp-json\/wp\/v2\/categories?post=25772"},{"taxonomy":"post_tag","embeddable":true,"href":"https:\/\/colorfest.it\/fr\/wp-json\/wp\/v2\/tags?post=25772"}],"curies":[{"name":"wp","href":"https:\/\/api.w.org\/{rel}","templated":true}]}}