{"id":25496,"date":"2026-04-10T13:00:00","date_gmt":"2026-04-10T11:00:00","guid":{"rendered":"https:\/\/colorfest.it\/?p=25496"},"modified":"2026-04-09T17:41:27","modified_gmt":"2026-04-09T15:41:27","slug":"colour-fest-x-gogobo-concert-gratuit-le-1er-mai-a-bologne-parco-della-montagnola","status":"publish","type":"post","link":"https:\/\/colorfest.it\/fr\/color-fest-x-gogobo-concerto-gratuito-il-1-maggio-a-bologna-parco-della-montagnola\/","title":{"rendered":"Color Fest x GoGoBo : concert gratuit le 1er mai \u00e0 Bologne, Parco della Montagnola"},"content":{"rendered":"<p>Le site <strong>1er mai 2026<\/strong>, trois r\u00e9alit\u00e9s de la sc\u00e8ne ind\u00e9pendante italienne se r\u00e9unissent pour une journ\u00e9e sp\u00e9ciale : <strong>F\u00eate de la couleur<\/strong>, <strong>GoGoBo<\/strong> e <strong>R\u00e9publique de Montagnola<\/strong> ensemble une c\u00e9l\u00e9bration de la musique, de la communaut\u00e9 et de la solidarit\u00e9 au c\u0153ur de la ville. <strong>Bologne<\/strong>, \u00e0 <strong>Parc Montagnola<\/strong>. Concerts, DJ sets, espace restauration, le tout entour\u00e9 de verdure. Au <strong>Entr\u00e9e gratuite<\/strong>.<\/p>\n\n\n\n<figure class=\"wp-block-image alignleft size-large is-resized\"><img fetchpriority=\"high\" decoding=\"async\" width=\"819\" height=\"1024\" src=\"https:\/\/colorfest.it\/wp-content\/uploads\/2026\/04\/Locandina-1-maggio-Color-Fest-Bolgona-819x1024.webp\" alt=\"Affiche 1 mai Color Fest - Bolgona\" class=\"wp-image-25500\" style=\"aspect-ratio:0.7998125439350152;width:405px;height:auto\" srcset=\"https:\/\/colorfest.it\/wp-content\/uploads\/2026\/04\/Locandina-1-maggio-Color-Fest-Bolgona-819x1024.webp 819w, https:\/\/colorfest.it\/wp-content\/uploads\/2026\/04\/Locandina-1-maggio-Color-Fest-Bolgona-240x300.webp 240w, https:\/\/colorfest.it\/wp-content\/uploads\/2026\/04\/Locandina-1-maggio-Color-Fest-Bolgona-768x960.webp 768w, https:\/\/colorfest.it\/wp-content\/uploads\/2026\/04\/Locandina-1-maggio-Color-Fest-Bolgona-10x12.webp 10w, https:\/\/colorfest.it\/wp-content\/uploads\/2026\/04\/Locandina-1-maggio-Color-Fest-Bolgona.webp 1080w\" sizes=\"(max-width: 819px) 100vw, 819px\" \/><figcaption class=\"wp-element-caption\">Affiche 1 mai Color Fest - Bolgona<\/figcaption><\/figure>\n\n\n\n<h2 class=\"wp-block-heading\" id=\"h-due-festival-insieme-un-luogo-simbolo\">Deux festivals ensemble, un point de rep\u00e8re<\/h2>\n\n\n\n<p>Deux festivals importants de la sc\u00e8ne ind\u00e9pendante italienne s'associent \u00e0 Bologne, avec <strong>R\u00e9publique de Montagnola<\/strong> e <strong>Arci<\/strong>, dans un lieu embl\u00e9matique de la ville. Le Parco della Montagnola, un poumon vert historique situ\u00e9 dans le centre de Bologne, devient pour un jour la sc\u00e8ne d'un festival de musique. <strong>journ\u00e9e de musique au vert, pour le travail<\/strong>, pour c\u00e9l\u00e9brer le 1er mai avec le langage que Color Fest et GoGoBo connaissent le mieux : musique live, communaut\u00e9, d\u00e9couverte.<\/p>\n\n\n\n<h2 class=\"wp-block-heading\" id=\"h-la-lineup-concerti-e-dj-set-dalle-12-00-alle-23-30\">Au programme : concerts et DJ sets de 12h00 \u00e0 23h30<\/h2>\n\n\n\n<p>Au <strong>deux \u00e9tapes<\/strong>, De midi \u00e0 la nuit, quinze artistes et projets musicaux repr\u00e9sentant le meilleur de la sc\u00e8ne ind\u00e9pendante italienne contemporaine se relaieront :<\/p>\n\n\n\n<p><strong>Amour audio<\/strong> \u00b7 <strong>Clap ! Clap !<\/strong> \u00b7 <strong>Aeneas Pascal<\/strong> \u00b7 <strong>Eva Bloo<\/strong> \u00b7 <strong>Gaia Rollo<\/strong> \u00b7 <strong>Ordinateurs Godbless<\/strong> DJ set - <strong>Juni<\/strong> \u00b7 <strong>Leonar<\/strong> \u00b7 <strong>Max Collini<\/strong> \u00b7 <strong>Mile<\/strong> \u00b7 <strong>RIP<\/strong> \u00b7 <strong>Synthear<\/strong> \u00b7 <strong>Trop de Kimberly \u00e0 Senzaacquagym<\/strong> \u00b7 <strong>Whitemary<\/strong> set de dj<\/p>\n\n\n\n<p>Un programme allant des productions \u00e9lectroniques aux productions mondiales de <strong>Clap ! Clap !<\/strong>, par la voix de <strong>Mile<\/strong> \u00e0 l'univers sonore de <strong>Whitemary<\/strong>, de la parole po\u00e9tique de <strong>Max Collini<\/strong> aux nouvelles propositions les plus int\u00e9ressantes de la sc\u00e8ne italienne. S'allonger dans la verdure, danser sous la sc\u00e8ne ou se d\u00e9tendre dans l'espace restauration : \u00e0 vous de choisir comment vous voulez vivre la journ\u00e9e.<\/p>\n\n\n\n<h2 class=\"wp-block-heading\" id=\"h-come-funziona\">Comment cela fonctionne-t-il ?<\/h2>\n\n\n\n<p>Les r\u00e8gles sont simples : <strong>de 12h00 \u00e0 23h30<\/strong>, concerts et DJ sets sur deux sc\u00e8nes dans le magnifique espace Montagnola. <strong>L'entr\u00e9e est totalement gratuite.<\/strong> Un espace restauration et boissons accompagnera la journ\u00e9e, le tout entour\u00e9 de la verdure de l'un des parcs les plus appr\u00e9ci\u00e9s de Bologne.<\/p>\n\n\n\n<h2 class=\"wp-block-heading\" id=\"h-partecipa-con-noi-raccolta-fondi-per-la-calabria\">Rejoignez-nous : collecte de fonds pour la Calabre<\/h2>\n\n\n\n<p>La journ\u00e9e du 1er mai ne sera pas uniquement consacr\u00e9e \u00e0 la musique. Pendant l'\u00e9v\u00e9nement, il sera possible <strong>contribuer \u00e0 une collecte de fonds pour soutenir les travailleurs touch\u00e9s par l'ouragan en Calabre<\/strong>. Un geste concret de solidarit\u00e9 alliant la f\u00eate \u00e0 la responsabilit\u00e9, la musique \u00e0 l'engagement - dans l'esprit qui a toujours anim\u00e9 le Color Fest, GoGoBo et leur communaut\u00e9.<\/p>\n\n\n\n<figure class=\"wp-block-gallery has-nested-images columns-default is-cropped wp-block-gallery-1 is-layout-flex wp-block-gallery-is-layout-flex\">\n<figure class=\"wp-block-image size-large\"><img decoding=\"async\" width=\"819\" height=\"1024\" data-id=\"25499\" src=\"https:\/\/colorfest.it\/wp-content\/uploads\/2026\/04\/Fase-1-primo-maggio-819x1024.webp\" alt=\"\" class=\"wp-image-25499\" srcset=\"https:\/\/colorfest.it\/wp-content\/uploads\/2026\/04\/Fase-1-primo-maggio-819x1024.webp 819w, https:\/\/colorfest.it\/wp-content\/uploads\/2026\/04\/Fase-1-primo-maggio-240x300.webp 240w, https:\/\/colorfest.it\/wp-content\/uploads\/2026\/04\/Fase-1-primo-maggio-768x960.webp 768w, https:\/\/colorfest.it\/wp-content\/uploads\/2026\/04\/Fase-1-primo-maggio-10x12.webp 10w, https:\/\/colorfest.it\/wp-content\/uploads\/2026\/04\/Fase-1-primo-maggio.webp 1080w\" sizes=\"(max-width: 819px) 100vw, 819px\" \/><\/figure>\n\n\n\n<figure class=\"wp-block-image size-large\"><img decoding=\"async\" width=\"819\" height=\"1024\" data-id=\"25498\" src=\"https:\/\/colorfest.it\/wp-content\/uploads\/2026\/04\/Fase-2-primo-maggio-819x1024.webp\" alt=\"\" class=\"wp-image-25498\" srcset=\"https:\/\/colorfest.it\/wp-content\/uploads\/2026\/04\/Fase-2-primo-maggio-819x1024.webp 819w, https:\/\/colorfest.it\/wp-content\/uploads\/2026\/04\/Fase-2-primo-maggio-240x300.webp 240w, https:\/\/colorfest.it\/wp-content\/uploads\/2026\/04\/Fase-2-primo-maggio-768x960.webp 768w, https:\/\/colorfest.it\/wp-content\/uploads\/2026\/04\/Fase-2-primo-maggio-10x12.webp 10w, https:\/\/colorfest.it\/wp-content\/uploads\/2026\/04\/Fase-2-primo-maggio.webp 1080w\" sizes=\"(max-width: 819px) 100vw, 819px\" \/><\/figure>\n\n\n\n<figure class=\"wp-block-image size-large\"><img loading=\"lazy\" decoding=\"async\" width=\"819\" height=\"1024\" data-id=\"25497\" src=\"https:\/\/colorfest.it\/wp-content\/uploads\/2026\/04\/Fase-3-primo-maggio-819x1024.webp\" alt=\"\" class=\"wp-image-25497\" srcset=\"https:\/\/colorfest.it\/wp-content\/uploads\/2026\/04\/Fase-3-primo-maggio-819x1024.webp 819w, https:\/\/colorfest.it\/wp-content\/uploads\/2026\/04\/Fase-3-primo-maggio-240x300.webp 240w, https:\/\/colorfest.it\/wp-content\/uploads\/2026\/04\/Fase-3-primo-maggio-768x960.webp 768w, https:\/\/colorfest.it\/wp-content\/uploads\/2026\/04\/Fase-3-primo-maggio-10x12.webp 10w, https:\/\/colorfest.it\/wp-content\/uploads\/2026\/04\/Fase-3-primo-maggio.webp 1080w\" sizes=\"(max-width: 819px) 100vw, 819px\" \/><\/figure>\n<\/figure>\n\n\n\n<h2 class=\"wp-block-heading\" id=\"h-info-pratiche\">Informations pratiques<\/h2>\n\n\n\n<p><strong>Quoi ?<\/strong> Color Fest x GoGoBo x Montagnola Republic - Concerts, DJ sets, food &amp; drink area<br><strong>Quand :<\/strong> 1er mai 2026, de 12h00 \u00e0 23h30<br><strong>O\u00f9 ?<\/strong> Parc Montagnola, Bologne<br><strong>Entr\u00e9e :<\/strong> gratuit<br><strong>Organisation :<\/strong> Montagnola Bologna, Arci Bologna, Millenium Club, Arcadia<\/p>\n\n\n\n<div class=\"wp-block-webfactory-map\"><div class=\"wp-block-webfactory-map\"><iframe title=\"Carte\" width=\"100%\" height=\"300px\" src=\"https:\/\/www.google.com\/maps\/embed\/v1\/place?q=montagnola%20bologna&amp;maptype=roadmap&amp;zoom=10&amp;key=AIzaSyCkZ4OiAzwxwAIPSAuUNABhKJKgbafAfnY\" frameborder=\"0\"><\/iframe><\/div><\/div>\n\n\n\n<p>Et n'oubliez pas : au mois d'ao\u00fbt, la f\u00eate des couleurs revient \u00e0 la maison. <strong>Colour Fest 14 - L'\u00e9t\u00e9 sur une plage solitaire<\/strong>, 11-12-13 ao\u00fbt 2026, Riviera dei Tramonti, Lamezia Terme. <strong><a href=\"https:\/\/colorfest.it\/fr\/billets-info\/\">Billets disponibles sur colourfest.co.uk<\/a><\/strong><\/p>\n\n\n\n<p><\/p>","protected":false},"excerpt":{"rendered":"<p>Il 1\u00b0 maggio 2026, tre realt\u00e0 della scena indipendente italiana si uniscono per una giornata speciale: Color Fest, GoGoBo e Montagnola Republic presentano insieme una festa di musica, comunit\u00e0 e solidariet\u00e0 nel cuore di Bologna, al Parco della Montagnola. Concerti, dj set, area food &amp; drink, immersi nel verde. Ad ingresso gratuito. Due festival insieme, [&hellip;]<\/p>\n","protected":false},"author":7,"featured_media":25500,"comment_status":"closed","ping_status":"closed","sticky":false,"template":"","format":"standard","meta":{"_acf_changed":false,"footnotes":""},"categories":[1,175,176],"tags":[],"class_list":["post-25496","post","type-post","status-publish","format-standard","has-post-thumbnail","hentry","category-color-fest","category-color-fest-14","category-eventi"],"acf":[],"yoast_head":"<!-- This site is optimized with the Yoast SEO Premium plugin v27.3 (Yoast SEO v27.4) - https:\/\/yoast.com\/product\/yoast-seo-premium-wordpress\/ -->\n<title>Color Fest | 11 - 12 - 13 Agosto 2026 | in Calabria<\/title>\n<meta name=\"description\" content=\"Color Fest - Festival di Musica, dal 2013 punto di riferimento per la musica dal vivo &gt;&gt; 11 - 12 - 13 Agosto 2026 Lungomare Falcone Borsellino.\" \/>\n<meta name=\"robots\" content=\"index, follow, max-snippet:-1, max-image-preview:large, max-video-preview:-1\" \/>\n<link rel=\"canonical\" href=\"https:\/\/colorfest.it\/fr\/colour-fest-x-gogobo-concert-gratuit-le-1er-mai-a-bologne-parco-della-montagnola\/\" \/>\n<meta property=\"og:locale\" content=\"fr_FR\" \/>\n<meta property=\"og:type\" content=\"article\" \/>\n<meta property=\"og:title\" content=\"Color Fest x GoGoBo: concerto gratuito il 1\u00b0 maggio a Bologna, Parco della Montagnola\" \/>\n<meta property=\"og:description\" content=\"Color Fest - Festival di Musica, dal 2013 punto di riferimento per la musica dal vivo &gt;&gt; 11 - 12 - 13 Agosto 2026 Lungomare Falcone Borsellino.\" \/>\n<meta property=\"og:url\" content=\"https:\/\/colorfest.it\/fr\/colour-fest-x-gogobo-concert-gratuit-le-1er-mai-a-bologne-parco-della-montagnola\/\" \/>\n<meta property=\"og:site_name\" content=\"Color Fest - Festival di Musica | 11 - 12 - 13 Agosto 2026 | in Calabria\" \/>\n<meta property=\"article:publisher\" content=\"http:\/\/facebook.com\/colorfestlamezia\/\" \/>\n<meta property=\"article:published_time\" content=\"2026-04-10T11:00:00+00:00\" \/>\n<meta property=\"og:image\" content=\"https:\/\/colorfest.it\/wp-content\/uploads\/2026\/04\/Locandina-1-maggio-Color-Fest-Bolgona.webp\" \/>\n\t<meta property=\"og:image:width\" content=\"1080\" \/>\n\t<meta property=\"og:image:height\" content=\"1350\" \/>\n\t<meta property=\"og:image:type\" content=\"image\/webp\" \/>\n<meta name=\"author\" content=\"Salvatore Bilotti\" \/>\n<meta name=\"twitter:card\" content=\"summary_large_image\" \/>\n<meta name=\"twitter:label1\" content=\"\u00c9crit par\" \/>\n\t<meta name=\"twitter:data1\" content=\"Salvatore Bilotti\" \/>\n\t<meta name=\"twitter:label2\" content=\"Dur\u00e9e de lecture estim\u00e9e\" \/>\n\t<meta name=\"twitter:data2\" content=\"4 minutes\" \/>\n<script type=\"application\/ld+json\" class=\"yoast-schema-graph\">{\"@context\":\"https:\\\/\\\/schema.org\",\"@graph\":[{\"@type\":\"Article\",\"@id\":\"https:\\\/\\\/colorfest.it\\\/color-fest-x-gogobo-concerto-gratuito-il-1-maggio-a-bologna-parco-della-montagnola\\\/#article\",\"isPartOf\":{\"@id\":\"https:\\\/\\\/colorfest.it\\\/color-fest-x-gogobo-concerto-gratuito-il-1-maggio-a-bologna-parco-della-montagnola\\\/\"},\"author\":{\"name\":\"Salvatore Bilotti\",\"@id\":\"https:\\\/\\\/colorfest.it\\\/#\\\/schema\\\/person\\\/174195bbe9c056259e2ca3e13087d54b\"},\"headline\":\"Color Fest x GoGoBo: concerto gratuito il 1\u00b0 maggio a Bologna, Parco della Montagnola\",\"datePublished\":\"2026-04-10T11:00:00+00:00\",\"mainEntityOfPage\":{\"@id\":\"https:\\\/\\\/colorfest.it\\\/color-fest-x-gogobo-concerto-gratuito-il-1-maggio-a-bologna-parco-della-montagnola\\\/\"},\"wordCount\":439,\"publisher\":{\"@id\":\"https:\\\/\\\/colorfest.it\\\/#organization\"},\"image\":{\"@id\":\"https:\\\/\\\/colorfest.it\\\/color-fest-x-gogobo-concerto-gratuito-il-1-maggio-a-bologna-parco-della-montagnola\\\/#primaryimage\"},\"thumbnailUrl\":\"https:\\\/\\\/colorfest.it\\\/wp-content\\\/uploads\\\/2026\\\/04\\\/Locandina-1-maggio-Color-Fest-Bolgona.webp\",\"articleSection\":[\"Color Fest\",\"Color Fest 14\",\"Eventi\"],\"inLanguage\":\"fr-FR\"},{\"@type\":\"WebPage\",\"@id\":\"https:\\\/\\\/colorfest.it\\\/color-fest-x-gogobo-concerto-gratuito-il-1-maggio-a-bologna-parco-della-montagnola\\\/\",\"url\":\"https:\\\/\\\/colorfest.it\\\/color-fest-x-gogobo-concerto-gratuito-il-1-maggio-a-bologna-parco-della-montagnola\\\/\",\"name\":\"Color Fest | 11 - 12 - 13 Agosto 2026 | in Calabria\",\"isPartOf\":{\"@id\":\"https:\\\/\\\/colorfest.it\\\/#website\"},\"primaryImageOfPage\":{\"@id\":\"https:\\\/\\\/colorfest.it\\\/color-fest-x-gogobo-concerto-gratuito-il-1-maggio-a-bologna-parco-della-montagnola\\\/#primaryimage\"},\"image\":{\"@id\":\"https:\\\/\\\/colorfest.it\\\/color-fest-x-gogobo-concerto-gratuito-il-1-maggio-a-bologna-parco-della-montagnola\\\/#primaryimage\"},\"thumbnailUrl\":\"https:\\\/\\\/colorfest.it\\\/wp-content\\\/uploads\\\/2026\\\/04\\\/Locandina-1-maggio-Color-Fest-Bolgona.webp\",\"datePublished\":\"2026-04-10T11:00:00+00:00\",\"description\":\"Color Fest - Festival di Musica, dal 2013 punto di riferimento per la musica dal vivo >> 11 - 12 - 13 Agosto 2026 Lungomare Falcone Borsellino.\",\"breadcrumb\":{\"@id\":\"https:\\\/\\\/colorfest.it\\\/color-fest-x-gogobo-concerto-gratuito-il-1-maggio-a-bologna-parco-della-montagnola\\\/#breadcrumb\"},\"inLanguage\":\"fr-FR\",\"potentialAction\":[{\"@type\":\"ReadAction\",\"target\":[\"https:\\\/\\\/colorfest.it\\\/color-fest-x-gogobo-concerto-gratuito-il-1-maggio-a-bologna-parco-della-montagnola\\\/\"]}]},{\"@type\":\"ImageObject\",\"inLanguage\":\"fr-FR\",\"@id\":\"https:\\\/\\\/colorfest.it\\\/color-fest-x-gogobo-concerto-gratuito-il-1-maggio-a-bologna-parco-della-montagnola\\\/#primaryimage\",\"url\":\"https:\\\/\\\/colorfest.it\\\/wp-content\\\/uploads\\\/2026\\\/04\\\/Locandina-1-maggio-Color-Fest-Bolgona.webp\",\"contentUrl\":\"https:\\\/\\\/colorfest.it\\\/wp-content\\\/uploads\\\/2026\\\/04\\\/Locandina-1-maggio-Color-Fest-Bolgona.webp\",\"width\":1080,\"height\":1350,\"caption\":\"Locandina 1 maggio Color Fest - Bolgona\"},{\"@type\":\"BreadcrumbList\",\"@id\":\"https:\\\/\\\/colorfest.it\\\/color-fest-x-gogobo-concerto-gratuito-il-1-maggio-a-bologna-parco-della-montagnola\\\/#breadcrumb\",\"itemListElement\":[{\"@type\":\"ListItem\",\"position\":1,\"name\":\"Home\",\"item\":\"https:\\\/\\\/colorfest.it\\\/\"},{\"@type\":\"ListItem\",\"position\":2,\"name\":\"Color Fest x GoGoBo: concerto gratuito il 1\u00b0 maggio a Bologna, Parco della Montagnola\"}]},{\"@type\":\"WebSite\",\"@id\":\"https:\\\/\\\/colorfest.it\\\/#website\",\"url\":\"https:\\\/\\\/colorfest.it\\\/\",\"name\":\"Color Fest - Festival di Musica | 11 - 12 - 13 Agosto 2026 | in Calabria\",\"description\":\"Color Fest - Festival di Musica, dal 2013 punto di riferimento per la musica dal vivo &gt;&gt; 11 - 12 - 13 Agosto 2026 Lungomare Falcone Borsellino.\",\"publisher\":{\"@id\":\"https:\\\/\\\/colorfest.it\\\/#organization\"},\"alternateName\":\"Color Fest - Festival di Musica | 11 - 12 - 13 Agosto 2026 @Lungomare Falcone Borsellino\",\"potentialAction\":[{\"@type\":\"SearchAction\",\"target\":{\"@type\":\"EntryPoint\",\"urlTemplate\":\"https:\\\/\\\/colorfest.it\\\/?s={search_term_string}\"},\"query-input\":{\"@type\":\"PropertyValueSpecification\",\"valueRequired\":true,\"valueName\":\"search_term_string\"}}],\"inLanguage\":\"fr-FR\"},{\"@type\":\"Organization\",\"@id\":\"https:\\\/\\\/colorfest.it\\\/#organization\",\"name\":\"Che cosa sono le nuvole APS\",\"alternateName\":\"Color Fest\",\"url\":\"https:\\\/\\\/colorfest.it\\\/\",\"logo\":{\"@type\":\"ImageObject\",\"inLanguage\":\"fr-FR\",\"@id\":\"https:\\\/\\\/colorfest.it\\\/#\\\/schema\\\/logo\\\/image\\\/\",\"url\":\"https:\\\/\\\/colorfest.it\\\/wp-content\\\/uploads\\\/2022\\\/03\\\/checosasonolenuvole.png\",\"contentUrl\":\"https:\\\/\\\/colorfest.it\\\/wp-content\\\/uploads\\\/2022\\\/03\\\/checosasonolenuvole.png\",\"width\":952,\"height\":844,\"caption\":\"Che cosa sono le nuvole APS\"},\"image\":{\"@id\":\"https:\\\/\\\/colorfest.it\\\/#\\\/schema\\\/logo\\\/image\\\/\"},\"sameAs\":[\"http:\\\/\\\/facebook.com\\\/colorfestlamezia\\\/\",\"http:\\\/\\\/instagram.com\\\/color_fest_\\\/\",\"https:\\\/\\\/www.linkedin.com\\\/company\\\/color-fest\\\/\"],\"description\":\"Color Fest - Festival di Musica, dal 2013 punto di riferimento per la musica dal vivo >> 11 - 12 - 13 Agosto 2026 Lungomare Falcone Borsellino.\",\"email\":\"scrivi@colorfest.it\",\"legalName\":\"Che cosa sono le nuvole APS\",\"foundingDate\":\"2012-10-12\",\"vatID\":\"03309120792\",\"taxID\":\"92029190797\",\"numberOfEmployees\":{\"@type\":\"QuantitativeValue\",\"minValue\":\"11\",\"maxValue\":\"50\"}},{\"@type\":\"Person\",\"@id\":\"https:\\\/\\\/colorfest.it\\\/#\\\/schema\\\/person\\\/174195bbe9c056259e2ca3e13087d54b\",\"name\":\"Salvatore Bilotti\",\"image\":{\"@type\":\"ImageObject\",\"inLanguage\":\"fr-FR\",\"@id\":\"https:\\\/\\\/secure.gravatar.com\\\/avatar\\\/ffea54082f2805c177a23aec9bc4121df09c213e6ca8fda40be720241c65e38e?s=96&d=mm&r=g\",\"url\":\"https:\\\/\\\/secure.gravatar.com\\\/avatar\\\/ffea54082f2805c177a23aec9bc4121df09c213e6ca8fda40be720241c65e38e?s=96&d=mm&r=g\",\"contentUrl\":\"https:\\\/\\\/secure.gravatar.com\\\/avatar\\\/ffea54082f2805c177a23aec9bc4121df09c213e6ca8fda40be720241c65e38e?s=96&d=mm&r=g\",\"caption\":\"Salvatore Bilotti\"}}]}<\/script>\n<!-- \/ Yoast SEO Premium plugin. -->","yoast_head_json":{"title":"Color Fest | 11 - 12 - 13 ao\u00fbt 2026 | en Calabre","description":"Color Fest - Festival de musique, depuis 2013 un point de r\u00e9f\u00e9rence pour la musique live &gt;&gt; 11 - 12 - 13 ao\u00fbt 2026 Lungomare Falcone Borsellino","robots":{"index":"index","follow":"follow","max-snippet":"max-snippet:-1","max-image-preview":"max-image-preview:large","max-video-preview":"max-video-preview:-1"},"canonical":"https:\/\/colorfest.it\/fr\/colour-fest-x-gogobo-concert-gratuit-le-1er-mai-a-bologne-parco-della-montagnola\/","og_locale":"fr_FR","og_type":"article","og_title":"Color Fest x GoGoBo: concerto gratuito il 1\u00b0 maggio a Bologna, Parco della Montagnola","og_description":"Color Fest - Festival di Musica, dal 2013 punto di riferimento per la musica dal vivo >> 11 - 12 - 13 Agosto 2026 Lungomare Falcone Borsellino.","og_url":"https:\/\/colorfest.it\/fr\/colour-fest-x-gogobo-concert-gratuit-le-1er-mai-a-bologne-parco-della-montagnola\/","og_site_name":"Color Fest - Festival di Musica | 11 - 12 - 13 Agosto 2026 | in Calabria","article_publisher":"http:\/\/facebook.com\/colorfestlamezia\/","article_published_time":"2026-04-10T11:00:00+00:00","og_image":[{"width":1080,"height":1350,"url":"https:\/\/colorfest.it\/wp-content\/uploads\/2026\/04\/Locandina-1-maggio-Color-Fest-Bolgona.webp","type":"image\/webp"}],"author":"Salvatore Bilotti","twitter_card":"summary_large_image","twitter_misc":{"\u00c9crit par":"Salvatore Bilotti","Dur\u00e9e de lecture estim\u00e9e":"4 minutes"},"schema":{"@context":"https:\/\/schema.org","@graph":[{"@type":"Article","@id":"https:\/\/colorfest.it\/color-fest-x-gogobo-concerto-gratuito-il-1-maggio-a-bologna-parco-della-montagnola\/#article","isPartOf":{"@id":"https:\/\/colorfest.it\/color-fest-x-gogobo-concerto-gratuito-il-1-maggio-a-bologna-parco-della-montagnola\/"},"author":{"name":"Salvatore Bilotti","@id":"https:\/\/colorfest.it\/#\/schema\/person\/174195bbe9c056259e2ca3e13087d54b"},"headline":"Color Fest x GoGoBo: concerto gratuito il 1\u00b0 maggio a Bologna, Parco della Montagnola","datePublished":"2026-04-10T11:00:00+00:00","mainEntityOfPage":{"@id":"https:\/\/colorfest.it\/color-fest-x-gogobo-concerto-gratuito-il-1-maggio-a-bologna-parco-della-montagnola\/"},"wordCount":439,"publisher":{"@id":"https:\/\/colorfest.it\/#organization"},"image":{"@id":"https:\/\/colorfest.it\/color-fest-x-gogobo-concerto-gratuito-il-1-maggio-a-bologna-parco-della-montagnola\/#primaryimage"},"thumbnailUrl":"https:\/\/colorfest.it\/wp-content\/uploads\/2026\/04\/Locandina-1-maggio-Color-Fest-Bolgona.webp","articleSection":["Color Fest","Color Fest 14","Eventi"],"inLanguage":"fr-FR"},{"@type":"WebPage","@id":"https:\/\/colorfest.it\/color-fest-x-gogobo-concerto-gratuito-il-1-maggio-a-bologna-parco-della-montagnola\/","url":"https:\/\/colorfest.it\/color-fest-x-gogobo-concerto-gratuito-il-1-maggio-a-bologna-parco-della-montagnola\/","name":"Color Fest | 11 - 12 - 13 ao\u00fbt 2026 | en Calabre","isPartOf":{"@id":"https:\/\/colorfest.it\/#website"},"primaryImageOfPage":{"@id":"https:\/\/colorfest.it\/color-fest-x-gogobo-concerto-gratuito-il-1-maggio-a-bologna-parco-della-montagnola\/#primaryimage"},"image":{"@id":"https:\/\/colorfest.it\/color-fest-x-gogobo-concerto-gratuito-il-1-maggio-a-bologna-parco-della-montagnola\/#primaryimage"},"thumbnailUrl":"https:\/\/colorfest.it\/wp-content\/uploads\/2026\/04\/Locandina-1-maggio-Color-Fest-Bolgona.webp","datePublished":"2026-04-10T11:00:00+00:00","description":"Color Fest - Festival de musique, depuis 2013 un point de r\u00e9f\u00e9rence pour la musique live &gt;&gt; 11 - 12 - 13 ao\u00fbt 2026 Lungomare Falcone Borsellino","breadcrumb":{"@id":"https:\/\/colorfest.it\/color-fest-x-gogobo-concerto-gratuito-il-1-maggio-a-bologna-parco-della-montagnola\/#breadcrumb"},"inLanguage":"fr-FR","potentialAction":[{"@type":"ReadAction","target":["https:\/\/colorfest.it\/color-fest-x-gogobo-concerto-gratuito-il-1-maggio-a-bologna-parco-della-montagnola\/"]}]},{"@type":"ImageObject","inLanguage":"fr-FR","@id":"https:\/\/colorfest.it\/color-fest-x-gogobo-concerto-gratuito-il-1-maggio-a-bologna-parco-della-montagnola\/#primaryimage","url":"https:\/\/colorfest.it\/wp-content\/uploads\/2026\/04\/Locandina-1-maggio-Color-Fest-Bolgona.webp","contentUrl":"https:\/\/colorfest.it\/wp-content\/uploads\/2026\/04\/Locandina-1-maggio-Color-Fest-Bolgona.webp","width":1080,"height":1350,"caption":"Locandina 1 maggio Color Fest - Bolgona"},{"@type":"BreadcrumbList","@id":"https:\/\/colorfest.it\/color-fest-x-gogobo-concerto-gratuito-il-1-maggio-a-bologna-parco-della-montagnola\/#breadcrumb","itemListElement":[{"@type":"ListItem","position":1,"name":"Home","item":"https:\/\/colorfest.it\/"},{"@type":"ListItem","position":2,"name":"Color Fest x GoGoBo: concerto gratuito il 1\u00b0 maggio a Bologna, Parco della Montagnola"}]},{"@type":"WebSite","@id":"https:\/\/colorfest.it\/#website","url":"https:\/\/colorfest.it\/","name":"Color Fest - Festival de musique | 11 - 12 - 13 ao\u00fbt 2026 | en Calabre","description":"Color Fest - Festival de musique, depuis 2013 un point de r\u00e9f\u00e9rence pour la musique live &gt;&gt; 11 - 12 - 13 ao\u00fbt 2026 Lungomare Falcone Borsellino","publisher":{"@id":"https:\/\/colorfest.it\/#organization"},"alternateName":"Color Fest - Festival di Musica | 11 - 12 - 13 Agosto 2026 @Lungomare Falcone Borsellino","potentialAction":[{"@type":"SearchAction","target":{"@type":"EntryPoint","urlTemplate":"https:\/\/colorfest.it\/?s={search_term_string}"},"query-input":{"@type":"PropertyValueSpecification","valueRequired":true,"valueName":"search_term_string"}}],"inLanguage":"fr-FR"},{"@type":"Organization","@id":"https:\/\/colorfest.it\/#organization","name":"Que sont les nuages APS","alternateName":"Color Fest","url":"https:\/\/colorfest.it\/","logo":{"@type":"ImageObject","inLanguage":"fr-FR","@id":"https:\/\/colorfest.it\/#\/schema\/logo\/image\/","url":"https:\/\/colorfest.it\/wp-content\/uploads\/2022\/03\/checosasonolenuvole.png","contentUrl":"https:\/\/colorfest.it\/wp-content\/uploads\/2022\/03\/checosasonolenuvole.png","width":952,"height":844,"caption":"Che cosa sono le nuvole APS"},"image":{"@id":"https:\/\/colorfest.it\/#\/schema\/logo\/image\/"},"sameAs":["http:\/\/facebook.com\/colorfestlamezia\/","http:\/\/instagram.com\/color_fest_\/","https:\/\/www.linkedin.com\/company\/color-fest\/"],"description":"Color Fest - Festival de musique, depuis 2013 un point de r\u00e9f\u00e9rence pour la musique live &gt;&gt; 11 - 12 - 13 ao\u00fbt 2026 Lungomare Falcone Borsellino","email":"scrivi@colorfest.it","legalName":"Che cosa sono le nuvole APS","foundingDate":"2012-10-12","vatID":"03309120792","taxID":"92029190797","numberOfEmployees":{"@type":"QuantitativeValue","minValue":"11","maxValue":"50"}},{"@type":"Person","@id":"https:\/\/colorfest.it\/#\/schema\/person\/174195bbe9c056259e2ca3e13087d54b","name":"Salvatore Bilotti","image":{"@type":"ImageObject","inLanguage":"fr-FR","@id":"https:\/\/secure.gravatar.com\/avatar\/ffea54082f2805c177a23aec9bc4121df09c213e6ca8fda40be720241c65e38e?s=96&d=mm&r=g","url":"https:\/\/secure.gravatar.com\/avatar\/ffea54082f2805c177a23aec9bc4121df09c213e6ca8fda40be720241c65e38e?s=96&d=mm&r=g","contentUrl":"https:\/\/secure.gravatar.com\/avatar\/ffea54082f2805c177a23aec9bc4121df09c213e6ca8fda40be720241c65e38e?s=96&d=mm&r=g","caption":"Salvatore Bilotti"}}]}},"_links":{"self":[{"href":"https:\/\/colorfest.it\/fr\/wp-json\/wp\/v2\/posts\/25496","targetHints":{"allow":["GET"]}}],"collection":[{"href":"https:\/\/colorfest.it\/fr\/wp-json\/wp\/v2\/posts"}],"about":[{"href":"https:\/\/colorfest.it\/fr\/wp-json\/wp\/v2\/types\/post"}],"author":[{"embeddable":true,"href":"https:\/\/colorfest.it\/fr\/wp-json\/wp\/v2\/users\/7"}],"replies":[{"embeddable":true,"href":"https:\/\/colorfest.it\/fr\/wp-json\/wp\/v2\/comments?post=25496"}],"version-history":[{"count":0,"href":"https:\/\/colorfest.it\/fr\/wp-json\/wp\/v2\/posts\/25496\/revisions"}],"wp:featuredmedia":[{"embeddable":true,"href":"https:\/\/colorfest.it\/fr\/wp-json\/wp\/v2\/media\/25500"}],"wp:attachment":[{"href":"https:\/\/colorfest.it\/fr\/wp-json\/wp\/v2\/media?parent=25496"}],"wp:term":[{"taxonomy":"category","embeddable":true,"href":"https:\/\/colorfest.it\/fr\/wp-json\/wp\/v2\/categories?post=25496"},{"taxonomy":"post_tag","embeddable":true,"href":"https:\/\/colorfest.it\/fr\/wp-json\/wp\/v2\/tags?post=25496"}],"curies":[{"name":"wp","href":"https:\/\/api.w.org\/{rel}","templated":true}]}}