{"id":19970,"date":"2025-02-28T17:31:20","date_gmt":"2025-02-28T16:31:20","guid":{"rendered":"https:\/\/colorfest.it\/?p=19970"},"modified":"2026-03-18T09:01:29","modified_gmt":"2026-03-18T08:01:29","slug":"colour-fest-11-12-13-aout-2026-sunset-riviera","status":"publish","type":"post","link":"https:\/\/colorfest.it\/fr\/color-fest-11-12-13-agosto-2026-riviera-dei-tramonti\/","title":{"rendered":"Color Fest 2026 : trois jours de musique sur la Riviera de Tramonti du 11 au 13 ao\u00fbt"},"content":{"rendered":"<p>La Color Fest 2026 revient au Lungomare Falcone Borsellino de Lamezia Terme pour sa quatorzi\u00e8me \u00e9dition. Du 11 au 13 ao\u00fbt, sous le titre <em>\u201cL'\u00e9t\u00e9 sur une plage solitaire\u201d<\/em>, Le festival de musique le plus important de Calabre transforme \u00e0 nouveau la c\u00f4te tyrrh\u00e9nienne en une sc\u00e8ne en plein air, avec un programme associant des artistes internationaux, des auteurs-compositeurs-interpr\u00e8tes italiens et de nouvelles d\u00e9couvertes de la sc\u00e8ne ind\u00e9pendante.<\/p>\n\n\n\n<p>Apr\u00e8s ses d\u00e9buts sur la c\u00f4te en 2025 - l'\u00e9dition qui a marqu\u00e9 le passage des collines \u00e0 la mer - la Color Fest XIV confirme la Riviera dei Tramonti comme sa maison naturelle, poursuivant un projet qui, depuis 2013, construit la culture, la communaut\u00e9 et le tourisme musical au c\u0153ur du Sud.<\/p>\n\n\n\n<p><strong>La Riviera des couchers de soleil : le lieu de la Color Fest XIV<\/strong><\/p>\n\n\n\n<p>Le Lungomare Falcone Borsellino surplombe le golfe de Sant'Eufemia, dans une partie de la c\u00f4te tyrrh\u00e9nienne connue sous le nom de Riviera dei Tramonti pour les spectaculaires lumi\u00e8res cr\u00e9pusculaires qui peignent chaque soir le ciel au-dessus de la mer. C'est ici que la Color Fest a trouv\u00e9 sa dimension la plus authentique : les sc\u00e8nes s'\u00e9l\u00e8vent entre le sable et la pin\u00e8de, le public se d\u00e9place entre les concerts et le rivage, et le Stromboli s'illumine \u00e0 l'horizon alors que tombent les derni\u00e8res notes du soir.<\/p>\n\n\n\n<p>Cette zone du littoral de Lametino repr\u00e9sente un contexte naturel et sc\u00e9nique d'un grand impact, capable d'offrir une exp\u00e9rience qui va bien au-del\u00e0 du concert. La brise marine, le bruit des vagues et l'atmosph\u00e8re enveloppante du coucher de soleil font de chaque jour du festival une immersion totale dans la musique et le paysage, selon une formule sans \u00e9quivalent parmi les festivals d'\u00e9t\u00e9 du sud de l'Italie.<\/p>\n\n\n\n<p><strong>Une s\u00e9lection de noms internationaux et de dates calabraises uniques<\/strong><\/p>\n\n\n\n<p>Le Color Fest XIV propose un programme ambitieux \u00e0 Lamezia Terme, \u00e9tal\u00e9 sur trois jours et plusieurs sc\u00e8nes. Parmi les artistes d\u00e9j\u00e0 annonc\u00e9s pour l'\u00e9dition 2026, on trouve des noms qui viennent en Calabre pour la premi\u00e8re fois et d'autres qui choisissent le festival comme unique \u00e9tape dans la r\u00e9gion.<\/p>\n\n\n\n<p>La premi\u00e8re journ\u00e9e, le lundi 11 ao\u00fbt, sera marqu\u00e9e par <strong>Apparat<\/strong> - pour la premi\u00e8re fois en Calabre avec son spectacle en direct - en compagnie de <strong>C'mon Tigre<\/strong>, <strong>James Holden &amp; Wac\u0142aw Zimpel<\/strong> e <strong>Gaia Banfi<\/strong>. Le mardi 12 ao\u00fbt s'ouvrira \u00e0 l'aube avec un concert matinal de <strong>Cosmo<\/strong> (de 8 \u00e0 11 heures, \u00e0 l'occasion de la pr\u00e9sentation de l'album <em>La Source<\/em>), de poursuivre avec <strong>Le cirque zen<\/strong> (date unique en Calabre), <strong>Tous les ph\u00e9nom\u00e8nes<\/strong> (date unique en Calabre), <strong>Y\u012bn Y\u012bn<\/strong>, <strong>Nico Arezzo<\/strong> e <strong>Anna Castile<\/strong> en tant qu'invit\u00e9 sp\u00e9cial. Le troisi\u00e8me jour, le mercredi 13 ao\u00fbt, cl\u00f4turera le festival avec <strong>Django Django<\/strong>, <strong>La Ni\u00f1a<\/strong> (date unique en Calabre, vainqueur de la Targa Tenco 2025), <strong>Lettre morte<\/strong> e <strong>Mai Mai<\/strong>. L'affiche est encore en cours de finalisation : d'autres artistes seront annonc\u00e9s dans les semaines \u00e0 venir.<\/p>\n\n\n\n<p><strong>Comment se rendre \u00e0 Color Fest : un festival dans le centre de la Calabre<\/strong><\/p>\n\n\n\n<p>L'un des atouts du Lungomare Falcone Borsellino est sa situation strat\u00e9gique. Il se trouve \u00e0 quelques minutes de l'a\u00e9roport international de Lamezia Terme - le principal a\u00e9roport de Calabre, reli\u00e9 par des vols directs aux principales villes italiennes et europ\u00e9ennes - et de la gare ferroviaire de Lamezia Terme Centrale. Cette accessibilit\u00e9 fait de Color Fest l'un des festivals d'\u00e9t\u00e9 les plus faciles \u00e0 atteindre dans le Sud, tant pour ceux qui arrivent en avion que pour ceux qui voyagent en train ou en voiture le long de l'autoroute A2.<\/p>\n\n\n\n<p>Une fois sur le front de mer, le public pourra compter sur les services d\u00e9j\u00e0 pr\u00e9sents sur le littoral : \u00e9tablissements de bains \u00e9quip\u00e9s, zone de camping, restauration de qualit\u00e9 avec des produits locaux et espaces pour vivre le festival de l'aube jusqu'\u00e0 tard dans la nuit. Le Color Fest n'est pas seulement un \u00e9v\u00e9nement musical : c'est un voyage dans la musique, la mer et le paysage du sud de l'Italie, con\u00e7u pour ceux qui veulent transformer une semaine du mois d'ao\u00fbt en une exp\u00e9rience compl\u00e8te de culture, de d\u00e9tente et de d\u00e9couverte de la Calabre.<\/p>\n\n\n\n<p><strong>Le Color Fest de 2013 \u00e0 aujourd'hui : quatorze \u00e9ditions de musique en Calabre<\/strong><\/p>\n\n\n\n<p>Cr\u00e9\u00e9 en 2013 par l'association Che Cosa Sono Le Nuvole APS, le Color Fest s'est d\u00e9velopp\u00e9 \u00e9dition apr\u00e8s \u00e9dition pour devenir l'un des principaux festivals ind\u00e9pendants d'Italie. Des artistes tels que Franz Ferdinand, Editors, Brunori Sas, Cosmo, Marlene Kuntz, Afterhours, Fulminacci, Nu Genea, Iosonouncane, Verdena, Nada, Colapesce Dimartino, The Zen Circus, Motta, La Rappresentante di Lista et bien d'autres sont pass\u00e9s par ses sc\u00e8nes. Un parcours qui a conduit le festival \u00e0 se consolider en tant que point de r\u00e9f\u00e9rence pour la musique en direct dans le sud de l'Italie, g\u00e9n\u00e9rant un impact significatif en termes de fr\u00e9quentation, d'activit\u00e9 \u00e9conomique induite et de reconnaissance critique au niveau national. Avec plus de 60% de spectateurs venant de l'ext\u00e9rieur de la r\u00e9gion lors des derni\u00e8res \u00e9ditions, le Color Fest est aujourd'hui un v\u00e9ritable moteur du tourisme culturel pour la Calabre.<\/p>","protected":false},"excerpt":{"rendered":"<p>Il Color Fest 2026 torna sul Lungomare Falcone Borsellino di Lamezia Terme per la sua quattordicesima edizione. Dall&#8217;11 al 13 agosto, sotto il claim &#8220;Summer on a Solitary Beach&#8221;, il festival musicale pi\u00f9 importante della Calabria trasforma ancora una volta il litorale tirrenico in un palcoscenico a cielo aperto, con una programmazione che unisce artisti [&hellip;]<\/p>\n","protected":false},"author":7,"featured_media":19972,"comment_status":"closed","ping_status":"closed","sticky":false,"template":"","format":"standard","meta":{"_acf_changed":false,"footnotes":""},"categories":[1,175,168],"tags":[151,150,149],"class_list":["post-19970","post","type-post","status-publish","format-standard","has-post-thumbnail","hentry","category-color-fest","category-color-fest-14","category-news","tag-color-fest-13","tag-lungomare-falcone-borsellino","tag-riviera-dei-tramonti"],"acf":[],"yoast_head":"<!-- This site is optimized with the Yoast SEO Premium plugin v27.3 (Yoast SEO v27.4) - https:\/\/yoast.com\/product\/yoast-seo-premium-wordpress\/ -->\n<title>Color Fest 11-12-13 Agosto 2026 - Riviera dei Tramonti<\/title>\n<meta name=\"description\" content=\"Color Fest 13\u00b0 edizione il 11-12-13 Agosto 2026 sul Lungomare Falcone Borsellino anche noto Riviera dei Tramonti @Lamezia Terme in Calabria\" \/>\n<meta name=\"robots\" content=\"index, follow, max-snippet:-1, max-image-preview:large, max-video-preview:-1\" \/>\n<link rel=\"canonical\" href=\"https:\/\/colorfest.it\/fr\/colour-fest-11-12-13-aout-2026-sunset-riviera\/\" \/>\n<meta property=\"og:locale\" content=\"fr_FR\" \/>\n<meta property=\"og:type\" content=\"article\" \/>\n<meta property=\"og:title\" content=\"Color Fest 12-13-14 Agosto 2025 - Riviera dei Tramonti\" \/>\n<meta property=\"og:description\" content=\"Color Fest 13\u00b0 edizione il 12-13-14 Agosto 2025 sul Lungomare Falcone Borsellino anche noto Riviera dei Tramonti @Lamezia Terme in Calabria\" \/>\n<meta property=\"og:url\" content=\"https:\/\/colorfest.it\/fr\/colour-fest-11-12-13-aout-2026-sunset-riviera\/\" \/>\n<meta property=\"og:site_name\" content=\"Color Fest - Festival di Musica | 11 - 12 - 13 Agosto 2026 | in Calabria\" \/>\n<meta property=\"article:publisher\" content=\"http:\/\/facebook.com\/colorfestlamezia\/\" \/>\n<meta property=\"article:published_time\" content=\"2025-02-28T16:31:20+00:00\" \/>\n<meta property=\"article:modified_time\" content=\"2026-03-18T08:01:29+00:00\" \/>\n<meta property=\"og:image\" content=\"https:\/\/colorfest.it\/wp-content\/uploads\/2025\/02\/Riviera-dei-Tramonti-Color-Fest-.webp\" \/>\n\t<meta property=\"og:image:width\" content=\"2156\" \/>\n\t<meta property=\"og:image:height\" content=\"1437\" \/>\n\t<meta property=\"og:image:type\" content=\"image\/webp\" \/>\n<meta name=\"author\" content=\"Salvatore Bilotti\" \/>\n<meta name=\"twitter:card\" content=\"summary_large_image\" \/>\n<meta name=\"twitter:title\" content=\"Color Fest 2026: dall&#039;11 al 13 agosto tre giorni di musica sulla Riviera dei Tramonti\" \/>\n<meta name=\"twitter:description\" content=\"Color Fest - Festival di Musica, dal 2013 punto di riferimento per la musica dal vivo &gt;&gt; 11 - 12 - 13 Agosto 2026 Lungomare Falcone Borsellino.\" \/>\n<meta name=\"twitter:label1\" content=\"\u00c9crit par\" \/>\n\t<meta name=\"twitter:data1\" content=\"Salvatore Bilotti\" \/>\n\t<meta name=\"twitter:label2\" content=\"Dur\u00e9e de lecture estim\u00e9e\" \/>\n\t<meta name=\"twitter:data2\" content=\"5 minutes\" \/>\n<script type=\"application\/ld+json\" class=\"yoast-schema-graph\">{\"@context\":\"https:\\\/\\\/schema.org\",\"@graph\":[{\"@type\":\"Article\",\"@id\":\"https:\\\/\\\/colorfest.it\\\/color-fest-11-12-13-agosto-2026-riviera-dei-tramonti\\\/#article\",\"isPartOf\":{\"@id\":\"https:\\\/\\\/colorfest.it\\\/color-fest-11-12-13-agosto-2026-riviera-dei-tramonti\\\/\"},\"author\":{\"name\":\"Salvatore Bilotti\",\"@id\":\"https:\\\/\\\/colorfest.it\\\/#\\\/schema\\\/person\\\/174195bbe9c056259e2ca3e13087d54b\"},\"headline\":\"Color Fest 2026: dall&#8217;11 al 13 agosto tre giorni di musica sulla Riviera dei Tramonti\",\"datePublished\":\"2025-02-28T16:31:20+00:00\",\"dateModified\":\"2026-03-18T08:01:29+00:00\",\"mainEntityOfPage\":{\"@id\":\"https:\\\/\\\/colorfest.it\\\/color-fest-11-12-13-agosto-2026-riviera-dei-tramonti\\\/\"},\"wordCount\":772,\"publisher\":{\"@id\":\"https:\\\/\\\/colorfest.it\\\/#organization\"},\"image\":{\"@id\":\"https:\\\/\\\/colorfest.it\\\/color-fest-11-12-13-agosto-2026-riviera-dei-tramonti\\\/#primaryimage\"},\"thumbnailUrl\":\"https:\\\/\\\/colorfest.it\\\/wp-content\\\/uploads\\\/2025\\\/02\\\/Riviera-dei-Tramonti-Color-Fest-.webp\",\"keywords\":[\"Color Fest 13\",\"lungomare falcone borsellino\",\"riviera dei tramonti\"],\"articleSection\":[\"Color Fest\",\"Color Fest 14\",\"News\"],\"inLanguage\":\"fr-FR\"},{\"@type\":\"WebPage\",\"@id\":\"https:\\\/\\\/colorfest.it\\\/color-fest-11-12-13-agosto-2026-riviera-dei-tramonti\\\/\",\"url\":\"https:\\\/\\\/colorfest.it\\\/color-fest-11-12-13-agosto-2026-riviera-dei-tramonti\\\/\",\"name\":\"Color Fest 11-12-13 Agosto 2026 - Riviera dei Tramonti\",\"isPartOf\":{\"@id\":\"https:\\\/\\\/colorfest.it\\\/#website\"},\"primaryImageOfPage\":{\"@id\":\"https:\\\/\\\/colorfest.it\\\/color-fest-11-12-13-agosto-2026-riviera-dei-tramonti\\\/#primaryimage\"},\"image\":{\"@id\":\"https:\\\/\\\/colorfest.it\\\/color-fest-11-12-13-agosto-2026-riviera-dei-tramonti\\\/#primaryimage\"},\"thumbnailUrl\":\"https:\\\/\\\/colorfest.it\\\/wp-content\\\/uploads\\\/2025\\\/02\\\/Riviera-dei-Tramonti-Color-Fest-.webp\",\"datePublished\":\"2025-02-28T16:31:20+00:00\",\"dateModified\":\"2026-03-18T08:01:29+00:00\",\"description\":\"Color Fest 13\u00b0 edizione il 11-12-13 Agosto 2026 sul Lungomare Falcone Borsellino anche noto Riviera dei Tramonti @Lamezia Terme in Calabria\",\"breadcrumb\":{\"@id\":\"https:\\\/\\\/colorfest.it\\\/color-fest-11-12-13-agosto-2026-riviera-dei-tramonti\\\/#breadcrumb\"},\"inLanguage\":\"fr-FR\",\"potentialAction\":[{\"@type\":\"ReadAction\",\"target\":[\"https:\\\/\\\/colorfest.it\\\/color-fest-11-12-13-agosto-2026-riviera-dei-tramonti\\\/\"]}]},{\"@type\":\"ImageObject\",\"inLanguage\":\"fr-FR\",\"@id\":\"https:\\\/\\\/colorfest.it\\\/color-fest-11-12-13-agosto-2026-riviera-dei-tramonti\\\/#primaryimage\",\"url\":\"https:\\\/\\\/colorfest.it\\\/wp-content\\\/uploads\\\/2025\\\/02\\\/Riviera-dei-Tramonti-Color-Fest-.webp\",\"contentUrl\":\"https:\\\/\\\/colorfest.it\\\/wp-content\\\/uploads\\\/2025\\\/02\\\/Riviera-dei-Tramonti-Color-Fest-.webp\",\"width\":2156,\"height\":1437,\"caption\":\"Riviera dei Tramonti - Color Fest\"},{\"@type\":\"BreadcrumbList\",\"@id\":\"https:\\\/\\\/colorfest.it\\\/color-fest-11-12-13-agosto-2026-riviera-dei-tramonti\\\/#breadcrumb\",\"itemListElement\":[{\"@type\":\"ListItem\",\"position\":1,\"name\":\"Home\",\"item\":\"https:\\\/\\\/colorfest.it\\\/\"},{\"@type\":\"ListItem\",\"position\":2,\"name\":\"Color Fest 2026: dall&#8217;11 al 13 agosto tre giorni di musica sulla Riviera dei Tramonti\"}]},{\"@type\":\"WebSite\",\"@id\":\"https:\\\/\\\/colorfest.it\\\/#website\",\"url\":\"https:\\\/\\\/colorfest.it\\\/\",\"name\":\"Color Fest - Festival di Musica | 11 - 12 - 13 Agosto 2026 | in Calabria\",\"description\":\"Color Fest - Festival di Musica, dal 2013 punto di riferimento per la musica dal vivo &gt;&gt; 11 - 12 - 13 Agosto 2026 Lungomare Falcone Borsellino.\",\"publisher\":{\"@id\":\"https:\\\/\\\/colorfest.it\\\/#organization\"},\"alternateName\":\"Color Fest - Festival di Musica | 11 - 12 - 13 Agosto 2026 @Lungomare Falcone Borsellino\",\"potentialAction\":[{\"@type\":\"SearchAction\",\"target\":{\"@type\":\"EntryPoint\",\"urlTemplate\":\"https:\\\/\\\/colorfest.it\\\/?s={search_term_string}\"},\"query-input\":{\"@type\":\"PropertyValueSpecification\",\"valueRequired\":true,\"valueName\":\"search_term_string\"}}],\"inLanguage\":\"fr-FR\"},{\"@type\":\"Organization\",\"@id\":\"https:\\\/\\\/colorfest.it\\\/#organization\",\"name\":\"Che cosa sono le nuvole APS\",\"alternateName\":\"Color Fest\",\"url\":\"https:\\\/\\\/colorfest.it\\\/\",\"logo\":{\"@type\":\"ImageObject\",\"inLanguage\":\"fr-FR\",\"@id\":\"https:\\\/\\\/colorfest.it\\\/#\\\/schema\\\/logo\\\/image\\\/\",\"url\":\"https:\\\/\\\/colorfest.it\\\/wp-content\\\/uploads\\\/2022\\\/03\\\/checosasonolenuvole.png\",\"contentUrl\":\"https:\\\/\\\/colorfest.it\\\/wp-content\\\/uploads\\\/2022\\\/03\\\/checosasonolenuvole.png\",\"width\":952,\"height\":844,\"caption\":\"Che cosa sono le nuvole APS\"},\"image\":{\"@id\":\"https:\\\/\\\/colorfest.it\\\/#\\\/schema\\\/logo\\\/image\\\/\"},\"sameAs\":[\"http:\\\/\\\/facebook.com\\\/colorfestlamezia\\\/\",\"http:\\\/\\\/instagram.com\\\/color_fest_\\\/\",\"https:\\\/\\\/www.linkedin.com\\\/company\\\/color-fest\\\/\"],\"description\":\"Color Fest - Festival di Musica, dal 2013 punto di riferimento per la musica dal vivo >> 11 - 12 - 13 Agosto 2026 Lungomare Falcone Borsellino.\",\"email\":\"scrivi@colorfest.it\",\"legalName\":\"Che cosa sono le nuvole APS\",\"foundingDate\":\"2012-10-12\",\"vatID\":\"03309120792\",\"taxID\":\"92029190797\",\"numberOfEmployees\":{\"@type\":\"QuantitativeValue\",\"minValue\":\"11\",\"maxValue\":\"50\"}},{\"@type\":\"Person\",\"@id\":\"https:\\\/\\\/colorfest.it\\\/#\\\/schema\\\/person\\\/174195bbe9c056259e2ca3e13087d54b\",\"name\":\"Salvatore Bilotti\",\"image\":{\"@type\":\"ImageObject\",\"inLanguage\":\"fr-FR\",\"@id\":\"https:\\\/\\\/secure.gravatar.com\\\/avatar\\\/ffea54082f2805c177a23aec9bc4121df09c213e6ca8fda40be720241c65e38e?s=96&d=mm&r=g\",\"url\":\"https:\\\/\\\/secure.gravatar.com\\\/avatar\\\/ffea54082f2805c177a23aec9bc4121df09c213e6ca8fda40be720241c65e38e?s=96&d=mm&r=g\",\"contentUrl\":\"https:\\\/\\\/secure.gravatar.com\\\/avatar\\\/ffea54082f2805c177a23aec9bc4121df09c213e6ca8fda40be720241c65e38e?s=96&d=mm&r=g\",\"caption\":\"Salvatore Bilotti\"}}]}<\/script>\n<!-- \/ Yoast SEO Premium plugin. -->","yoast_head_json":{"title":"Color Fest 11-12-13 ao\u00fbt 2026 - Riviera dei Tramonti","description":"Color Fest 13\u00e8me \u00e9dition les 11-12-13 ao\u00fbt 2026 sur le Lungomare Falcone Borsellino aussi connu sous le nom de Riviera dei Tramonti @Lamezia Terme en Calabre","robots":{"index":"index","follow":"follow","max-snippet":"max-snippet:-1","max-image-preview":"max-image-preview:large","max-video-preview":"max-video-preview:-1"},"canonical":"https:\/\/colorfest.it\/fr\/colour-fest-11-12-13-aout-2026-sunset-riviera\/","og_locale":"fr_FR","og_type":"article","og_title":"Color Fest 12-13-14 Agosto 2025 - Riviera dei Tramonti","og_description":"Color Fest 13\u00b0 edizione il 12-13-14 Agosto 2025 sul Lungomare Falcone Borsellino anche noto Riviera dei Tramonti @Lamezia Terme in Calabria","og_url":"https:\/\/colorfest.it\/fr\/colour-fest-11-12-13-aout-2026-sunset-riviera\/","og_site_name":"Color Fest - Festival di Musica | 11 - 12 - 13 Agosto 2026 | in Calabria","article_publisher":"http:\/\/facebook.com\/colorfestlamezia\/","article_published_time":"2025-02-28T16:31:20+00:00","article_modified_time":"2026-03-18T08:01:29+00:00","og_image":[{"width":2156,"height":1437,"url":"https:\/\/colorfest.it\/wp-content\/uploads\/2025\/02\/Riviera-dei-Tramonti-Color-Fest-.webp","type":"image\/webp"}],"author":"Salvatore Bilotti","twitter_card":"summary_large_image","twitter_title":"Color Fest 2026: dall'11 al 13 agosto tre giorni di musica sulla Riviera dei Tramonti","twitter_description":"Color Fest - Festival di Musica, dal 2013 punto di riferimento per la musica dal vivo >> 11 - 12 - 13 Agosto 2026 Lungomare Falcone Borsellino.","twitter_misc":{"\u00c9crit par":"Salvatore Bilotti","Dur\u00e9e de lecture estim\u00e9e":"5 minutes"},"schema":{"@context":"https:\/\/schema.org","@graph":[{"@type":"Article","@id":"https:\/\/colorfest.it\/color-fest-11-12-13-agosto-2026-riviera-dei-tramonti\/#article","isPartOf":{"@id":"https:\/\/colorfest.it\/color-fest-11-12-13-agosto-2026-riviera-dei-tramonti\/"},"author":{"name":"Salvatore Bilotti","@id":"https:\/\/colorfest.it\/#\/schema\/person\/174195bbe9c056259e2ca3e13087d54b"},"headline":"Color Fest 2026: dall&#8217;11 al 13 agosto tre giorni di musica sulla Riviera dei Tramonti","datePublished":"2025-02-28T16:31:20+00:00","dateModified":"2026-03-18T08:01:29+00:00","mainEntityOfPage":{"@id":"https:\/\/colorfest.it\/color-fest-11-12-13-agosto-2026-riviera-dei-tramonti\/"},"wordCount":772,"publisher":{"@id":"https:\/\/colorfest.it\/#organization"},"image":{"@id":"https:\/\/colorfest.it\/color-fest-11-12-13-agosto-2026-riviera-dei-tramonti\/#primaryimage"},"thumbnailUrl":"https:\/\/colorfest.it\/wp-content\/uploads\/2025\/02\/Riviera-dei-Tramonti-Color-Fest-.webp","keywords":["Color Fest 13","lungomare falcone borsellino","riviera dei tramonti"],"articleSection":["Color Fest","Color Fest 14","News"],"inLanguage":"fr-FR"},{"@type":"WebPage","@id":"https:\/\/colorfest.it\/color-fest-11-12-13-agosto-2026-riviera-dei-tramonti\/","url":"https:\/\/colorfest.it\/color-fest-11-12-13-agosto-2026-riviera-dei-tramonti\/","name":"Color Fest 11-12-13 ao\u00fbt 2026 - Riviera dei Tramonti","isPartOf":{"@id":"https:\/\/colorfest.it\/#website"},"primaryImageOfPage":{"@id":"https:\/\/colorfest.it\/color-fest-11-12-13-agosto-2026-riviera-dei-tramonti\/#primaryimage"},"image":{"@id":"https:\/\/colorfest.it\/color-fest-11-12-13-agosto-2026-riviera-dei-tramonti\/#primaryimage"},"thumbnailUrl":"https:\/\/colorfest.it\/wp-content\/uploads\/2025\/02\/Riviera-dei-Tramonti-Color-Fest-.webp","datePublished":"2025-02-28T16:31:20+00:00","dateModified":"2026-03-18T08:01:29+00:00","description":"Color Fest 13\u00e8me \u00e9dition les 11-12-13 ao\u00fbt 2026 sur le Lungomare Falcone Borsellino aussi connu sous le nom de Riviera dei Tramonti @Lamezia Terme en Calabre","breadcrumb":{"@id":"https:\/\/colorfest.it\/color-fest-11-12-13-agosto-2026-riviera-dei-tramonti\/#breadcrumb"},"inLanguage":"fr-FR","potentialAction":[{"@type":"ReadAction","target":["https:\/\/colorfest.it\/color-fest-11-12-13-agosto-2026-riviera-dei-tramonti\/"]}]},{"@type":"ImageObject","inLanguage":"fr-FR","@id":"https:\/\/colorfest.it\/color-fest-11-12-13-agosto-2026-riviera-dei-tramonti\/#primaryimage","url":"https:\/\/colorfest.it\/wp-content\/uploads\/2025\/02\/Riviera-dei-Tramonti-Color-Fest-.webp","contentUrl":"https:\/\/colorfest.it\/wp-content\/uploads\/2025\/02\/Riviera-dei-Tramonti-Color-Fest-.webp","width":2156,"height":1437,"caption":"Riviera dei Tramonti - Color Fest"},{"@type":"BreadcrumbList","@id":"https:\/\/colorfest.it\/color-fest-11-12-13-agosto-2026-riviera-dei-tramonti\/#breadcrumb","itemListElement":[{"@type":"ListItem","position":1,"name":"Home","item":"https:\/\/colorfest.it\/"},{"@type":"ListItem","position":2,"name":"Color Fest 2026: dall&#8217;11 al 13 agosto tre giorni di musica sulla Riviera dei Tramonti"}]},{"@type":"WebSite","@id":"https:\/\/colorfest.it\/#website","url":"https:\/\/colorfest.it\/","name":"Color Fest - Festival de musique | 11 - 12 - 13 ao\u00fbt 2026 | en Calabre","description":"Color Fest - Festival de musique, depuis 2013 un point de r\u00e9f\u00e9rence pour la musique live &gt;&gt; 11 - 12 - 13 ao\u00fbt 2026 Lungomare Falcone Borsellino","publisher":{"@id":"https:\/\/colorfest.it\/#organization"},"alternateName":"Color Fest - Festival di Musica | 11 - 12 - 13 Agosto 2026 @Lungomare Falcone Borsellino","potentialAction":[{"@type":"SearchAction","target":{"@type":"EntryPoint","urlTemplate":"https:\/\/colorfest.it\/?s={search_term_string}"},"query-input":{"@type":"PropertyValueSpecification","valueRequired":true,"valueName":"search_term_string"}}],"inLanguage":"fr-FR"},{"@type":"Organization","@id":"https:\/\/colorfest.it\/#organization","name":"Que sont les nuages APS","alternateName":"Color Fest","url":"https:\/\/colorfest.it\/","logo":{"@type":"ImageObject","inLanguage":"fr-FR","@id":"https:\/\/colorfest.it\/#\/schema\/logo\/image\/","url":"https:\/\/colorfest.it\/wp-content\/uploads\/2022\/03\/checosasonolenuvole.png","contentUrl":"https:\/\/colorfest.it\/wp-content\/uploads\/2022\/03\/checosasonolenuvole.png","width":952,"height":844,"caption":"Che cosa sono le nuvole APS"},"image":{"@id":"https:\/\/colorfest.it\/#\/schema\/logo\/image\/"},"sameAs":["http:\/\/facebook.com\/colorfestlamezia\/","http:\/\/instagram.com\/color_fest_\/","https:\/\/www.linkedin.com\/company\/color-fest\/"],"description":"Color Fest - Festival de musique, depuis 2013 un point de r\u00e9f\u00e9rence pour la musique live &gt;&gt; 11 - 12 - 13 ao\u00fbt 2026 Lungomare Falcone Borsellino","email":"scrivi@colorfest.it","legalName":"Che cosa sono le nuvole APS","foundingDate":"2012-10-12","vatID":"03309120792","taxID":"92029190797","numberOfEmployees":{"@type":"QuantitativeValue","minValue":"11","maxValue":"50"}},{"@type":"Person","@id":"https:\/\/colorfest.it\/#\/schema\/person\/174195bbe9c056259e2ca3e13087d54b","name":"Salvatore Bilotti","image":{"@type":"ImageObject","inLanguage":"fr-FR","@id":"https:\/\/secure.gravatar.com\/avatar\/ffea54082f2805c177a23aec9bc4121df09c213e6ca8fda40be720241c65e38e?s=96&d=mm&r=g","url":"https:\/\/secure.gravatar.com\/avatar\/ffea54082f2805c177a23aec9bc4121df09c213e6ca8fda40be720241c65e38e?s=96&d=mm&r=g","contentUrl":"https:\/\/secure.gravatar.com\/avatar\/ffea54082f2805c177a23aec9bc4121df09c213e6ca8fda40be720241c65e38e?s=96&d=mm&r=g","caption":"Salvatore Bilotti"}}]}},"_links":{"self":[{"href":"https:\/\/colorfest.it\/fr\/wp-json\/wp\/v2\/posts\/19970","targetHints":{"allow":["GET"]}}],"collection":[{"href":"https:\/\/colorfest.it\/fr\/wp-json\/wp\/v2\/posts"}],"about":[{"href":"https:\/\/colorfest.it\/fr\/wp-json\/wp\/v2\/types\/post"}],"author":[{"embeddable":true,"href":"https:\/\/colorfest.it\/fr\/wp-json\/wp\/v2\/users\/7"}],"replies":[{"embeddable":true,"href":"https:\/\/colorfest.it\/fr\/wp-json\/wp\/v2\/comments?post=19970"}],"version-history":[{"count":0,"href":"https:\/\/colorfest.it\/fr\/wp-json\/wp\/v2\/posts\/19970\/revisions"}],"wp:featuredmedia":[{"embeddable":true,"href":"https:\/\/colorfest.it\/fr\/wp-json\/wp\/v2\/media\/19972"}],"wp:attachment":[{"href":"https:\/\/colorfest.it\/fr\/wp-json\/wp\/v2\/media?parent=19970"}],"wp:term":[{"taxonomy":"category","embeddable":true,"href":"https:\/\/colorfest.it\/fr\/wp-json\/wp\/v2\/categories?post=19970"},{"taxonomy":"post_tag","embeddable":true,"href":"https:\/\/colorfest.it\/fr\/wp-json\/wp\/v2\/tags?post=19970"}],"curies":[{"name":"wp","href":"https:\/\/api.w.org\/{rel}","templated":true}]}}