{"id":25458,"date":"2026-04-07T16:32:34","date_gmt":"2026-04-07T14:32:34","guid":{"rendered":"https:\/\/colorfest.it\/?p=25458"},"modified":"2026-04-07T17:40:18","modified_gmt":"2026-04-07T15:40:18","slug":"festival-internacional-de-artistas-del-color-2026","status":"publish","type":"post","link":"https:\/\/colorfest.it\/es\/artisti-internazionali-color-fest-2026\/","title":{"rendered":"Todos los artistas internacionales que hacen que el Festival sea ineludible"},"content":{"rendered":"<p>En <strong>Colour Fest 14<\/strong> no es s\u00f3lo el festival independiente m\u00e1s importante del sur de Italia: es una ventana abierta al mundo. La edici\u00f3n de 2026, prevista <strong>11, 12 y 13 de agosto<\/strong> en <strong>Riviera dei Tramonti en Lamezia Terme<\/strong>, trae a Calabria un elenco internacional del m\u00e1s alto nivel, con artistas de Alemania, Francia, Inglaterra, Holanda y Polonia. Nombres que llenan clubes y festivales de toda Europa y que, en muchos casos, tocan por primera -y \u00fanica- vez en el sur de Italia.<\/p>\n\n\n\n<p>He aqu\u00ed los artistas internacionales que hacen ineludible el Color Fest 14.<\/p>\n\n\n\n<p><\/p>\n\n\n\n<h2 class=\"wp-block-heading\" id=\"h-apparat-live-11-agosto\">Apparat en directo - 11 de agosto<\/h2>\n\n\n\n<figure class=\"wp-block-image alignright size-large is-resized\"><img fetchpriority=\"high\" decoding=\"async\" width=\"819\" height=\"1024\" src=\"https:\/\/colorfest.it\/wp-content\/uploads\/2026\/04\/apparat-artisti-internazionali-Color-Fest-14-819x1024.webp\" alt=\"\" class=\"wp-image-25465\" style=\"aspect-ratio:0.7998125439350152;width:386px;height:auto\" srcset=\"https:\/\/colorfest.it\/wp-content\/uploads\/2026\/04\/apparat-artisti-internazionali-Color-Fest-14-819x1024.webp 819w, https:\/\/colorfest.it\/wp-content\/uploads\/2026\/04\/apparat-artisti-internazionali-Color-Fest-14-240x300.webp 240w, https:\/\/colorfest.it\/wp-content\/uploads\/2026\/04\/apparat-artisti-internazionali-Color-Fest-14-768x960.webp 768w, https:\/\/colorfest.it\/wp-content\/uploads\/2026\/04\/apparat-artisti-internazionali-Color-Fest-14-10x12.webp 10w, https:\/\/colorfest.it\/wp-content\/uploads\/2026\/04\/apparat-artisti-internazionali-Color-Fest-14.webp 1080w\" sizes=\"(max-width: 819px) 100vw, 819px\" \/><\/figure>\n\n\n\n<p><strong>Aparato<\/strong>, nacido <strong>Sascha Ring<\/strong>, es uno de los nombres m\u00e1s venerados de la electr\u00f3nica contempor\u00e1nea. Berlin\u00e9s de adopci\u00f3n, nacido en Quedlinburg en 1978, en una carrera de m\u00e1s de 20 a\u00f1os ha construido un universo sonoro que va del minimal techno al ambient orquestal, pasando por composiciones que han conmovido a millones de personas en todo el mundo -su m\u00fasica tambi\u00e9n se ha hecho famosa como <strong>banda sonora de la serie de Netflix \u201cDark\u201d<\/strong>. La mitad del proyecto <strong>Moderat<\/strong> junto con Modeselektor, Apparat vuelve en 2026 con el nuevo \u00e1lbum <strong>\u201cUn zumbido de tal vez\u201d<\/strong>, realizado con su viejo colaborador Philipp Johann Thimm y publicado en Mute Records: un disco que fusiona texturas modulares, electr\u00f3nica intrincada y una magn\u00e9tica presencia vocal.<\/p>\n\n\n\n<p>Su actuaci\u00f3n en directo en el Color Fest ser\u00e1 el <strong>Primera vez en Calabria para Apparat<\/strong>una experiencia inmersiva, un viaje sonoro a trav\u00e9s de los temas del nuevo \u00e1lbum y los cl\u00e1sicos de su producci\u00f3n. Un acontecimiento raro y precioso para el sur de Italia.<\/p>\n\n\n\n<p><\/p>\n\n\n\n<p><\/p>\n\n\n\n<p><\/p>\n\n\n\n<h2 class=\"wp-block-heading\" id=\"h-james-holden-amp-waclaw-zimpel-11-agosto\">James Holden y Wac\u0142aw Zimpel - 11 de agosto<\/h2>\n\n\n\n<figure class=\"wp-block-image alignleft size-large is-resized\"><img decoding=\"async\" width=\"819\" height=\"1024\" src=\"https:\/\/colorfest.it\/wp-content\/uploads\/2026\/04\/James-holden-artisti-internazionali-Color-Fest-14-819x1024.webp\" alt=\"\" class=\"wp-image-25461\" style=\"aspect-ratio:0.7998125439350152;width:394px;height:auto\" srcset=\"https:\/\/colorfest.it\/wp-content\/uploads\/2026\/04\/James-holden-artisti-internazionali-Color-Fest-14-819x1024.webp 819w, https:\/\/colorfest.it\/wp-content\/uploads\/2026\/04\/James-holden-artisti-internazionali-Color-Fest-14-240x300.webp 240w, https:\/\/colorfest.it\/wp-content\/uploads\/2026\/04\/James-holden-artisti-internazionali-Color-Fest-14-768x960.webp 768w, https:\/\/colorfest.it\/wp-content\/uploads\/2026\/04\/James-holden-artisti-internazionali-Color-Fest-14-10x12.webp 10w, https:\/\/colorfest.it\/wp-content\/uploads\/2026\/04\/James-holden-artisti-internazionali-Color-Fest-14.webp 1080w\" sizes=\"(max-width: 819px) 100vw, 819px\" \/><\/figure>\n\n\n\n<p>Cuando el fabricante brit\u00e1nico de electr\u00f3nica <strong>James Holden<\/strong> conoce al clarinetista y compositor polaco <strong>Wac\u0142aw Zimpel<\/strong>, naci\u00f3 algo que trasciende los g\u00e9neros. Holden, figura de culto de la escena electr\u00f3nica londinense desde principios de la d\u00e9cada de 2000 con su sello Border Community, es famoso por un enfoque de la m\u00fasica que combina improvisaci\u00f3n, sintetizadores modulares y estructuras hipn\u00f3ticas. Zimpel aporta la profundidad de la tradici\u00f3n musical de Europa del Este y un dominio de los instrumentos de viento que atraviesa el jazz, el minimalismo y la m\u00fasica contempor\u00e1nea.<\/p>\n\n\n\n<p>Juntos, ambos crean <strong>directos que escapan a cualquier definici\u00f3n<\/strong>trances ac\u00fasticos, paisajes sonoros cambiantes, momentos de puro \u00e9xtasis musical. La imagen adjunta al festival lo dice todo: <em>\u201cLo que supondr\u00e1 escuchar este espect\u00e1culo en directo a\u00fan no lo pod\u00e9is saber. Cuando lo ve\u00e1is, os sorprender\u00e1. Es adictivo\u201d.\u201d<\/em> Una actuaci\u00f3n en directo que en el Color Fest ser\u00e1 un\u2019<strong>experiencia \u00fanica<\/strong> para el p\u00fablico calabr\u00e9s.<\/p>\n\n\n\n<p><\/p>\n\n\n\n<p><\/p>\n\n\n\n<h2 class=\"wp-block-heading\" id=\"h-sebastien-tellier-12-agosto\">S\u00e9bastien Tellier - 12 de agosto<\/h2>\n\n\n\n<figure class=\"wp-block-image alignright size-large is-resized\"><img decoding=\"async\" width=\"819\" height=\"1024\" src=\"https:\/\/colorfest.it\/wp-content\/uploads\/2026\/04\/sebastien-tellier-artisti-internazionali-Color-Fest-14-819x1024.webp\" alt=\"\" class=\"wp-image-25463\" style=\"aspect-ratio:0.7998125439350152;width:401px;height:auto\" srcset=\"https:\/\/colorfest.it\/wp-content\/uploads\/2026\/04\/sebastien-tellier-artisti-internazionali-Color-Fest-14-819x1024.webp 819w, https:\/\/colorfest.it\/wp-content\/uploads\/2026\/04\/sebastien-tellier-artisti-internazionali-Color-Fest-14-240x300.webp 240w, https:\/\/colorfest.it\/wp-content\/uploads\/2026\/04\/sebastien-tellier-artisti-internazionali-Color-Fest-14-768x960.webp 768w, https:\/\/colorfest.it\/wp-content\/uploads\/2026\/04\/sebastien-tellier-artisti-internazionali-Color-Fest-14-10x12.webp 10w, https:\/\/colorfest.it\/wp-content\/uploads\/2026\/04\/sebastien-tellier-artisti-internazionali-Color-Fest-14.webp 1080w\" sizes=\"(max-width: 819px) 100vw, 819px\" \/><\/figure>\n\n\n\n<p><strong>S\u00e9bastien Tellier<\/strong> es una leyenda viva de la m\u00fasica francesa. Parisino, nacido en 1975, lleva m\u00e1s de dos d\u00e9cadas de carrera construyendo un imaginario sonoro \u00fanico: pop enso\u00f1ador y sofisticado impregnado de toque franc\u00e9s, psicodelia y romanticismo cinematogr\u00e1fico. Quienes le conocen saben que sus \u00e1lbumes -desde <strong>\u201cPol\u00edtica\u201d<\/strong> a <strong>\u201cSexualidad\u201d<\/strong>, hasta <strong>\u201cDomesticado\u201d<\/strong> - son completos viajes sensoriales. Quienes a\u00fan no le conozcan est\u00e1n a punto de descubrir a uno de los artistas m\u00e1s ic\u00f3nicos y visionarios del panorama musical europeo.<\/p>\n\n\n\n<p>Tellier llega al Color Fest con <strong>s\u00f3lo dos citas italianas<\/strong> en 2026. Tras a\u00f1os de persecuci\u00f3n por parte de la organizaci\u00f3n del festival, el maestro franc\u00e9s subir\u00e1 por fin al escenario de la Riviera dei Tramonti. Un hito para el Color Fest y una oportunidad irrepetible para el p\u00fablico del sur de Italia.<\/p>\n\n\n\n<p><\/p>\n\n\n\n<p><\/p>\n\n\n\n<p><\/p>\n\n\n\n<p><\/p>\n\n\n\n<h2 class=\"wp-block-heading\" id=\"h-yin-yin-12-agosto\">Y\u012bn Y\u012bn - 12 de agosto<\/h2>\n\n\n\n<figure class=\"wp-block-image alignleft size-large is-resized\"><img loading=\"lazy\" decoding=\"async\" width=\"819\" height=\"1024\" src=\"https:\/\/colorfest.it\/wp-content\/uploads\/2026\/04\/Yin-yin-artisti-internazionali-Color-Fest-14-819x1024.webp\" alt=\"\" class=\"wp-image-25460\" style=\"aspect-ratio:0.7998125439350152;width:392px;height:auto\" srcset=\"https:\/\/colorfest.it\/wp-content\/uploads\/2026\/04\/Yin-yin-artisti-internazionali-Color-Fest-14-819x1024.webp 819w, https:\/\/colorfest.it\/wp-content\/uploads\/2026\/04\/Yin-yin-artisti-internazionali-Color-Fest-14-240x300.webp 240w, https:\/\/colorfest.it\/wp-content\/uploads\/2026\/04\/Yin-yin-artisti-internazionali-Color-Fest-14-768x960.webp 768w, https:\/\/colorfest.it\/wp-content\/uploads\/2026\/04\/Yin-yin-artisti-internazionali-Color-Fest-14-10x12.webp 10w, https:\/\/colorfest.it\/wp-content\/uploads\/2026\/04\/Yin-yin-artisti-internazionali-Color-Fest-14.webp 1080w\" sizes=\"(max-width: 819px) 100vw, 819px\" \/><\/figure>\n\n\n\n<p>En <strong>Maastricht<\/strong>, al sur de los Pa\u00edses Bajos, llega una de las bandas m\u00e1s excitantes y contagiosas de la escena europea: los <strong>Y\u012bn Y\u012bn<\/strong>. El cuarteto holand\u00e9s fusiona irresistiblemente <strong>funk, disco, psicodelia y sonidos del sudeste asi\u00e1tico<\/strong>, creando un c\u00f3ctel s\u00f3nico que hace moverse a cualquier p\u00fablico. Nacidos de una jam session en una escuela de baile en 2017, han conquistado r\u00e1pidamente los escenarios de festivales como Lowlands, Fuji Rock, Roskilde y Trans Musicales.<\/p>\n\n\n\n<p>En enero de 2026 publicaron su cuarto \u00e1lbum, <strong>\u201c\u00a1Yatta!\u201d<\/strong>, su trabajo m\u00e1s maduro y arrollador hasta la fecha: un disco que bebe de la m\u00fasica disco italiana, el surf y el funk c\u00f3smico, grabado en directo para captar la energ\u00eda de la banda en vivo. Sobre el escenario, Y\u012bn Y\u012bn convierten cada concierto en una fiesta colectiva. <strong>Ritmo, calidad y sonidos contagiosos, todo junto al mar<\/strong>\u00bfQu\u00e9 m\u00e1s se le puede pedir al verano?<\/p>\n\n\n\n<p><\/p>\n\n\n\n<p><\/p>\n\n\n\n<h2 class=\"wp-block-heading\" id=\"h-django-django-13-agosto\">Django Django - 13 de agosto<\/h2>\n\n\n\n<figure class=\"wp-block-image alignright size-large is-resized\"><img loading=\"lazy\" decoding=\"async\" width=\"819\" height=\"1024\" src=\"https:\/\/colorfest.it\/wp-content\/uploads\/2026\/04\/django-django-artisti-internazionali-Color-Fest-14-819x1024.webp\" alt=\"\" class=\"wp-image-25464\" style=\"aspect-ratio:0.7998125439350152;width:394px;height:auto\" srcset=\"https:\/\/colorfest.it\/wp-content\/uploads\/2026\/04\/django-django-artisti-internazionali-Color-Fest-14-819x1024.webp 819w, https:\/\/colorfest.it\/wp-content\/uploads\/2026\/04\/django-django-artisti-internazionali-Color-Fest-14-240x300.webp 240w, https:\/\/colorfest.it\/wp-content\/uploads\/2026\/04\/django-django-artisti-internazionali-Color-Fest-14-768x960.webp 768w, https:\/\/colorfest.it\/wp-content\/uploads\/2026\/04\/django-django-artisti-internazionali-Color-Fest-14-10x12.webp 10w, https:\/\/colorfest.it\/wp-content\/uploads\/2026\/04\/django-django-artisti-internazionali-Color-Fest-14.webp 1080w\" sizes=\"(max-width: 819px) 100vw, 819px\" \/><\/figure>\n\n\n\n<p>I <strong>Django Django<\/strong> son un pedazo de la historia de la m\u00fasica contempor\u00e1nea brit\u00e1nica. Formados en Londres pero con ra\u00edces escocesas, desde su \u00e1lbum de debut hom\u00f3nimo en 2012 -nominado al Mercury Prize- han construido un recorrido art\u00edstico que abarca... <strong>art-rock, synth-pop, psicodelia y ritmos tribales<\/strong>, siempre con una actitud visionaria y una capacidad \u00fanica para hacer bailar al p\u00fablico. Cuatro \u00e1lbumes de estudio les han confirmado como una de las bandas m\u00e1s creativas e imprevisibles del panorama indie internacional, desde <strong>\u201cNacido bajo Saturno\u201d<\/strong> a <strong>\u201cBrillando en la oscuridad\u201d<\/strong> hasta <strong>\u201cFuera del planeta\u201d<\/strong>.<\/p>\n\n\n\n<p>Su directo es una experiencia apasionante, un flujo de energ\u00eda y melod\u00edas que no te deja quieto. En el Color Fest 14 tocar\u00e1n el <strong>13 de agosto<\/strong>, clausurando el festival con uno de los conciertos m\u00e1s esperados: <em>s\u00f3lo tienes que decidir si quieres ir descalzo o con zapatos c\u00f3modos<\/em>.<\/p>\n\n\n\n<p><\/p>\n\n\n\n<p><\/p>\n\n\n\n<p><\/p>\n\n\n\n<p><\/p>\n\n\n\n<p><\/p>\n\n\n\n<h2 class=\"wp-block-heading\" id=\"h-deadletter-13-agosto\">Deadletter - 13 de agosto<\/h2>\n\n\n\n<figure class=\"wp-block-image alignleft size-large is-resized\"><img loading=\"lazy\" decoding=\"async\" width=\"819\" height=\"1024\" src=\"https:\/\/colorfest.it\/wp-content\/uploads\/2026\/04\/deadletter-artisti-internazionali-Color-Fest-14-819x1024.webp\" alt=\"\" class=\"wp-image-25459\" style=\"aspect-ratio:0.7998125439350152;width:398px;height:auto\" srcset=\"https:\/\/colorfest.it\/wp-content\/uploads\/2026\/04\/deadletter-artisti-internazionali-Color-Fest-14-819x1024.webp 819w, https:\/\/colorfest.it\/wp-content\/uploads\/2026\/04\/deadletter-artisti-internazionali-Color-Fest-14-240x300.webp 240w, https:\/\/colorfest.it\/wp-content\/uploads\/2026\/04\/deadletter-artisti-internazionali-Color-Fest-14-768x960.webp 768w, https:\/\/colorfest.it\/wp-content\/uploads\/2026\/04\/deadletter-artisti-internazionali-Color-Fest-14-10x12.webp 10w, https:\/\/colorfest.it\/wp-content\/uploads\/2026\/04\/deadletter-artisti-internazionali-Color-Fest-14.webp 1080w\" sizes=\"(max-width: 819px) 100vw, 819px\" \/><\/figure>\n\n\n\n<p><\/p>\n\n\n\n<p>I <strong>Letra muerta<\/strong> son la banda brit\u00e1nica del momento. Nacidos en Yorkshire y trasplantados a Londres, liderados por el carism\u00e1tico frontman <strong>Zac Lawrence<\/strong>, han conquistado la escena post-punk europea con una energ\u00eda devastadora en directo, letras afiladas y la inconfundible presencia del saxof\u00f3n que les diferencia de cualquier otra banda de su generaci\u00f3n. Tras su aclamado debut <strong>\u201cFuerza hist\u00e9rica\u201d<\/strong> (2024), publicaron en febrero de 2026 su segundo \u00e1lbum <strong>\u201cLa existencia es felicidad\u201d<\/strong> en So Recordings: doce temas que expanden su sonido hacia atm\u00f3sferas new wave y experimentaci\u00f3n electr\u00f3nica, sin perder un \u00e1pice de ferocidad.<\/p>\n\n\n\n<p>Con <strong>m\u00e1s de 200.000 oyentes mensuales en Spotify<\/strong> y una serie de <strong>agotadas en los clubes italianos<\/strong>, Deadletter son una fuerza viva a tener en cuenta. El Color Fest los trae por fin al sur: <strong>nos pondremos de pie y cantaremos<\/strong>.<\/p>\n\n\n\n<p><\/p>\n\n\n\n<p><\/p>\n\n\n\n<p><\/p>\n\n\n\n<h2 class=\"wp-block-heading\" id=\"h-un-festival-che-parla-il-linguaggio-del-mondo\">Un festival que habla el idioma del mundo<\/h2>\n\n\n\n<figure class=\"wp-block-image aligncenter size-large is-resized\"><img loading=\"lazy\" decoding=\"async\" width=\"819\" height=\"1024\" src=\"https:\/\/colorfest.it\/wp-content\/uploads\/2026\/04\/lineup-Color-Fest-14-con-sfondo-819x1024.webp\" alt=\"\" class=\"wp-image-25467\" style=\"aspect-ratio:0.7998125439350152;width:533px;height:auto\" srcset=\"https:\/\/colorfest.it\/wp-content\/uploads\/2026\/04\/lineup-Color-Fest-14-con-sfondo-819x1024.webp 819w, https:\/\/colorfest.it\/wp-content\/uploads\/2026\/04\/lineup-Color-Fest-14-con-sfondo-240x300.webp 240w, https:\/\/colorfest.it\/wp-content\/uploads\/2026\/04\/lineup-Color-Fest-14-con-sfondo-768x960.webp 768w, https:\/\/colorfest.it\/wp-content\/uploads\/2026\/04\/lineup-Color-Fest-14-con-sfondo-10x12.webp 10w, https:\/\/colorfest.it\/wp-content\/uploads\/2026\/04\/lineup-Color-Fest-14-con-sfondo.webp 1080w\" sizes=\"(max-width: 819px) 100vw, 819px\" \/><\/figure>\n\n\n\n<p>Seis artistas internacionales de <strong>cinco pa\u00edses diferentes<\/strong> - Alemania, Reino Unido, Francia, Pa\u00edses Bajos, Polonia... traen a Calabria lo mejor del panorama musical europeo. Junto a ellos, un elenco italiano igualmente extraordinario que incluye a <strong>Cosmo<\/strong> con su concierto por la ma\u00f1ana, <strong>El Circo Zen<\/strong>, <strong>La Ni\u00f1a<\/strong>, <strong>Dimartino<\/strong>, <strong>Vamos Tigre<\/strong>, <strong>Todos los fen\u00f3menos<\/strong> y muchos otros.<\/p>\n\n\n\n<p>En <strong>Fiesta del color<\/strong>, alcanz\u00f3 su <strong>decimocuarta edici\u00f3n<\/strong>, confirma una vez m\u00e1s su vocaci\u00f3n: ser un puente entre Calabria y el resto del mundo, un lugar donde la m\u00fasica de vanguardia se encuentra con la belleza del Mediterr\u00e1neo. Con m\u00e1s de <strong>60% del p\u00fablico de fuera de la regi\u00f3n<\/strong>, el festival se ha convertido en una referencia nacional para quienes buscan experiencias musicales aut\u00e9nticas y fuera de lo com\u00fan.<\/p>\n\n\n\n<p><strong>Colour Fest 14 - Verano en una playa solitaria<\/strong><br>11, 12, 13 de agosto de 2026<br>Lungomare Falcone e Borsellino - Riviera dei Tramonti, Lamezia Terme (CZ)<br><strong>Entradas y abonos disponibles en <a href=\"https:\/\/colorfest.it\/es\/entradas-info\/\">colourfest.es\/tickets-info<\/a><\/strong><\/p>\n\n\n\n<div class=\"wp-block-webfactory-map\"><div class=\"wp-block-webfactory-map\"><iframe title=\"Mapa\" width=\"100%\" height=\"300px\" src=\"https:\/\/www.google.com\/maps\/embed\/v1\/place?q=color%20fest&amp;maptype=roadmap&amp;zoom=10&amp;key=AIzaSyCkZ4OiAzwxwAIPSAuUNABhKJKgbafAfnY\" frameborder=\"0\"><\/iframe><\/div><\/div>\n\n\n\n<p><\/p>","protected":false},"excerpt":{"rendered":"<p>Il Color Fest 14 non \u00e8 solo il festival indipendente pi\u00f9 importante del sud Italia: \u00e8 una finestra spalancata sul mondo. L&#8217;edizione 2026, in programma l&#8217;11, 12 e 13 agosto sulla Riviera dei Tramonti a Lamezia Terme, porta in Calabria un cast internazionale di altissimo livello, con artisti che arrivano da Germania, Francia, Inghilterra, Olanda [&hellip;]<\/p>\n","protected":false},"author":7,"featured_media":25462,"comment_status":"closed","ping_status":"closed","sticky":false,"template":"","format":"standard","meta":{"_acf_changed":false,"footnotes":""},"categories":[1,175,167],"tags":[],"class_list":["post-25458","post","type-post","status-publish","format-standard","has-post-thumbnail","hentry","category-color-fest","category-color-fest-14","category-lineup"],"acf":[],"yoast_head":"<!-- This site is optimized with the Yoast SEO Premium plugin v27.3 (Yoast SEO v27.4) - https:\/\/yoast.com\/product\/yoast-seo-premium-wordpress\/ -->\n<title>Artisti internazionali al Color Fest 2026: Apparat, Tellier, Django Django e altri<\/title>\n<meta name=\"description\" content=\"Da Apparat a S\u00e9bastien Tellier, da Django Django ai Deadletter: tutti gli artisti internazionali che rendono imperdibile il Color Fest 14. 11-13 agosto, Lamezia Terme.\" \/>\n<meta name=\"robots\" content=\"index, follow, max-snippet:-1, max-image-preview:large, max-video-preview:-1\" \/>\n<link rel=\"canonical\" href=\"https:\/\/colorfest.it\/es\/festival-internacional-de-artistas-del-color-2026\/\" \/>\n<meta property=\"og:locale\" content=\"es_ES\" \/>\n<meta property=\"og:type\" content=\"article\" \/>\n<meta property=\"og:title\" content=\"Tutti gli artisti internazionali che rendono imperdibile il Festival\" \/>\n<meta property=\"og:description\" content=\"Da Apparat a S\u00e9bastien Tellier, da Django Django ai Deadletter: tutti gli artisti internazionali che rendono imperdibile il Color Fest 14. 11-13 agosto, Lamezia Terme.\" \/>\n<meta property=\"og:url\" content=\"https:\/\/colorfest.it\/es\/festival-internacional-de-artistas-del-color-2026\/\" \/>\n<meta property=\"og:site_name\" content=\"Color Fest - Festival di Musica | 11 - 12 - 13 Agosto 2026 | in Calabria\" \/>\n<meta property=\"article:publisher\" content=\"http:\/\/facebook.com\/colorfestlamezia\/\" \/>\n<meta property=\"article:published_time\" content=\"2026-04-07T14:32:34+00:00\" \/>\n<meta property=\"article:modified_time\" content=\"2026-04-07T15:40:18+00:00\" \/>\n<meta property=\"og:image\" content=\"https:\/\/colorfest.it\/wp-content\/uploads\/2026\/04\/non-mancare-Color-Fest-14.webp\" \/>\n\t<meta property=\"og:image:width\" content=\"1080\" \/>\n\t<meta property=\"og:image:height\" content=\"1350\" \/>\n\t<meta property=\"og:image:type\" content=\"image\/webp\" \/>\n<meta name=\"author\" content=\"Salvatore Bilotti\" \/>\n<meta name=\"twitter:card\" content=\"summary_large_image\" \/>\n<meta name=\"twitter:description\" content=\"Color Fest - Festival di Musica, dal 2013 punto di riferimento per la musica dal vivo &gt;&gt; 11 - 12 - 13 Agosto 2026 Lungomare Falcone Borsellino.\" \/>\n<meta name=\"twitter:label1\" content=\"Escrito por\" \/>\n\t<meta name=\"twitter:data1\" content=\"Salvatore Bilotti\" \/>\n\t<meta name=\"twitter:label2\" content=\"Tiempo de lectura\" \/>\n\t<meta name=\"twitter:data2\" content=\"8 minutos\" \/>\n<script type=\"application\/ld+json\" class=\"yoast-schema-graph\">{\"@context\":\"https:\\\/\\\/schema.org\",\"@graph\":[{\"@type\":\"Article\",\"@id\":\"https:\\\/\\\/colorfest.it\\\/artisti-internazionali-color-fest-2026\\\/#article\",\"isPartOf\":{\"@id\":\"https:\\\/\\\/colorfest.it\\\/artisti-internazionali-color-fest-2026\\\/\"},\"author\":{\"name\":\"Salvatore Bilotti\",\"@id\":\"https:\\\/\\\/colorfest.it\\\/#\\\/schema\\\/person\\\/174195bbe9c056259e2ca3e13087d54b\"},\"headline\":\"Tutti gli artisti internazionali che rendono imperdibile il Festival\",\"datePublished\":\"2026-04-07T14:32:34+00:00\",\"dateModified\":\"2026-04-07T15:40:18+00:00\",\"mainEntityOfPage\":{\"@id\":\"https:\\\/\\\/colorfest.it\\\/artisti-internazionali-color-fest-2026\\\/\"},\"wordCount\":1105,\"publisher\":{\"@id\":\"https:\\\/\\\/colorfest.it\\\/#organization\"},\"image\":{\"@id\":\"https:\\\/\\\/colorfest.it\\\/artisti-internazionali-color-fest-2026\\\/#primaryimage\"},\"thumbnailUrl\":\"https:\\\/\\\/colorfest.it\\\/wp-content\\\/uploads\\\/2026\\\/04\\\/non-mancare-Color-Fest-14.webp\",\"articleSection\":[\"Color Fest\",\"Color Fest 14\",\"Lineup\"],\"inLanguage\":\"es\"},{\"@type\":\"WebPage\",\"@id\":\"https:\\\/\\\/colorfest.it\\\/artisti-internazionali-color-fest-2026\\\/\",\"url\":\"https:\\\/\\\/colorfest.it\\\/artisti-internazionali-color-fest-2026\\\/\",\"name\":\"Artisti internazionali al Color Fest 2026: Apparat, Tellier, Django Django e altri\",\"isPartOf\":{\"@id\":\"https:\\\/\\\/colorfest.it\\\/#website\"},\"primaryImageOfPage\":{\"@id\":\"https:\\\/\\\/colorfest.it\\\/artisti-internazionali-color-fest-2026\\\/#primaryimage\"},\"image\":{\"@id\":\"https:\\\/\\\/colorfest.it\\\/artisti-internazionali-color-fest-2026\\\/#primaryimage\"},\"thumbnailUrl\":\"https:\\\/\\\/colorfest.it\\\/wp-content\\\/uploads\\\/2026\\\/04\\\/non-mancare-Color-Fest-14.webp\",\"datePublished\":\"2026-04-07T14:32:34+00:00\",\"dateModified\":\"2026-04-07T15:40:18+00:00\",\"description\":\"Da Apparat a S\u00e9bastien Tellier, da Django Django ai Deadletter: tutti gli artisti internazionali che rendono imperdibile il Color Fest 14. 11-13 agosto, Lamezia Terme.\",\"breadcrumb\":{\"@id\":\"https:\\\/\\\/colorfest.it\\\/artisti-internazionali-color-fest-2026\\\/#breadcrumb\"},\"inLanguage\":\"es\",\"potentialAction\":[{\"@type\":\"ReadAction\",\"target\":[\"https:\\\/\\\/colorfest.it\\\/artisti-internazionali-color-fest-2026\\\/\"]}]},{\"@type\":\"ImageObject\",\"inLanguage\":\"es\",\"@id\":\"https:\\\/\\\/colorfest.it\\\/artisti-internazionali-color-fest-2026\\\/#primaryimage\",\"url\":\"https:\\\/\\\/colorfest.it\\\/wp-content\\\/uploads\\\/2026\\\/04\\\/non-mancare-Color-Fest-14.webp\",\"contentUrl\":\"https:\\\/\\\/colorfest.it\\\/wp-content\\\/uploads\\\/2026\\\/04\\\/non-mancare-Color-Fest-14.webp\",\"width\":1080,\"height\":1350,\"caption\":\"non mancare Color Fest 14\"},{\"@type\":\"BreadcrumbList\",\"@id\":\"https:\\\/\\\/colorfest.it\\\/artisti-internazionali-color-fest-2026\\\/#breadcrumb\",\"itemListElement\":[{\"@type\":\"ListItem\",\"position\":1,\"name\":\"Home\",\"item\":\"https:\\\/\\\/colorfest.it\\\/\"},{\"@type\":\"ListItem\",\"position\":2,\"name\":\"Tutti gli artisti internazionali che rendono imperdibile il Festival\"}]},{\"@type\":\"WebSite\",\"@id\":\"https:\\\/\\\/colorfest.it\\\/#website\",\"url\":\"https:\\\/\\\/colorfest.it\\\/\",\"name\":\"Color Fest - Festival di Musica | 11 - 12 - 13 Agosto 2026 | in Calabria\",\"description\":\"Color Fest - Festival di Musica, dal 2013 punto di riferimento per la musica dal vivo &gt;&gt; 11 - 12 - 13 Agosto 2026 Lungomare Falcone Borsellino.\",\"publisher\":{\"@id\":\"https:\\\/\\\/colorfest.it\\\/#organization\"},\"alternateName\":\"Color Fest - Festival di Musica | 11 - 12 - 13 Agosto 2026 @Lungomare Falcone Borsellino\",\"potentialAction\":[{\"@type\":\"SearchAction\",\"target\":{\"@type\":\"EntryPoint\",\"urlTemplate\":\"https:\\\/\\\/colorfest.it\\\/?s={search_term_string}\"},\"query-input\":{\"@type\":\"PropertyValueSpecification\",\"valueRequired\":true,\"valueName\":\"search_term_string\"}}],\"inLanguage\":\"es\"},{\"@type\":\"Organization\",\"@id\":\"https:\\\/\\\/colorfest.it\\\/#organization\",\"name\":\"Che cosa sono le nuvole APS\",\"alternateName\":\"Color Fest\",\"url\":\"https:\\\/\\\/colorfest.it\\\/\",\"logo\":{\"@type\":\"ImageObject\",\"inLanguage\":\"es\",\"@id\":\"https:\\\/\\\/colorfest.it\\\/#\\\/schema\\\/logo\\\/image\\\/\",\"url\":\"https:\\\/\\\/colorfest.it\\\/wp-content\\\/uploads\\\/2022\\\/03\\\/checosasonolenuvole.png\",\"contentUrl\":\"https:\\\/\\\/colorfest.it\\\/wp-content\\\/uploads\\\/2022\\\/03\\\/checosasonolenuvole.png\",\"width\":952,\"height\":844,\"caption\":\"Che cosa sono le nuvole APS\"},\"image\":{\"@id\":\"https:\\\/\\\/colorfest.it\\\/#\\\/schema\\\/logo\\\/image\\\/\"},\"sameAs\":[\"http:\\\/\\\/facebook.com\\\/colorfestlamezia\\\/\",\"http:\\\/\\\/instagram.com\\\/color_fest_\\\/\",\"https:\\\/\\\/www.linkedin.com\\\/company\\\/color-fest\\\/\"],\"description\":\"Color Fest - Festival di Musica, dal 2013 punto di riferimento per la musica dal vivo >> 11 - 12 - 13 Agosto 2026 Lungomare Falcone Borsellino.\",\"email\":\"scrivi@colorfest.it\",\"legalName\":\"Che cosa sono le nuvole APS\",\"foundingDate\":\"2012-10-12\",\"vatID\":\"03309120792\",\"taxID\":\"92029190797\",\"numberOfEmployees\":{\"@type\":\"QuantitativeValue\",\"minValue\":\"11\",\"maxValue\":\"50\"}},{\"@type\":\"Person\",\"@id\":\"https:\\\/\\\/colorfest.it\\\/#\\\/schema\\\/person\\\/174195bbe9c056259e2ca3e13087d54b\",\"name\":\"Salvatore Bilotti\",\"image\":{\"@type\":\"ImageObject\",\"inLanguage\":\"es\",\"@id\":\"https:\\\/\\\/secure.gravatar.com\\\/avatar\\\/ffea54082f2805c177a23aec9bc4121df09c213e6ca8fda40be720241c65e38e?s=96&d=mm&r=g\",\"url\":\"https:\\\/\\\/secure.gravatar.com\\\/avatar\\\/ffea54082f2805c177a23aec9bc4121df09c213e6ca8fda40be720241c65e38e?s=96&d=mm&r=g\",\"contentUrl\":\"https:\\\/\\\/secure.gravatar.com\\\/avatar\\\/ffea54082f2805c177a23aec9bc4121df09c213e6ca8fda40be720241c65e38e?s=96&d=mm&r=g\",\"caption\":\"Salvatore Bilotti\"}}]}<\/script>\n<!-- \/ Yoast SEO Premium plugin. -->","yoast_head_json":{"title":"Artistas internacionales en el Color Fest 2026: Apparat, Tellier, Django Django y otros","description":"De Apparat a S\u00e9bastien Tellier, de Django Django a Deadletter: todos los artistas internacionales que hacen ineludible el Color Fest 14. 11-13 de agosto, Lamezia Terme.","robots":{"index":"index","follow":"follow","max-snippet":"max-snippet:-1","max-image-preview":"max-image-preview:large","max-video-preview":"max-video-preview:-1"},"canonical":"https:\/\/colorfest.it\/es\/festival-internacional-de-artistas-del-color-2026\/","og_locale":"es_ES","og_type":"article","og_title":"Tutti gli artisti internazionali che rendono imperdibile il Festival","og_description":"Da Apparat a S\u00e9bastien Tellier, da Django Django ai Deadletter: tutti gli artisti internazionali che rendono imperdibile il Color Fest 14. 11-13 agosto, Lamezia Terme.","og_url":"https:\/\/colorfest.it\/es\/festival-internacional-de-artistas-del-color-2026\/","og_site_name":"Color Fest - Festival di Musica | 11 - 12 - 13 Agosto 2026 | in Calabria","article_publisher":"http:\/\/facebook.com\/colorfestlamezia\/","article_published_time":"2026-04-07T14:32:34+00:00","article_modified_time":"2026-04-07T15:40:18+00:00","og_image":[{"width":1080,"height":1350,"url":"https:\/\/colorfest.it\/wp-content\/uploads\/2026\/04\/non-mancare-Color-Fest-14.webp","type":"image\/webp"}],"author":"Salvatore Bilotti","twitter_card":"summary_large_image","twitter_description":"Color Fest - Festival di Musica, dal 2013 punto di riferimento per la musica dal vivo >> 11 - 12 - 13 Agosto 2026 Lungomare Falcone Borsellino.","twitter_misc":{"Escrito por":"Salvatore Bilotti","Tiempo de lectura":"8 minutos"},"schema":{"@context":"https:\/\/schema.org","@graph":[{"@type":"Article","@id":"https:\/\/colorfest.it\/artisti-internazionali-color-fest-2026\/#article","isPartOf":{"@id":"https:\/\/colorfest.it\/artisti-internazionali-color-fest-2026\/"},"author":{"name":"Salvatore Bilotti","@id":"https:\/\/colorfest.it\/#\/schema\/person\/174195bbe9c056259e2ca3e13087d54b"},"headline":"Tutti gli artisti internazionali che rendono imperdibile il Festival","datePublished":"2026-04-07T14:32:34+00:00","dateModified":"2026-04-07T15:40:18+00:00","mainEntityOfPage":{"@id":"https:\/\/colorfest.it\/artisti-internazionali-color-fest-2026\/"},"wordCount":1105,"publisher":{"@id":"https:\/\/colorfest.it\/#organization"},"image":{"@id":"https:\/\/colorfest.it\/artisti-internazionali-color-fest-2026\/#primaryimage"},"thumbnailUrl":"https:\/\/colorfest.it\/wp-content\/uploads\/2026\/04\/non-mancare-Color-Fest-14.webp","articleSection":["Color Fest","Color Fest 14","Lineup"],"inLanguage":"es"},{"@type":"WebPage","@id":"https:\/\/colorfest.it\/artisti-internazionali-color-fest-2026\/","url":"https:\/\/colorfest.it\/artisti-internazionali-color-fest-2026\/","name":"Artistas internacionales en el Color Fest 2026: Apparat, Tellier, Django Django y otros","isPartOf":{"@id":"https:\/\/colorfest.it\/#website"},"primaryImageOfPage":{"@id":"https:\/\/colorfest.it\/artisti-internazionali-color-fest-2026\/#primaryimage"},"image":{"@id":"https:\/\/colorfest.it\/artisti-internazionali-color-fest-2026\/#primaryimage"},"thumbnailUrl":"https:\/\/colorfest.it\/wp-content\/uploads\/2026\/04\/non-mancare-Color-Fest-14.webp","datePublished":"2026-04-07T14:32:34+00:00","dateModified":"2026-04-07T15:40:18+00:00","description":"De Apparat a S\u00e9bastien Tellier, de Django Django a Deadletter: todos los artistas internacionales que hacen ineludible el Color Fest 14. 11-13 de agosto, Lamezia Terme.","breadcrumb":{"@id":"https:\/\/colorfest.it\/artisti-internazionali-color-fest-2026\/#breadcrumb"},"inLanguage":"es","potentialAction":[{"@type":"ReadAction","target":["https:\/\/colorfest.it\/artisti-internazionali-color-fest-2026\/"]}]},{"@type":"ImageObject","inLanguage":"es","@id":"https:\/\/colorfest.it\/artisti-internazionali-color-fest-2026\/#primaryimage","url":"https:\/\/colorfest.it\/wp-content\/uploads\/2026\/04\/non-mancare-Color-Fest-14.webp","contentUrl":"https:\/\/colorfest.it\/wp-content\/uploads\/2026\/04\/non-mancare-Color-Fest-14.webp","width":1080,"height":1350,"caption":"non mancare Color Fest 14"},{"@type":"BreadcrumbList","@id":"https:\/\/colorfest.it\/artisti-internazionali-color-fest-2026\/#breadcrumb","itemListElement":[{"@type":"ListItem","position":1,"name":"Home","item":"https:\/\/colorfest.it\/"},{"@type":"ListItem","position":2,"name":"Tutti gli artisti internazionali che rendono imperdibile il Festival"}]},{"@type":"WebSite","@id":"https:\/\/colorfest.it\/#website","url":"https:\/\/colorfest.it\/","name":"Color Fest - Festival de M\u00fasica | 11 - 12 - 13 agosto 2026 | en Calabria","description":"Color Fest - Festival de M\u00fasica, desde 2013 un punto de referencia para la m\u00fasica en vivo &gt;&gt; 11 - 12 - 13 Agosto 2026 Lungomare Falcone Borsellino","publisher":{"@id":"https:\/\/colorfest.it\/#organization"},"alternateName":"Color Fest - Festival di Musica | 11 - 12 - 13 Agosto 2026 @Lungomare Falcone Borsellino","potentialAction":[{"@type":"SearchAction","target":{"@type":"EntryPoint","urlTemplate":"https:\/\/colorfest.it\/?s={search_term_string}"},"query-input":{"@type":"PropertyValueSpecification","valueRequired":true,"valueName":"search_term_string"}}],"inLanguage":"es"},{"@type":"Organization","@id":"https:\/\/colorfest.it\/#organization","name":"Qu\u00e9 son las nubes APS","alternateName":"Color Fest","url":"https:\/\/colorfest.it\/","logo":{"@type":"ImageObject","inLanguage":"es","@id":"https:\/\/colorfest.it\/#\/schema\/logo\/image\/","url":"https:\/\/colorfest.it\/wp-content\/uploads\/2022\/03\/checosasonolenuvole.png","contentUrl":"https:\/\/colorfest.it\/wp-content\/uploads\/2022\/03\/checosasonolenuvole.png","width":952,"height":844,"caption":"Che cosa sono le nuvole APS"},"image":{"@id":"https:\/\/colorfest.it\/#\/schema\/logo\/image\/"},"sameAs":["http:\/\/facebook.com\/colorfestlamezia\/","http:\/\/instagram.com\/color_fest_\/","https:\/\/www.linkedin.com\/company\/color-fest\/"],"description":"Color Fest - Festival de M\u00fasica, desde 2013 un punto de referencia para la m\u00fasica en vivo &gt;&gt; 11 - 12 - 13 Agosto 2026 Lungomare Falcone Borsellino","email":"scrivi@colorfest.it","legalName":"Che cosa sono le nuvole APS","foundingDate":"2012-10-12","vatID":"03309120792","taxID":"92029190797","numberOfEmployees":{"@type":"QuantitativeValue","minValue":"11","maxValue":"50"}},{"@type":"Person","@id":"https:\/\/colorfest.it\/#\/schema\/person\/174195bbe9c056259e2ca3e13087d54b","name":"Salvatore Bilotti","image":{"@type":"ImageObject","inLanguage":"es","@id":"https:\/\/secure.gravatar.com\/avatar\/ffea54082f2805c177a23aec9bc4121df09c213e6ca8fda40be720241c65e38e?s=96&d=mm&r=g","url":"https:\/\/secure.gravatar.com\/avatar\/ffea54082f2805c177a23aec9bc4121df09c213e6ca8fda40be720241c65e38e?s=96&d=mm&r=g","contentUrl":"https:\/\/secure.gravatar.com\/avatar\/ffea54082f2805c177a23aec9bc4121df09c213e6ca8fda40be720241c65e38e?s=96&d=mm&r=g","caption":"Salvatore Bilotti"}}]}},"_links":{"self":[{"href":"https:\/\/colorfest.it\/es\/wp-json\/wp\/v2\/posts\/25458","targetHints":{"allow":["GET"]}}],"collection":[{"href":"https:\/\/colorfest.it\/es\/wp-json\/wp\/v2\/posts"}],"about":[{"href":"https:\/\/colorfest.it\/es\/wp-json\/wp\/v2\/types\/post"}],"author":[{"embeddable":true,"href":"https:\/\/colorfest.it\/es\/wp-json\/wp\/v2\/users\/7"}],"replies":[{"embeddable":true,"href":"https:\/\/colorfest.it\/es\/wp-json\/wp\/v2\/comments?post=25458"}],"version-history":[{"count":0,"href":"https:\/\/colorfest.it\/es\/wp-json\/wp\/v2\/posts\/25458\/revisions"}],"wp:featuredmedia":[{"embeddable":true,"href":"https:\/\/colorfest.it\/es\/wp-json\/wp\/v2\/media\/25462"}],"wp:attachment":[{"href":"https:\/\/colorfest.it\/es\/wp-json\/wp\/v2\/media?parent=25458"}],"wp:term":[{"taxonomy":"category","embeddable":true,"href":"https:\/\/colorfest.it\/es\/wp-json\/wp\/v2\/categories?post=25458"},{"taxonomy":"post_tag","embeddable":true,"href":"https:\/\/colorfest.it\/es\/wp-json\/wp\/v2\/tags?post=25458"}],"curies":[{"name":"wp","href":"https:\/\/api.w.org\/{rel}","templated":true}]}}