{"id":19970,"date":"2025-02-28T17:31:20","date_gmt":"2025-02-28T16:31:20","guid":{"rendered":"https:\/\/colorfest.it\/?p=19970"},"modified":"2026-03-18T09:01:29","modified_gmt":"2026-03-18T08:01:29","slug":"fiesta-del-color-11-12-13-agosto-2026-sunset-riviera","status":"publish","type":"post","link":"https:\/\/colorfest.it\/es\/color-fest-11-12-13-agosto-2026-riviera-dei-tramonti\/","title":{"rendered":"Color Fest 2026: tres d\u00edas de m\u00fasica en la Riviera de Tramonti del 11 al 13 de agosto"},"content":{"rendered":"<p>El Color Fest 2026 vuelve al Lungomare Falcone Borsellino de Lamezia Terme en su decimocuarta edici\u00f3n. Del 11 al 13 de agosto, bajo el reclamo <em>\u201cVerano en una playa solitaria\u201d<\/em>, El festival de m\u00fasica m\u00e1s importante de Calabria vuelve a transformar la costa tirrena en un escenario al aire libre, con un programa que combina artistas internacionales, cantautores italianos y nuevos descubrimientos de la escena independiente.<\/p>\n\n\n\n<p>Tras su debut en la costa en 2025 -la edici\u00f3n que marc\u00f3 el paso de las colinas al mar-, el Color Fest XIV confirma la Riviera dei Tramonti como su sede natural, dando continuidad a un proyecto que lleva desde 2013 construyendo cultura, comunidad y turismo musical en el coraz\u00f3n del Sur.<\/p>\n\n\n\n<p><strong>La Riviera de los Atardeceres: sede del Color Fest XIV<\/strong><\/p>\n\n\n\n<p>El Lungomare Falcone Borsellino domina el golfo de Sant'Eufemia, en un tramo de la costa tirrena conocido como la Riviera dei Tramonti por las espectaculares luces crepusculares que pintan el cielo sobre el mar cada atardecer. Es aqu\u00ed donde el Color Fest ha encontrado su dimensi\u00f3n m\u00e1s aut\u00e9ntica: los escenarios se levantan entre la arena y el pinar, el p\u00fablico se mueve entre los conciertos y la orilla, y el Stromboli se ilumina en el horizonte al caer las \u00faltimas notas de la tarde.<\/p>\n\n\n\n<p>Esta zona del litoral lametino representa un contexto natural y paisaj\u00edstico de gran impacto, capaz de ofrecer una experiencia que va mucho m\u00e1s all\u00e1 del concierto. La brisa marina, el sonido de las olas y la atm\u00f3sfera envolvente de la puesta de sol convierten cada d\u00eda del festival en una inmersi\u00f3n total en la m\u00fasica y el paisaje, en una f\u00f3rmula que no tiene parang\u00f3n entre los festivales de verano del sur de Italia.<\/p>\n\n\n\n<p><strong>Un cartel de nombres internacionales y citas calabresas \u00fanicas<\/strong><\/p>\n\n\n\n<p>El Color Fest XIV trae a Lamezia Terme un ambicioso programa repartido en tres d\u00edas y varios escenarios. Entre los artistas ya anunciados para la edici\u00f3n de 2026 hay nombres que vienen a Calabria por primera vez y otros que eligen el festival como \u00fanica parada en la regi\u00f3n.<\/p>\n\n\n\n<p>La primera jornada, el lunes 11 de agosto, incluye <strong>Aparato<\/strong> - por primera vez en Calabria con su actuaci\u00f3n en directo, junto con <strong>Vamos Tigre<\/strong>, <strong>James Holden y Wac\u0142aw Zimpel<\/strong> e <strong>Gaia Banfi<\/strong>. El martes 12 de agosto se inaugura al amanecer con un concierto matinal a cargo de <strong>Cosmo<\/strong> (8-11 horas, con motivo de la presentaci\u00f3n del \u00e1lbum <em>Fuente<\/em>), para continuar con <strong>El Circo Zen<\/strong> (\u00fanica cita en Calabria), <strong>Todos los fen\u00f3menos<\/strong> (\u00fanica cita en Calabria), <strong>Y\u012bn Y\u012bn<\/strong>, <strong>Nico Arezzo<\/strong> e <strong>Anna Castilla<\/strong> como invitado especial. La tercera jornada, el mi\u00e9rcoles 13 de agosto, cierra el festival con <strong>Django Django<\/strong>, <strong>La Ni\u00f1a<\/strong> (\u00fanica cita en Calabria, ganador de la Targa Tenco 2025), <strong>Letra muerta<\/strong> e <strong>Mai Mai<\/strong>. El cartel a\u00fan se est\u00e1 ultimando: en las pr\u00f3ximas semanas se anunciar\u00e1n m\u00e1s artistas.<\/p>\n\n\n\n<p><strong>C\u00f3mo llegar al Color Fest: un festival en el centro de Calabria<\/strong><\/p>\n\n\n\n<p>Uno de los puntos fuertes del Lungomare Falcone Borsellino es su estrat\u00e9gica ubicaci\u00f3n. Se encuentra a pocos minutos del aeropuerto internacional de Lamezia Terme -el principal aeropuerto de Calabria, conectado por vuelos directos con las principales ciudades italianas y europeas- y de la estaci\u00f3n de ferrocarril Lamezia Terme Centrale. Esta accesibilidad convierte al Color Fest en uno de los festivales de verano de m\u00e1s f\u00e1cil acceso del Sur, tanto para los que llegan en avi\u00f3n como para los que viajan en tren o en coche por la autopista A2.<\/p>\n\n\n\n<p>Una vez en el paseo mar\u00edtimo, el p\u00fablico puede contar con los servicios ya presentes en la orilla: establecimientos de ba\u00f1o equipados, zona de acampada, restauraci\u00f3n de calidad con productos locales y espacios para vivir el festival desde el amanecer hasta bien entrada la noche. El Color Fest no es s\u00f3lo un evento musical: es un viaje a la m\u00fasica, el mar y el paisaje del sur de Italia, pensado para quienes quieran convertir una semana de agosto en una experiencia completa de cultura, relax y descubrimiento de Calabria.<\/p>\n\n\n\n<p><strong>El Color Fest desde 2013 hasta hoy: catorce ediciones de m\u00fasica en Calabria<\/strong><\/p>\n\n\n\n<p>Creado en 2013 por la asociaci\u00f3n Che Cosa Sono Le Nuvole APS, el Color Fest ha crecido edici\u00f3n tras edici\u00f3n hasta convertirse en uno de los principales festivales independientes de Italia. Por sus escenarios han pasado artistas como Franz Ferdinand, Editors, Brunori Sas, Cosmo, Marlene Kuntz, Afterhours, Fulminacci, Nu Genea, Iosonouncane, Verdena, Nada, Colapesce Dimartino, The Zen Circus, Motta, La Rappresentante di Lista y muchos otros. Una trayectoria que ha llevado al festival a consolidarse como punto de referencia de la m\u00fasica en directo en el sur de Italia, generando un importante impacto en t\u00e9rminos de asistencia, actividad econ\u00f3mica inducida y reconocimiento cr\u00edtico a nivel nacional. Con m\u00e1s de 60% de p\u00fablico procedente de fuera de la regi\u00f3n en las \u00faltimas ediciones, el Color Fest es ya un aut\u00e9ntico motor de turismo cultural para Calabria.<\/p>","protected":false},"excerpt":{"rendered":"<p>Il Color Fest 2026 torna sul Lungomare Falcone Borsellino di Lamezia Terme per la sua quattordicesima edizione. Dall&#8217;11 al 13 agosto, sotto il claim &#8220;Summer on a Solitary Beach&#8221;, il festival musicale pi\u00f9 importante della Calabria trasforma ancora una volta il litorale tirrenico in un palcoscenico a cielo aperto, con una programmazione che unisce artisti [&hellip;]<\/p>\n","protected":false},"author":7,"featured_media":19972,"comment_status":"closed","ping_status":"closed","sticky":false,"template":"","format":"standard","meta":{"_acf_changed":false,"footnotes":""},"categories":[1,175,168],"tags":[151,150,149],"class_list":["post-19970","post","type-post","status-publish","format-standard","has-post-thumbnail","hentry","category-color-fest","category-color-fest-14","category-news","tag-color-fest-13","tag-lungomare-falcone-borsellino","tag-riviera-dei-tramonti"],"acf":[],"yoast_head":"<!-- This site is optimized with the Yoast SEO Premium plugin v27.3 (Yoast SEO v27.4) - https:\/\/yoast.com\/product\/yoast-seo-premium-wordpress\/ -->\n<title>Color Fest 11-12-13 Agosto 2026 - Riviera dei Tramonti<\/title>\n<meta name=\"description\" content=\"Color Fest 13\u00b0 edizione il 11-12-13 Agosto 2026 sul Lungomare Falcone Borsellino anche noto Riviera dei Tramonti @Lamezia Terme in Calabria\" \/>\n<meta name=\"robots\" content=\"index, follow, max-snippet:-1, max-image-preview:large, max-video-preview:-1\" \/>\n<link rel=\"canonical\" href=\"https:\/\/colorfest.it\/es\/fiesta-del-color-11-12-13-agosto-2026-sunset-riviera\/\" \/>\n<meta property=\"og:locale\" content=\"es_ES\" \/>\n<meta property=\"og:type\" content=\"article\" \/>\n<meta property=\"og:title\" content=\"Color Fest 12-13-14 Agosto 2025 - Riviera dei Tramonti\" \/>\n<meta property=\"og:description\" content=\"Color Fest 13\u00b0 edizione il 12-13-14 Agosto 2025 sul Lungomare Falcone Borsellino anche noto Riviera dei Tramonti @Lamezia Terme in Calabria\" \/>\n<meta property=\"og:url\" content=\"https:\/\/colorfest.it\/es\/fiesta-del-color-11-12-13-agosto-2026-sunset-riviera\/\" \/>\n<meta property=\"og:site_name\" content=\"Color Fest - Festival di Musica | 11 - 12 - 13 Agosto 2026 | in Calabria\" \/>\n<meta property=\"article:publisher\" content=\"http:\/\/facebook.com\/colorfestlamezia\/\" \/>\n<meta property=\"article:published_time\" content=\"2025-02-28T16:31:20+00:00\" \/>\n<meta property=\"article:modified_time\" content=\"2026-03-18T08:01:29+00:00\" \/>\n<meta property=\"og:image\" content=\"https:\/\/colorfest.it\/wp-content\/uploads\/2025\/02\/Riviera-dei-Tramonti-Color-Fest-.webp\" \/>\n\t<meta property=\"og:image:width\" content=\"2156\" \/>\n\t<meta property=\"og:image:height\" content=\"1437\" \/>\n\t<meta property=\"og:image:type\" content=\"image\/webp\" \/>\n<meta name=\"author\" content=\"Salvatore Bilotti\" \/>\n<meta name=\"twitter:card\" content=\"summary_large_image\" \/>\n<meta name=\"twitter:title\" content=\"Color Fest 2026: dall&#039;11 al 13 agosto tre giorni di musica sulla Riviera dei Tramonti\" \/>\n<meta name=\"twitter:description\" content=\"Color Fest - Festival di Musica, dal 2013 punto di riferimento per la musica dal vivo &gt;&gt; 11 - 12 - 13 Agosto 2026 Lungomare Falcone Borsellino.\" \/>\n<meta name=\"twitter:label1\" content=\"Escrito por\" \/>\n\t<meta name=\"twitter:data1\" content=\"Salvatore Bilotti\" \/>\n\t<meta name=\"twitter:label2\" content=\"Tiempo de lectura\" \/>\n\t<meta name=\"twitter:data2\" content=\"5 minutos\" \/>\n<script type=\"application\/ld+json\" class=\"yoast-schema-graph\">{\"@context\":\"https:\\\/\\\/schema.org\",\"@graph\":[{\"@type\":\"Article\",\"@id\":\"https:\\\/\\\/colorfest.it\\\/color-fest-11-12-13-agosto-2026-riviera-dei-tramonti\\\/#article\",\"isPartOf\":{\"@id\":\"https:\\\/\\\/colorfest.it\\\/color-fest-11-12-13-agosto-2026-riviera-dei-tramonti\\\/\"},\"author\":{\"name\":\"Salvatore Bilotti\",\"@id\":\"https:\\\/\\\/colorfest.it\\\/#\\\/schema\\\/person\\\/174195bbe9c056259e2ca3e13087d54b\"},\"headline\":\"Color Fest 2026: dall&#8217;11 al 13 agosto tre giorni di musica sulla Riviera dei Tramonti\",\"datePublished\":\"2025-02-28T16:31:20+00:00\",\"dateModified\":\"2026-03-18T08:01:29+00:00\",\"mainEntityOfPage\":{\"@id\":\"https:\\\/\\\/colorfest.it\\\/color-fest-11-12-13-agosto-2026-riviera-dei-tramonti\\\/\"},\"wordCount\":772,\"publisher\":{\"@id\":\"https:\\\/\\\/colorfest.it\\\/#organization\"},\"image\":{\"@id\":\"https:\\\/\\\/colorfest.it\\\/color-fest-11-12-13-agosto-2026-riviera-dei-tramonti\\\/#primaryimage\"},\"thumbnailUrl\":\"https:\\\/\\\/colorfest.it\\\/wp-content\\\/uploads\\\/2025\\\/02\\\/Riviera-dei-Tramonti-Color-Fest-.webp\",\"keywords\":[\"Color Fest 13\",\"lungomare falcone borsellino\",\"riviera dei tramonti\"],\"articleSection\":[\"Color Fest\",\"Color Fest 14\",\"News\"],\"inLanguage\":\"es\"},{\"@type\":\"WebPage\",\"@id\":\"https:\\\/\\\/colorfest.it\\\/color-fest-11-12-13-agosto-2026-riviera-dei-tramonti\\\/\",\"url\":\"https:\\\/\\\/colorfest.it\\\/color-fest-11-12-13-agosto-2026-riviera-dei-tramonti\\\/\",\"name\":\"Color Fest 11-12-13 Agosto 2026 - Riviera dei Tramonti\",\"isPartOf\":{\"@id\":\"https:\\\/\\\/colorfest.it\\\/#website\"},\"primaryImageOfPage\":{\"@id\":\"https:\\\/\\\/colorfest.it\\\/color-fest-11-12-13-agosto-2026-riviera-dei-tramonti\\\/#primaryimage\"},\"image\":{\"@id\":\"https:\\\/\\\/colorfest.it\\\/color-fest-11-12-13-agosto-2026-riviera-dei-tramonti\\\/#primaryimage\"},\"thumbnailUrl\":\"https:\\\/\\\/colorfest.it\\\/wp-content\\\/uploads\\\/2025\\\/02\\\/Riviera-dei-Tramonti-Color-Fest-.webp\",\"datePublished\":\"2025-02-28T16:31:20+00:00\",\"dateModified\":\"2026-03-18T08:01:29+00:00\",\"description\":\"Color Fest 13\u00b0 edizione il 11-12-13 Agosto 2026 sul Lungomare Falcone Borsellino anche noto Riviera dei Tramonti @Lamezia Terme in Calabria\",\"breadcrumb\":{\"@id\":\"https:\\\/\\\/colorfest.it\\\/color-fest-11-12-13-agosto-2026-riviera-dei-tramonti\\\/#breadcrumb\"},\"inLanguage\":\"es\",\"potentialAction\":[{\"@type\":\"ReadAction\",\"target\":[\"https:\\\/\\\/colorfest.it\\\/color-fest-11-12-13-agosto-2026-riviera-dei-tramonti\\\/\"]}]},{\"@type\":\"ImageObject\",\"inLanguage\":\"es\",\"@id\":\"https:\\\/\\\/colorfest.it\\\/color-fest-11-12-13-agosto-2026-riviera-dei-tramonti\\\/#primaryimage\",\"url\":\"https:\\\/\\\/colorfest.it\\\/wp-content\\\/uploads\\\/2025\\\/02\\\/Riviera-dei-Tramonti-Color-Fest-.webp\",\"contentUrl\":\"https:\\\/\\\/colorfest.it\\\/wp-content\\\/uploads\\\/2025\\\/02\\\/Riviera-dei-Tramonti-Color-Fest-.webp\",\"width\":2156,\"height\":1437,\"caption\":\"Riviera dei Tramonti - Color Fest\"},{\"@type\":\"BreadcrumbList\",\"@id\":\"https:\\\/\\\/colorfest.it\\\/color-fest-11-12-13-agosto-2026-riviera-dei-tramonti\\\/#breadcrumb\",\"itemListElement\":[{\"@type\":\"ListItem\",\"position\":1,\"name\":\"Home\",\"item\":\"https:\\\/\\\/colorfest.it\\\/\"},{\"@type\":\"ListItem\",\"position\":2,\"name\":\"Color Fest 2026: dall&#8217;11 al 13 agosto tre giorni di musica sulla Riviera dei Tramonti\"}]},{\"@type\":\"WebSite\",\"@id\":\"https:\\\/\\\/colorfest.it\\\/#website\",\"url\":\"https:\\\/\\\/colorfest.it\\\/\",\"name\":\"Color Fest - Festival di Musica | 11 - 12 - 13 Agosto 2026 | in Calabria\",\"description\":\"Color Fest - Festival di Musica, dal 2013 punto di riferimento per la musica dal vivo &gt;&gt; 11 - 12 - 13 Agosto 2026 Lungomare Falcone Borsellino.\",\"publisher\":{\"@id\":\"https:\\\/\\\/colorfest.it\\\/#organization\"},\"alternateName\":\"Color Fest - Festival di Musica | 11 - 12 - 13 Agosto 2026 @Lungomare Falcone Borsellino\",\"potentialAction\":[{\"@type\":\"SearchAction\",\"target\":{\"@type\":\"EntryPoint\",\"urlTemplate\":\"https:\\\/\\\/colorfest.it\\\/?s={search_term_string}\"},\"query-input\":{\"@type\":\"PropertyValueSpecification\",\"valueRequired\":true,\"valueName\":\"search_term_string\"}}],\"inLanguage\":\"es\"},{\"@type\":\"Organization\",\"@id\":\"https:\\\/\\\/colorfest.it\\\/#organization\",\"name\":\"Che cosa sono le nuvole APS\",\"alternateName\":\"Color Fest\",\"url\":\"https:\\\/\\\/colorfest.it\\\/\",\"logo\":{\"@type\":\"ImageObject\",\"inLanguage\":\"es\",\"@id\":\"https:\\\/\\\/colorfest.it\\\/#\\\/schema\\\/logo\\\/image\\\/\",\"url\":\"https:\\\/\\\/colorfest.it\\\/wp-content\\\/uploads\\\/2022\\\/03\\\/checosasonolenuvole.png\",\"contentUrl\":\"https:\\\/\\\/colorfest.it\\\/wp-content\\\/uploads\\\/2022\\\/03\\\/checosasonolenuvole.png\",\"width\":952,\"height\":844,\"caption\":\"Che cosa sono le nuvole APS\"},\"image\":{\"@id\":\"https:\\\/\\\/colorfest.it\\\/#\\\/schema\\\/logo\\\/image\\\/\"},\"sameAs\":[\"http:\\\/\\\/facebook.com\\\/colorfestlamezia\\\/\",\"http:\\\/\\\/instagram.com\\\/color_fest_\\\/\",\"https:\\\/\\\/www.linkedin.com\\\/company\\\/color-fest\\\/\"],\"description\":\"Color Fest - Festival di Musica, dal 2013 punto di riferimento per la musica dal vivo >> 11 - 12 - 13 Agosto 2026 Lungomare Falcone Borsellino.\",\"email\":\"scrivi@colorfest.it\",\"legalName\":\"Che cosa sono le nuvole APS\",\"foundingDate\":\"2012-10-12\",\"vatID\":\"03309120792\",\"taxID\":\"92029190797\",\"numberOfEmployees\":{\"@type\":\"QuantitativeValue\",\"minValue\":\"11\",\"maxValue\":\"50\"}},{\"@type\":\"Person\",\"@id\":\"https:\\\/\\\/colorfest.it\\\/#\\\/schema\\\/person\\\/174195bbe9c056259e2ca3e13087d54b\",\"name\":\"Salvatore Bilotti\",\"image\":{\"@type\":\"ImageObject\",\"inLanguage\":\"es\",\"@id\":\"https:\\\/\\\/secure.gravatar.com\\\/avatar\\\/ffea54082f2805c177a23aec9bc4121df09c213e6ca8fda40be720241c65e38e?s=96&d=mm&r=g\",\"url\":\"https:\\\/\\\/secure.gravatar.com\\\/avatar\\\/ffea54082f2805c177a23aec9bc4121df09c213e6ca8fda40be720241c65e38e?s=96&d=mm&r=g\",\"contentUrl\":\"https:\\\/\\\/secure.gravatar.com\\\/avatar\\\/ffea54082f2805c177a23aec9bc4121df09c213e6ca8fda40be720241c65e38e?s=96&d=mm&r=g\",\"caption\":\"Salvatore Bilotti\"}}]}<\/script>\n<!-- \/ Yoast SEO Premium plugin. -->","yoast_head_json":{"title":"Color Fest 11-12-13 de agosto de 2026 - Riviera dei Tramonti","description":"Color Fest 13\u00aa edici\u00f3n el 11-12-13 de agosto de 2026 en el Lungomare Falcone Borsellino tambi\u00e9n conocido como Riviera dei Tramonti @Lamezia Terme en Calabria","robots":{"index":"index","follow":"follow","max-snippet":"max-snippet:-1","max-image-preview":"max-image-preview:large","max-video-preview":"max-video-preview:-1"},"canonical":"https:\/\/colorfest.it\/es\/fiesta-del-color-11-12-13-agosto-2026-sunset-riviera\/","og_locale":"es_ES","og_type":"article","og_title":"Color Fest 12-13-14 Agosto 2025 - Riviera dei Tramonti","og_description":"Color Fest 13\u00b0 edizione il 12-13-14 Agosto 2025 sul Lungomare Falcone Borsellino anche noto Riviera dei Tramonti @Lamezia Terme in Calabria","og_url":"https:\/\/colorfest.it\/es\/fiesta-del-color-11-12-13-agosto-2026-sunset-riviera\/","og_site_name":"Color Fest - Festival di Musica | 11 - 12 - 13 Agosto 2026 | in Calabria","article_publisher":"http:\/\/facebook.com\/colorfestlamezia\/","article_published_time":"2025-02-28T16:31:20+00:00","article_modified_time":"2026-03-18T08:01:29+00:00","og_image":[{"width":2156,"height":1437,"url":"https:\/\/colorfest.it\/wp-content\/uploads\/2025\/02\/Riviera-dei-Tramonti-Color-Fest-.webp","type":"image\/webp"}],"author":"Salvatore Bilotti","twitter_card":"summary_large_image","twitter_title":"Color Fest 2026: dall'11 al 13 agosto tre giorni di musica sulla Riviera dei Tramonti","twitter_description":"Color Fest - Festival di Musica, dal 2013 punto di riferimento per la musica dal vivo >> 11 - 12 - 13 Agosto 2026 Lungomare Falcone Borsellino.","twitter_misc":{"Escrito por":"Salvatore Bilotti","Tiempo de lectura":"5 minutos"},"schema":{"@context":"https:\/\/schema.org","@graph":[{"@type":"Article","@id":"https:\/\/colorfest.it\/color-fest-11-12-13-agosto-2026-riviera-dei-tramonti\/#article","isPartOf":{"@id":"https:\/\/colorfest.it\/color-fest-11-12-13-agosto-2026-riviera-dei-tramonti\/"},"author":{"name":"Salvatore Bilotti","@id":"https:\/\/colorfest.it\/#\/schema\/person\/174195bbe9c056259e2ca3e13087d54b"},"headline":"Color Fest 2026: dall&#8217;11 al 13 agosto tre giorni di musica sulla Riviera dei Tramonti","datePublished":"2025-02-28T16:31:20+00:00","dateModified":"2026-03-18T08:01:29+00:00","mainEntityOfPage":{"@id":"https:\/\/colorfest.it\/color-fest-11-12-13-agosto-2026-riviera-dei-tramonti\/"},"wordCount":772,"publisher":{"@id":"https:\/\/colorfest.it\/#organization"},"image":{"@id":"https:\/\/colorfest.it\/color-fest-11-12-13-agosto-2026-riviera-dei-tramonti\/#primaryimage"},"thumbnailUrl":"https:\/\/colorfest.it\/wp-content\/uploads\/2025\/02\/Riviera-dei-Tramonti-Color-Fest-.webp","keywords":["Color Fest 13","lungomare falcone borsellino","riviera dei tramonti"],"articleSection":["Color Fest","Color Fest 14","News"],"inLanguage":"es"},{"@type":"WebPage","@id":"https:\/\/colorfest.it\/color-fest-11-12-13-agosto-2026-riviera-dei-tramonti\/","url":"https:\/\/colorfest.it\/color-fest-11-12-13-agosto-2026-riviera-dei-tramonti\/","name":"Color Fest 11-12-13 de agosto de 2026 - Riviera dei Tramonti","isPartOf":{"@id":"https:\/\/colorfest.it\/#website"},"primaryImageOfPage":{"@id":"https:\/\/colorfest.it\/color-fest-11-12-13-agosto-2026-riviera-dei-tramonti\/#primaryimage"},"image":{"@id":"https:\/\/colorfest.it\/color-fest-11-12-13-agosto-2026-riviera-dei-tramonti\/#primaryimage"},"thumbnailUrl":"https:\/\/colorfest.it\/wp-content\/uploads\/2025\/02\/Riviera-dei-Tramonti-Color-Fest-.webp","datePublished":"2025-02-28T16:31:20+00:00","dateModified":"2026-03-18T08:01:29+00:00","description":"Color Fest 13\u00aa edici\u00f3n el 11-12-13 de agosto de 2026 en el Lungomare Falcone Borsellino tambi\u00e9n conocido como Riviera dei Tramonti @Lamezia Terme en Calabria","breadcrumb":{"@id":"https:\/\/colorfest.it\/color-fest-11-12-13-agosto-2026-riviera-dei-tramonti\/#breadcrumb"},"inLanguage":"es","potentialAction":[{"@type":"ReadAction","target":["https:\/\/colorfest.it\/color-fest-11-12-13-agosto-2026-riviera-dei-tramonti\/"]}]},{"@type":"ImageObject","inLanguage":"es","@id":"https:\/\/colorfest.it\/color-fest-11-12-13-agosto-2026-riviera-dei-tramonti\/#primaryimage","url":"https:\/\/colorfest.it\/wp-content\/uploads\/2025\/02\/Riviera-dei-Tramonti-Color-Fest-.webp","contentUrl":"https:\/\/colorfest.it\/wp-content\/uploads\/2025\/02\/Riviera-dei-Tramonti-Color-Fest-.webp","width":2156,"height":1437,"caption":"Riviera dei Tramonti - Color Fest"},{"@type":"BreadcrumbList","@id":"https:\/\/colorfest.it\/color-fest-11-12-13-agosto-2026-riviera-dei-tramonti\/#breadcrumb","itemListElement":[{"@type":"ListItem","position":1,"name":"Home","item":"https:\/\/colorfest.it\/"},{"@type":"ListItem","position":2,"name":"Color Fest 2026: dall&#8217;11 al 13 agosto tre giorni di musica sulla Riviera dei Tramonti"}]},{"@type":"WebSite","@id":"https:\/\/colorfest.it\/#website","url":"https:\/\/colorfest.it\/","name":"Color Fest - Festival de M\u00fasica | 11 - 12 - 13 agosto 2026 | en Calabria","description":"Color Fest - Festival de M\u00fasica, desde 2013 un punto de referencia para la m\u00fasica en vivo &gt;&gt; 11 - 12 - 13 Agosto 2026 Lungomare Falcone Borsellino","publisher":{"@id":"https:\/\/colorfest.it\/#organization"},"alternateName":"Color Fest - Festival di Musica | 11 - 12 - 13 Agosto 2026 @Lungomare Falcone Borsellino","potentialAction":[{"@type":"SearchAction","target":{"@type":"EntryPoint","urlTemplate":"https:\/\/colorfest.it\/?s={search_term_string}"},"query-input":{"@type":"PropertyValueSpecification","valueRequired":true,"valueName":"search_term_string"}}],"inLanguage":"es"},{"@type":"Organization","@id":"https:\/\/colorfest.it\/#organization","name":"Qu\u00e9 son las nubes APS","alternateName":"Color Fest","url":"https:\/\/colorfest.it\/","logo":{"@type":"ImageObject","inLanguage":"es","@id":"https:\/\/colorfest.it\/#\/schema\/logo\/image\/","url":"https:\/\/colorfest.it\/wp-content\/uploads\/2022\/03\/checosasonolenuvole.png","contentUrl":"https:\/\/colorfest.it\/wp-content\/uploads\/2022\/03\/checosasonolenuvole.png","width":952,"height":844,"caption":"Che cosa sono le nuvole APS"},"image":{"@id":"https:\/\/colorfest.it\/#\/schema\/logo\/image\/"},"sameAs":["http:\/\/facebook.com\/colorfestlamezia\/","http:\/\/instagram.com\/color_fest_\/","https:\/\/www.linkedin.com\/company\/color-fest\/"],"description":"Color Fest - Festival de M\u00fasica, desde 2013 un punto de referencia para la m\u00fasica en vivo &gt;&gt; 11 - 12 - 13 Agosto 2026 Lungomare Falcone Borsellino","email":"scrivi@colorfest.it","legalName":"Che cosa sono le nuvole APS","foundingDate":"2012-10-12","vatID":"03309120792","taxID":"92029190797","numberOfEmployees":{"@type":"QuantitativeValue","minValue":"11","maxValue":"50"}},{"@type":"Person","@id":"https:\/\/colorfest.it\/#\/schema\/person\/174195bbe9c056259e2ca3e13087d54b","name":"Salvatore Bilotti","image":{"@type":"ImageObject","inLanguage":"es","@id":"https:\/\/secure.gravatar.com\/avatar\/ffea54082f2805c177a23aec9bc4121df09c213e6ca8fda40be720241c65e38e?s=96&d=mm&r=g","url":"https:\/\/secure.gravatar.com\/avatar\/ffea54082f2805c177a23aec9bc4121df09c213e6ca8fda40be720241c65e38e?s=96&d=mm&r=g","contentUrl":"https:\/\/secure.gravatar.com\/avatar\/ffea54082f2805c177a23aec9bc4121df09c213e6ca8fda40be720241c65e38e?s=96&d=mm&r=g","caption":"Salvatore Bilotti"}}]}},"_links":{"self":[{"href":"https:\/\/colorfest.it\/es\/wp-json\/wp\/v2\/posts\/19970","targetHints":{"allow":["GET"]}}],"collection":[{"href":"https:\/\/colorfest.it\/es\/wp-json\/wp\/v2\/posts"}],"about":[{"href":"https:\/\/colorfest.it\/es\/wp-json\/wp\/v2\/types\/post"}],"author":[{"embeddable":true,"href":"https:\/\/colorfest.it\/es\/wp-json\/wp\/v2\/users\/7"}],"replies":[{"embeddable":true,"href":"https:\/\/colorfest.it\/es\/wp-json\/wp\/v2\/comments?post=19970"}],"version-history":[{"count":0,"href":"https:\/\/colorfest.it\/es\/wp-json\/wp\/v2\/posts\/19970\/revisions"}],"wp:featuredmedia":[{"embeddable":true,"href":"https:\/\/colorfest.it\/es\/wp-json\/wp\/v2\/media\/19972"}],"wp:attachment":[{"href":"https:\/\/colorfest.it\/es\/wp-json\/wp\/v2\/media?parent=19970"}],"wp:term":[{"taxonomy":"category","embeddable":true,"href":"https:\/\/colorfest.it\/es\/wp-json\/wp\/v2\/categories?post=19970"},{"taxonomy":"post_tag","embeddable":true,"href":"https:\/\/colorfest.it\/es\/wp-json\/wp\/v2\/tags?post=19970"}],"curies":[{"name":"wp","href":"https:\/\/api.w.org\/{rel}","templated":true}]}}