{"id":25458,"date":"2026-04-07T16:32:34","date_gmt":"2026-04-07T14:32:34","guid":{"rendered":"https:\/\/colorfest.it\/?p=25458"},"modified":"2026-04-07T17:40:18","modified_gmt":"2026-04-07T15:40:18","slug":"international-artists-colour-fest-2026","status":"publish","type":"post","link":"https:\/\/colorfest.it\/en\/artisti-internazionali-color-fest-2026\/","title":{"rendered":"All the international artists that make the Festival unmissable"},"content":{"rendered":"<p>The <strong>Colour Fest 14<\/strong> is not only the most important independent festival in southern Italy: it is a wide-open window on the world. The 2026 edition, scheduled <strong>11, 12 and 13 August<\/strong> on <strong>Riviera dei Tramonti in Lamezia Terme<\/strong>, brings to Calabria an international cast of the highest calibre, with artists from Germany, France, England, Holland and Poland. Names that fill clubs and festivals throughout Europe and that, in many cases, play for the first - and only - time in southern Italy.<\/p>\n\n\n\n<p>Here are the international artists who make Color Fest 14 unmissable.<\/p>\n\n\n\n<p><\/p>\n\n\n\n<h2 class=\"wp-block-heading\" id=\"h-apparat-live-11-agosto\">Apparat live - 11 August<\/h2>\n\n\n\n<figure class=\"wp-block-image alignright size-large is-resized\"><img fetchpriority=\"high\" decoding=\"async\" width=\"819\" height=\"1024\" src=\"https:\/\/colorfest.it\/wp-content\/uploads\/2026\/04\/apparat-artisti-internazionali-Color-Fest-14-819x1024.webp\" alt=\"\" class=\"wp-image-25465\" style=\"aspect-ratio:0.7998125439350152;width:386px;height:auto\" srcset=\"https:\/\/colorfest.it\/wp-content\/uploads\/2026\/04\/apparat-artisti-internazionali-Color-Fest-14-819x1024.webp 819w, https:\/\/colorfest.it\/wp-content\/uploads\/2026\/04\/apparat-artisti-internazionali-Color-Fest-14-240x300.webp 240w, https:\/\/colorfest.it\/wp-content\/uploads\/2026\/04\/apparat-artisti-internazionali-Color-Fest-14-768x960.webp 768w, https:\/\/colorfest.it\/wp-content\/uploads\/2026\/04\/apparat-artisti-internazionali-Color-Fest-14-10x12.webp 10w, https:\/\/colorfest.it\/wp-content\/uploads\/2026\/04\/apparat-artisti-internazionali-Color-Fest-14.webp 1080w\" sizes=\"(max-width: 819px) 100vw, 819px\" \/><\/figure>\n\n\n\n<p><strong>Apparat<\/strong>, born <strong>Sascha Ring<\/strong>, is one of the most revered names in contemporary electronics. A Berliner by adoption, born in Quedlinburg in 1978, in a career spanning more than 20 years he has built up a sonic universe ranging from minimal techno to orchestral ambient, including compositions that have moved millions of people around the world - his music has also become famous as <strong>soundtrack of the Netflix series \u201cDark\u201d<\/strong>. Half of the project <strong>Moderat<\/strong> together with Modeselektor, Apparat is back in 2026 with the new album <strong>\u201cA Hum Of Maybe\u201d<\/strong>, made with long-time collaborator Philipp Johann Thimm and released on Mute Records: a record that fuses modular textures, intricate electronics and a magnetic vocal presence.<\/p>\n\n\n\n<p>His live performance at Color Fest will be the <strong>Apparat's first time ever in Calabria<\/strong>an immersive experience, a sonic journey through the tracks of the new album and the classics of his production. A rare and precious event for southern Italy.<\/p>\n\n\n\n<p><\/p>\n\n\n\n<p><\/p>\n\n\n\n<p><\/p>\n\n\n\n<h2 class=\"wp-block-heading\" id=\"h-james-holden-amp-waclaw-zimpel-11-agosto\">James Holden &amp; Wac\u0142aw Zimpel - 11 August<\/h2>\n\n\n\n<figure class=\"wp-block-image alignleft size-large is-resized\"><img decoding=\"async\" width=\"819\" height=\"1024\" src=\"https:\/\/colorfest.it\/wp-content\/uploads\/2026\/04\/James-holden-artisti-internazionali-Color-Fest-14-819x1024.webp\" alt=\"\" class=\"wp-image-25461\" style=\"aspect-ratio:0.7998125439350152;width:394px;height:auto\" srcset=\"https:\/\/colorfest.it\/wp-content\/uploads\/2026\/04\/James-holden-artisti-internazionali-Color-Fest-14-819x1024.webp 819w, https:\/\/colorfest.it\/wp-content\/uploads\/2026\/04\/James-holden-artisti-internazionali-Color-Fest-14-240x300.webp 240w, https:\/\/colorfest.it\/wp-content\/uploads\/2026\/04\/James-holden-artisti-internazionali-Color-Fest-14-768x960.webp 768w, https:\/\/colorfest.it\/wp-content\/uploads\/2026\/04\/James-holden-artisti-internazionali-Color-Fest-14-10x12.webp 10w, https:\/\/colorfest.it\/wp-content\/uploads\/2026\/04\/James-holden-artisti-internazionali-Color-Fest-14.webp 1080w\" sizes=\"(max-width: 819px) 100vw, 819px\" \/><\/figure>\n\n\n\n<p>When the British electronics manufacturer <strong>James Holden<\/strong> meets Polish clarinettist and composer <strong>Wac\u0142aw Zimpel<\/strong>, something that transcends genres was born. Holden, a cult figure in the London electronic scene since the early 2000s with his Border Community label, is renowned for an approach to music that combines improvisation, modular synthesisers and hypnotic structures. Zimpel brings with him the depth of the Eastern European musical tradition and a mastery of wind instruments that cuts across jazz, minimalism and contemporary music.<\/p>\n\n\n\n<p>Together, the two create <strong>live sets that elude any definition<\/strong>acoustic trances, ever-changing soundscapes, moments of pure musical ecstasy. The image attached to the festival says it all: <em>\u201cWhat listening to this live show will entail, you cannot know yet. When you see it, you will be amazed. It's addictive.\u201d<\/em> A live performance that at Color Fest will be a\u2019<strong>unique experience<\/strong> for the Calabrian public.<\/p>\n\n\n\n<p><\/p>\n\n\n\n<p><\/p>\n\n\n\n<h2 class=\"wp-block-heading\" id=\"h-sebastien-tellier-12-agosto\">S\u00e9bastien Tellier - 12 August<\/h2>\n\n\n\n<figure class=\"wp-block-image alignright size-large is-resized\"><img decoding=\"async\" width=\"819\" height=\"1024\" src=\"https:\/\/colorfest.it\/wp-content\/uploads\/2026\/04\/sebastien-tellier-artisti-internazionali-Color-Fest-14-819x1024.webp\" alt=\"\" class=\"wp-image-25463\" style=\"aspect-ratio:0.7998125439350152;width:401px;height:auto\" srcset=\"https:\/\/colorfest.it\/wp-content\/uploads\/2026\/04\/sebastien-tellier-artisti-internazionali-Color-Fest-14-819x1024.webp 819w, https:\/\/colorfest.it\/wp-content\/uploads\/2026\/04\/sebastien-tellier-artisti-internazionali-Color-Fest-14-240x300.webp 240w, https:\/\/colorfest.it\/wp-content\/uploads\/2026\/04\/sebastien-tellier-artisti-internazionali-Color-Fest-14-768x960.webp 768w, https:\/\/colorfest.it\/wp-content\/uploads\/2026\/04\/sebastien-tellier-artisti-internazionali-Color-Fest-14-10x12.webp 10w, https:\/\/colorfest.it\/wp-content\/uploads\/2026\/04\/sebastien-tellier-artisti-internazionali-Color-Fest-14.webp 1080w\" sizes=\"(max-width: 819px) 100vw, 819px\" \/><\/figure>\n\n\n\n<p><strong>S\u00e9bastien Tellier<\/strong> is a living legend of French music. A Parisian, born in 1975, he has spanned a career spanning more than two decades, building a unique sonic imagery: dreamy, sophisticated pop imbued with French touch, psychedelia and cinematic romanticism. Those who know him know that his albums - from <strong>\u201cPolitics\u201d<\/strong> a <strong>\u201cSexuality\u201d<\/strong>, up to <strong>\u201cDomesticated\u201d<\/strong> - are complete sensory journeys. Those who do not yet know him are about to discover one of the most iconic and visionary artists of the European music scene.<\/p>\n\n\n\n<p>Tellier arrives at Color Fest with <strong>only two Italian dates<\/strong> in 2026. After years of pursuit by the festival organisation, the French maestro will finally take the stage at the Riviera dei Tramonti. A milestone for the Color Fest and an unrepeatable opportunity for the public in southern Italy.<\/p>\n\n\n\n<p><\/p>\n\n\n\n<p><\/p>\n\n\n\n<p><\/p>\n\n\n\n<p><\/p>\n\n\n\n<h2 class=\"wp-block-heading\" id=\"h-yin-yin-12-agosto\">Y\u012bn Y\u012bn - 12 August<\/h2>\n\n\n\n<figure class=\"wp-block-image alignleft size-large is-resized\"><img loading=\"lazy\" decoding=\"async\" width=\"819\" height=\"1024\" src=\"https:\/\/colorfest.it\/wp-content\/uploads\/2026\/04\/Yin-yin-artisti-internazionali-Color-Fest-14-819x1024.webp\" alt=\"\" class=\"wp-image-25460\" style=\"aspect-ratio:0.7998125439350152;width:392px;height:auto\" srcset=\"https:\/\/colorfest.it\/wp-content\/uploads\/2026\/04\/Yin-yin-artisti-internazionali-Color-Fest-14-819x1024.webp 819w, https:\/\/colorfest.it\/wp-content\/uploads\/2026\/04\/Yin-yin-artisti-internazionali-Color-Fest-14-240x300.webp 240w, https:\/\/colorfest.it\/wp-content\/uploads\/2026\/04\/Yin-yin-artisti-internazionali-Color-Fest-14-768x960.webp 768w, https:\/\/colorfest.it\/wp-content\/uploads\/2026\/04\/Yin-yin-artisti-internazionali-Color-Fest-14-10x12.webp 10w, https:\/\/colorfest.it\/wp-content\/uploads\/2026\/04\/Yin-yin-artisti-internazionali-Color-Fest-14.webp 1080w\" sizes=\"(max-width: 819px) 100vw, 819px\" \/><\/figure>\n\n\n\n<p>From <strong>Maastricht<\/strong>, in the south of the Netherlands, comes one of the most exciting and infectious bands on the European scene: the <strong>Y\u012bn Y\u012bn<\/strong>. The Dutch quartet fuses irresistibly <strong>funk, disco, psychedelia and south-east Asian sounds<\/strong>, creating a sonic cocktail that makes any audience move. Born from a jam session in a dance school in 2017, they have quickly conquered the stages of festivals such as Lowlands, Fuji Rock, Roskilde and Trans Musicales.<\/p>\n\n\n\n<p>In January 2026, they released their fourth album, <strong>\u201cYatta!\u201d<\/strong>, their most mature and overwhelming work to date: a record that draws on Italian disco, surf and cosmic funk, recorded live to capture the band's energy live. On stage, Y\u012bn Y\u012bn turn every concert into a collective party. <strong>Rhythm, quality and infectious sounds, all by the sea<\/strong>What more can you ask of your summer?<\/p>\n\n\n\n<p><\/p>\n\n\n\n<p><\/p>\n\n\n\n<h2 class=\"wp-block-heading\" id=\"h-django-django-13-agosto\">Django Django - 13 August<\/h2>\n\n\n\n<figure class=\"wp-block-image alignright size-large is-resized\"><img loading=\"lazy\" decoding=\"async\" width=\"819\" height=\"1024\" src=\"https:\/\/colorfest.it\/wp-content\/uploads\/2026\/04\/django-django-artisti-internazionali-Color-Fest-14-819x1024.webp\" alt=\"\" class=\"wp-image-25464\" style=\"aspect-ratio:0.7998125439350152;width:394px;height:auto\" srcset=\"https:\/\/colorfest.it\/wp-content\/uploads\/2026\/04\/django-django-artisti-internazionali-Color-Fest-14-819x1024.webp 819w, https:\/\/colorfest.it\/wp-content\/uploads\/2026\/04\/django-django-artisti-internazionali-Color-Fest-14-240x300.webp 240w, https:\/\/colorfest.it\/wp-content\/uploads\/2026\/04\/django-django-artisti-internazionali-Color-Fest-14-768x960.webp 768w, https:\/\/colorfest.it\/wp-content\/uploads\/2026\/04\/django-django-artisti-internazionali-Color-Fest-14-10x12.webp 10w, https:\/\/colorfest.it\/wp-content\/uploads\/2026\/04\/django-django-artisti-internazionali-Color-Fest-14.webp 1080w\" sizes=\"(max-width: 819px) 100vw, 819px\" \/><\/figure>\n\n\n\n<p>I <strong>Django Django<\/strong> are a piece of British contemporary music history. Formed in London but with Scottish roots, since their eponymous debut album in 2012 - nominated for the Mercury Prize - they have built an artistic path through <strong>art-rock, synth-pop, psychedelia and tribal rhythms<\/strong>, always with a visionary attitude and a unique ability to make the audience dance. Four studio albums have confirmed them as one of the most creative and unpredictable bands on the international indie scene, from <strong>\u201cBorn Under Saturn\u201d<\/strong> a <strong>\u201cGlowing in the Dark\u201d<\/strong> until <strong>\u201cOff Planet\u201d<\/strong>.<\/p>\n\n\n\n<p>Their live show is an enthralling experience, a flow of energy and melodies that does not leave you standing still. At Color Fest 14 they will play the <strong>13 August<\/strong>, closing the festival with one of the most eagerly awaited concerts: <em>you just have to decide whether to go barefoot or in comfortable shoes<\/em>.<\/p>\n\n\n\n<p><\/p>\n\n\n\n<p><\/p>\n\n\n\n<p><\/p>\n\n\n\n<p><\/p>\n\n\n\n<p><\/p>\n\n\n\n<h2 class=\"wp-block-heading\" id=\"h-deadletter-13-agosto\">Deadletter - 13 August<\/h2>\n\n\n\n<figure class=\"wp-block-image alignleft size-large is-resized\"><img loading=\"lazy\" decoding=\"async\" width=\"819\" height=\"1024\" src=\"https:\/\/colorfest.it\/wp-content\/uploads\/2026\/04\/deadletter-artisti-internazionali-Color-Fest-14-819x1024.webp\" alt=\"\" class=\"wp-image-25459\" style=\"aspect-ratio:0.7998125439350152;width:398px;height:auto\" srcset=\"https:\/\/colorfest.it\/wp-content\/uploads\/2026\/04\/deadletter-artisti-internazionali-Color-Fest-14-819x1024.webp 819w, https:\/\/colorfest.it\/wp-content\/uploads\/2026\/04\/deadletter-artisti-internazionali-Color-Fest-14-240x300.webp 240w, https:\/\/colorfest.it\/wp-content\/uploads\/2026\/04\/deadletter-artisti-internazionali-Color-Fest-14-768x960.webp 768w, https:\/\/colorfest.it\/wp-content\/uploads\/2026\/04\/deadletter-artisti-internazionali-Color-Fest-14-10x12.webp 10w, https:\/\/colorfest.it\/wp-content\/uploads\/2026\/04\/deadletter-artisti-internazionali-Color-Fest-14.webp 1080w\" sizes=\"(max-width: 819px) 100vw, 819px\" \/><\/figure>\n\n\n\n<p><\/p>\n\n\n\n<p>I <strong>Deadletter<\/strong> are the British band of the moment. Born in Yorkshire and transplanted to London, led by charismatic frontman <strong>Zac Lawrence<\/strong>, have conquered the European post-punk scene with devastating live energy, edgy lyrics and the unmistakable saxophone presence that sets them apart from any other band of their generation. After their acclaimed debut <strong>\u201cHysterical Strength\u201d<\/strong> (2024), they released in February 2026 their second album <strong>\u201cExistence Is Bliss\u201d<\/strong> on So Recordings: twelve tracks that expand their sound towards new wave atmospheres and electronic experimentation, without losing an ounce of ferocity.<\/p>\n\n\n\n<p>With <strong>over 200,000 monthly listeners on Spotify<\/strong> and a series of <strong>sold out in Italian clubs<\/strong>, Deadletter are a live force to be reckoned with. The Color Fest finally brings them to the south: <strong>we will stand and sing<\/strong>.<\/p>\n\n\n\n<p><\/p>\n\n\n\n<p><\/p>\n\n\n\n<p><\/p>\n\n\n\n<h2 class=\"wp-block-heading\" id=\"h-un-festival-che-parla-il-linguaggio-del-mondo\">A festival that speaks the language of the world<\/h2>\n\n\n\n<figure class=\"wp-block-image aligncenter size-large is-resized\"><img loading=\"lazy\" decoding=\"async\" width=\"819\" height=\"1024\" src=\"https:\/\/colorfest.it\/wp-content\/uploads\/2026\/04\/lineup-Color-Fest-14-con-sfondo-819x1024.webp\" alt=\"\" class=\"wp-image-25467\" style=\"aspect-ratio:0.7998125439350152;width:533px;height:auto\" srcset=\"https:\/\/colorfest.it\/wp-content\/uploads\/2026\/04\/lineup-Color-Fest-14-con-sfondo-819x1024.webp 819w, https:\/\/colorfest.it\/wp-content\/uploads\/2026\/04\/lineup-Color-Fest-14-con-sfondo-240x300.webp 240w, https:\/\/colorfest.it\/wp-content\/uploads\/2026\/04\/lineup-Color-Fest-14-con-sfondo-768x960.webp 768w, https:\/\/colorfest.it\/wp-content\/uploads\/2026\/04\/lineup-Color-Fest-14-con-sfondo-10x12.webp 10w, https:\/\/colorfest.it\/wp-content\/uploads\/2026\/04\/lineup-Color-Fest-14-con-sfondo.webp 1080w\" sizes=\"(max-width: 819px) 100vw, 819px\" \/><\/figure>\n\n\n\n<p>Six international artists from <strong>five different countries<\/strong> - Germany, UK, France, Netherlands, Poland - bringing the best of the European music scene to Calabria. Alongside them, an equally extraordinary Italian cast that includes <strong>Cosmo<\/strong> with its concert in the morning, <strong>The Zen Circus<\/strong>, <strong>La Ni\u00f1a<\/strong>, <strong>Dimartino<\/strong>, <strong>C'mon Tigre<\/strong>, <strong>All Phenomena<\/strong> and many others.<\/p>\n\n\n\n<p>The <strong>Colour Fest<\/strong>, reached its <strong>fourteenth edition<\/strong>, once again confirms its vocation: to be a bridge between Calabria and the rest of the world, a place where avant-garde music meets the beauty of the Mediterranean. With over <strong>60% of the public from outside the region<\/strong>, the festival has become a national benchmark for those seeking authentic and out-of-the-ordinary musical experiences.<\/p>\n\n\n\n<p><strong>Colour Fest 14 - Summer on a Solitary Beach<\/strong><br>11, 12, 13 August 2026<br>Lungomare Falcone e Borsellino - Riviera dei Tramonti, Lamezia Terme (CZ)<br><strong>Tickets and subscriptions available at <a href=\"https:\/\/colorfest.it\/en\/ticket-information\/\">colourfest.co.uk\/tickets-info<\/a><\/strong><\/p>\n\n\n\n<div class=\"wp-block-webfactory-map\"><div class=\"wp-block-webfactory-map\"><iframe title=\"Map\" width=\"100%\" height=\"300px\" src=\"https:\/\/www.google.com\/maps\/embed\/v1\/place?q=color%20fest&amp;maptype=roadmap&amp;zoom=10&amp;key=AIzaSyCkZ4OiAzwxwAIPSAuUNABhKJKgbafAfnY\" frameborder=\"0\"><\/iframe><\/div><\/div>\n\n\n\n<p><\/p>","protected":false},"excerpt":{"rendered":"<p>Il Color Fest 14 non \u00e8 solo il festival indipendente pi\u00f9 importante del sud Italia: \u00e8 una finestra spalancata sul mondo. L&#8217;edizione 2026, in programma l&#8217;11, 12 e 13 agosto sulla Riviera dei Tramonti a Lamezia Terme, porta in Calabria un cast internazionale di altissimo livello, con artisti che arrivano da Germania, Francia, Inghilterra, Olanda [&hellip;]<\/p>\n","protected":false},"author":7,"featured_media":25462,"comment_status":"closed","ping_status":"closed","sticky":false,"template":"","format":"standard","meta":{"_acf_changed":false,"footnotes":""},"categories":[1,175,167],"tags":[],"class_list":["post-25458","post","type-post","status-publish","format-standard","has-post-thumbnail","hentry","category-color-fest","category-color-fest-14","category-lineup"],"acf":[],"yoast_head":"<!-- This site is optimized with the Yoast SEO Premium plugin v27.3 (Yoast SEO v27.4) - https:\/\/yoast.com\/product\/yoast-seo-premium-wordpress\/ -->\n<title>Artisti internazionali al Color Fest 2026: Apparat, Tellier, Django Django e altri<\/title>\n<meta name=\"description\" content=\"Da Apparat a S\u00e9bastien Tellier, da Django Django ai Deadletter: tutti gli artisti internazionali che rendono imperdibile il Color Fest 14. 11-13 agosto, Lamezia Terme.\" \/>\n<meta name=\"robots\" content=\"index, follow, max-snippet:-1, max-image-preview:large, max-video-preview:-1\" \/>\n<link rel=\"canonical\" href=\"https:\/\/colorfest.it\/en\/international-artists-colour-fest-2026\/\" \/>\n<meta property=\"og:locale\" content=\"en_GB\" \/>\n<meta property=\"og:type\" content=\"article\" \/>\n<meta property=\"og:title\" content=\"Tutti gli artisti internazionali che rendono imperdibile il Festival\" \/>\n<meta property=\"og:description\" content=\"Da Apparat a S\u00e9bastien Tellier, da Django Django ai Deadletter: tutti gli artisti internazionali che rendono imperdibile il Color Fest 14. 11-13 agosto, Lamezia Terme.\" \/>\n<meta property=\"og:url\" content=\"https:\/\/colorfest.it\/en\/international-artists-colour-fest-2026\/\" \/>\n<meta property=\"og:site_name\" content=\"Color Fest - Festival di Musica | 11 - 12 - 13 Agosto 2026 | in Calabria\" \/>\n<meta property=\"article:publisher\" content=\"http:\/\/facebook.com\/colorfestlamezia\/\" \/>\n<meta property=\"article:published_time\" content=\"2026-04-07T14:32:34+00:00\" \/>\n<meta property=\"article:modified_time\" content=\"2026-04-07T15:40:18+00:00\" \/>\n<meta property=\"og:image\" content=\"https:\/\/colorfest.it\/wp-content\/uploads\/2026\/04\/non-mancare-Color-Fest-14.webp\" \/>\n\t<meta property=\"og:image:width\" content=\"1080\" \/>\n\t<meta property=\"og:image:height\" content=\"1350\" \/>\n\t<meta property=\"og:image:type\" content=\"image\/webp\" \/>\n<meta name=\"author\" content=\"Salvatore Bilotti\" \/>\n<meta name=\"twitter:card\" content=\"summary_large_image\" \/>\n<meta name=\"twitter:description\" content=\"Color Fest - Festival di Musica, dal 2013 punto di riferimento per la musica dal vivo &gt;&gt; 11 - 12 - 13 Agosto 2026 Lungomare Falcone Borsellino.\" \/>\n<meta name=\"twitter:label1\" content=\"Written by\" \/>\n\t<meta name=\"twitter:data1\" content=\"Salvatore Bilotti\" \/>\n\t<meta name=\"twitter:label2\" content=\"Estimated reading time\" \/>\n\t<meta name=\"twitter:data2\" content=\"8 minutes\" \/>\n<script type=\"application\/ld+json\" class=\"yoast-schema-graph\">{\"@context\":\"https:\\\/\\\/schema.org\",\"@graph\":[{\"@type\":\"Article\",\"@id\":\"https:\\\/\\\/colorfest.it\\\/artisti-internazionali-color-fest-2026\\\/#article\",\"isPartOf\":{\"@id\":\"https:\\\/\\\/colorfest.it\\\/artisti-internazionali-color-fest-2026\\\/\"},\"author\":{\"name\":\"Salvatore Bilotti\",\"@id\":\"https:\\\/\\\/colorfest.it\\\/#\\\/schema\\\/person\\\/174195bbe9c056259e2ca3e13087d54b\"},\"headline\":\"Tutti gli artisti internazionali che rendono imperdibile il Festival\",\"datePublished\":\"2026-04-07T14:32:34+00:00\",\"dateModified\":\"2026-04-07T15:40:18+00:00\",\"mainEntityOfPage\":{\"@id\":\"https:\\\/\\\/colorfest.it\\\/artisti-internazionali-color-fest-2026\\\/\"},\"wordCount\":1105,\"publisher\":{\"@id\":\"https:\\\/\\\/colorfest.it\\\/#organization\"},\"image\":{\"@id\":\"https:\\\/\\\/colorfest.it\\\/artisti-internazionali-color-fest-2026\\\/#primaryimage\"},\"thumbnailUrl\":\"https:\\\/\\\/colorfest.it\\\/wp-content\\\/uploads\\\/2026\\\/04\\\/non-mancare-Color-Fest-14.webp\",\"articleSection\":[\"Color Fest\",\"Color Fest 14\",\"Lineup\"],\"inLanguage\":\"en-GB\"},{\"@type\":\"WebPage\",\"@id\":\"https:\\\/\\\/colorfest.it\\\/artisti-internazionali-color-fest-2026\\\/\",\"url\":\"https:\\\/\\\/colorfest.it\\\/artisti-internazionali-color-fest-2026\\\/\",\"name\":\"Artisti internazionali al Color Fest 2026: Apparat, Tellier, Django Django e altri\",\"isPartOf\":{\"@id\":\"https:\\\/\\\/colorfest.it\\\/#website\"},\"primaryImageOfPage\":{\"@id\":\"https:\\\/\\\/colorfest.it\\\/artisti-internazionali-color-fest-2026\\\/#primaryimage\"},\"image\":{\"@id\":\"https:\\\/\\\/colorfest.it\\\/artisti-internazionali-color-fest-2026\\\/#primaryimage\"},\"thumbnailUrl\":\"https:\\\/\\\/colorfest.it\\\/wp-content\\\/uploads\\\/2026\\\/04\\\/non-mancare-Color-Fest-14.webp\",\"datePublished\":\"2026-04-07T14:32:34+00:00\",\"dateModified\":\"2026-04-07T15:40:18+00:00\",\"description\":\"Da Apparat a S\u00e9bastien Tellier, da Django Django ai Deadletter: tutti gli artisti internazionali che rendono imperdibile il Color Fest 14. 11-13 agosto, Lamezia Terme.\",\"breadcrumb\":{\"@id\":\"https:\\\/\\\/colorfest.it\\\/artisti-internazionali-color-fest-2026\\\/#breadcrumb\"},\"inLanguage\":\"en-GB\",\"potentialAction\":[{\"@type\":\"ReadAction\",\"target\":[\"https:\\\/\\\/colorfest.it\\\/artisti-internazionali-color-fest-2026\\\/\"]}]},{\"@type\":\"ImageObject\",\"inLanguage\":\"en-GB\",\"@id\":\"https:\\\/\\\/colorfest.it\\\/artisti-internazionali-color-fest-2026\\\/#primaryimage\",\"url\":\"https:\\\/\\\/colorfest.it\\\/wp-content\\\/uploads\\\/2026\\\/04\\\/non-mancare-Color-Fest-14.webp\",\"contentUrl\":\"https:\\\/\\\/colorfest.it\\\/wp-content\\\/uploads\\\/2026\\\/04\\\/non-mancare-Color-Fest-14.webp\",\"width\":1080,\"height\":1350,\"caption\":\"non mancare Color Fest 14\"},{\"@type\":\"BreadcrumbList\",\"@id\":\"https:\\\/\\\/colorfest.it\\\/artisti-internazionali-color-fest-2026\\\/#breadcrumb\",\"itemListElement\":[{\"@type\":\"ListItem\",\"position\":1,\"name\":\"Home\",\"item\":\"https:\\\/\\\/colorfest.it\\\/\"},{\"@type\":\"ListItem\",\"position\":2,\"name\":\"Tutti gli artisti internazionali che rendono imperdibile il Festival\"}]},{\"@type\":\"WebSite\",\"@id\":\"https:\\\/\\\/colorfest.it\\\/#website\",\"url\":\"https:\\\/\\\/colorfest.it\\\/\",\"name\":\"Color Fest - Festival di Musica | 11 - 12 - 13 Agosto 2026 | in Calabria\",\"description\":\"Color Fest - Festival di Musica, dal 2013 punto di riferimento per la musica dal vivo &gt;&gt; 11 - 12 - 13 Agosto 2026 Lungomare Falcone Borsellino.\",\"publisher\":{\"@id\":\"https:\\\/\\\/colorfest.it\\\/#organization\"},\"alternateName\":\"Color Fest - Festival di Musica | 11 - 12 - 13 Agosto 2026 @Lungomare Falcone Borsellino\",\"potentialAction\":[{\"@type\":\"SearchAction\",\"target\":{\"@type\":\"EntryPoint\",\"urlTemplate\":\"https:\\\/\\\/colorfest.it\\\/?s={search_term_string}\"},\"query-input\":{\"@type\":\"PropertyValueSpecification\",\"valueRequired\":true,\"valueName\":\"search_term_string\"}}],\"inLanguage\":\"en-GB\"},{\"@type\":\"Organization\",\"@id\":\"https:\\\/\\\/colorfest.it\\\/#organization\",\"name\":\"Che cosa sono le nuvole APS\",\"alternateName\":\"Color Fest\",\"url\":\"https:\\\/\\\/colorfest.it\\\/\",\"logo\":{\"@type\":\"ImageObject\",\"inLanguage\":\"en-GB\",\"@id\":\"https:\\\/\\\/colorfest.it\\\/#\\\/schema\\\/logo\\\/image\\\/\",\"url\":\"https:\\\/\\\/colorfest.it\\\/wp-content\\\/uploads\\\/2022\\\/03\\\/checosasonolenuvole.png\",\"contentUrl\":\"https:\\\/\\\/colorfest.it\\\/wp-content\\\/uploads\\\/2022\\\/03\\\/checosasonolenuvole.png\",\"width\":952,\"height\":844,\"caption\":\"Che cosa sono le nuvole APS\"},\"image\":{\"@id\":\"https:\\\/\\\/colorfest.it\\\/#\\\/schema\\\/logo\\\/image\\\/\"},\"sameAs\":[\"http:\\\/\\\/facebook.com\\\/colorfestlamezia\\\/\",\"http:\\\/\\\/instagram.com\\\/color_fest_\\\/\",\"https:\\\/\\\/www.linkedin.com\\\/company\\\/color-fest\\\/\"],\"description\":\"Color Fest - Festival di Musica, dal 2013 punto di riferimento per la musica dal vivo >> 11 - 12 - 13 Agosto 2026 Lungomare Falcone Borsellino.\",\"email\":\"scrivi@colorfest.it\",\"legalName\":\"Che cosa sono le nuvole APS\",\"foundingDate\":\"2012-10-12\",\"vatID\":\"03309120792\",\"taxID\":\"92029190797\",\"numberOfEmployees\":{\"@type\":\"QuantitativeValue\",\"minValue\":\"11\",\"maxValue\":\"50\"}},{\"@type\":\"Person\",\"@id\":\"https:\\\/\\\/colorfest.it\\\/#\\\/schema\\\/person\\\/174195bbe9c056259e2ca3e13087d54b\",\"name\":\"Salvatore Bilotti\",\"image\":{\"@type\":\"ImageObject\",\"inLanguage\":\"en-GB\",\"@id\":\"https:\\\/\\\/secure.gravatar.com\\\/avatar\\\/ffea54082f2805c177a23aec9bc4121df09c213e6ca8fda40be720241c65e38e?s=96&d=mm&r=g\",\"url\":\"https:\\\/\\\/secure.gravatar.com\\\/avatar\\\/ffea54082f2805c177a23aec9bc4121df09c213e6ca8fda40be720241c65e38e?s=96&d=mm&r=g\",\"contentUrl\":\"https:\\\/\\\/secure.gravatar.com\\\/avatar\\\/ffea54082f2805c177a23aec9bc4121df09c213e6ca8fda40be720241c65e38e?s=96&d=mm&r=g\",\"caption\":\"Salvatore Bilotti\"}}]}<\/script>\n<!-- \/ Yoast SEO Premium plugin. -->","yoast_head_json":{"title":"International artists at Color Fest 2026: Apparat, Tellier, Django Django and others","description":"From Apparat to S\u00e9bastien Tellier, from Django Django to Deadletter: all the international artists who make Color Fest 14 unmissable. 11-13 August, Lamezia Terme.","robots":{"index":"index","follow":"follow","max-snippet":"max-snippet:-1","max-image-preview":"max-image-preview:large","max-video-preview":"max-video-preview:-1"},"canonical":"https:\/\/colorfest.it\/en\/international-artists-colour-fest-2026\/","og_locale":"en_GB","og_type":"article","og_title":"Tutti gli artisti internazionali che rendono imperdibile il Festival","og_description":"Da Apparat a S\u00e9bastien Tellier, da Django Django ai Deadletter: tutti gli artisti internazionali che rendono imperdibile il Color Fest 14. 11-13 agosto, Lamezia Terme.","og_url":"https:\/\/colorfest.it\/en\/international-artists-colour-fest-2026\/","og_site_name":"Color Fest - Festival di Musica | 11 - 12 - 13 Agosto 2026 | in Calabria","article_publisher":"http:\/\/facebook.com\/colorfestlamezia\/","article_published_time":"2026-04-07T14:32:34+00:00","article_modified_time":"2026-04-07T15:40:18+00:00","og_image":[{"width":1080,"height":1350,"url":"https:\/\/colorfest.it\/wp-content\/uploads\/2026\/04\/non-mancare-Color-Fest-14.webp","type":"image\/webp"}],"author":"Salvatore Bilotti","twitter_card":"summary_large_image","twitter_description":"Color Fest - Festival di Musica, dal 2013 punto di riferimento per la musica dal vivo >> 11 - 12 - 13 Agosto 2026 Lungomare Falcone Borsellino.","twitter_misc":{"Written by":"Salvatore Bilotti","Estimated reading time":"8 minutes"},"schema":{"@context":"https:\/\/schema.org","@graph":[{"@type":"Article","@id":"https:\/\/colorfest.it\/artisti-internazionali-color-fest-2026\/#article","isPartOf":{"@id":"https:\/\/colorfest.it\/artisti-internazionali-color-fest-2026\/"},"author":{"name":"Salvatore Bilotti","@id":"https:\/\/colorfest.it\/#\/schema\/person\/174195bbe9c056259e2ca3e13087d54b"},"headline":"Tutti gli artisti internazionali che rendono imperdibile il Festival","datePublished":"2026-04-07T14:32:34+00:00","dateModified":"2026-04-07T15:40:18+00:00","mainEntityOfPage":{"@id":"https:\/\/colorfest.it\/artisti-internazionali-color-fest-2026\/"},"wordCount":1105,"publisher":{"@id":"https:\/\/colorfest.it\/#organization"},"image":{"@id":"https:\/\/colorfest.it\/artisti-internazionali-color-fest-2026\/#primaryimage"},"thumbnailUrl":"https:\/\/colorfest.it\/wp-content\/uploads\/2026\/04\/non-mancare-Color-Fest-14.webp","articleSection":["Color Fest","Color Fest 14","Lineup"],"inLanguage":"en-GB"},{"@type":"WebPage","@id":"https:\/\/colorfest.it\/artisti-internazionali-color-fest-2026\/","url":"https:\/\/colorfest.it\/artisti-internazionali-color-fest-2026\/","name":"International artists at Color Fest 2026: Apparat, Tellier, Django Django and others","isPartOf":{"@id":"https:\/\/colorfest.it\/#website"},"primaryImageOfPage":{"@id":"https:\/\/colorfest.it\/artisti-internazionali-color-fest-2026\/#primaryimage"},"image":{"@id":"https:\/\/colorfest.it\/artisti-internazionali-color-fest-2026\/#primaryimage"},"thumbnailUrl":"https:\/\/colorfest.it\/wp-content\/uploads\/2026\/04\/non-mancare-Color-Fest-14.webp","datePublished":"2026-04-07T14:32:34+00:00","dateModified":"2026-04-07T15:40:18+00:00","description":"From Apparat to S\u00e9bastien Tellier, from Django Django to Deadletter: all the international artists who make Color Fest 14 unmissable. 11-13 August, Lamezia Terme.","breadcrumb":{"@id":"https:\/\/colorfest.it\/artisti-internazionali-color-fest-2026\/#breadcrumb"},"inLanguage":"en-GB","potentialAction":[{"@type":"ReadAction","target":["https:\/\/colorfest.it\/artisti-internazionali-color-fest-2026\/"]}]},{"@type":"ImageObject","inLanguage":"en-GB","@id":"https:\/\/colorfest.it\/artisti-internazionali-color-fest-2026\/#primaryimage","url":"https:\/\/colorfest.it\/wp-content\/uploads\/2026\/04\/non-mancare-Color-Fest-14.webp","contentUrl":"https:\/\/colorfest.it\/wp-content\/uploads\/2026\/04\/non-mancare-Color-Fest-14.webp","width":1080,"height":1350,"caption":"non mancare Color Fest 14"},{"@type":"BreadcrumbList","@id":"https:\/\/colorfest.it\/artisti-internazionali-color-fest-2026\/#breadcrumb","itemListElement":[{"@type":"ListItem","position":1,"name":"Home","item":"https:\/\/colorfest.it\/"},{"@type":"ListItem","position":2,"name":"Tutti gli artisti internazionali che rendono imperdibile il Festival"}]},{"@type":"WebSite","@id":"https:\/\/colorfest.it\/#website","url":"https:\/\/colorfest.it\/","name":"Color Fest - Music Festival | 11 - 12 - 13 August 2026 | in Calabria","description":"Color Fest - Music Festival, since 2013 a reference point for live music &gt;&gt; 11 - 12 - 13 August 2026 Lungomare Falcone Borsellino","publisher":{"@id":"https:\/\/colorfest.it\/#organization"},"alternateName":"Color Fest - Festival di Musica | 11 - 12 - 13 Agosto 2026 @Lungomare Falcone Borsellino","potentialAction":[{"@type":"SearchAction","target":{"@type":"EntryPoint","urlTemplate":"https:\/\/colorfest.it\/?s={search_term_string}"},"query-input":{"@type":"PropertyValueSpecification","valueRequired":true,"valueName":"search_term_string"}}],"inLanguage":"en-GB"},{"@type":"Organization","@id":"https:\/\/colorfest.it\/#organization","name":"What are APS clouds","alternateName":"Color Fest","url":"https:\/\/colorfest.it\/","logo":{"@type":"ImageObject","inLanguage":"en-GB","@id":"https:\/\/colorfest.it\/#\/schema\/logo\/image\/","url":"https:\/\/colorfest.it\/wp-content\/uploads\/2022\/03\/checosasonolenuvole.png","contentUrl":"https:\/\/colorfest.it\/wp-content\/uploads\/2022\/03\/checosasonolenuvole.png","width":952,"height":844,"caption":"Che cosa sono le nuvole APS"},"image":{"@id":"https:\/\/colorfest.it\/#\/schema\/logo\/image\/"},"sameAs":["http:\/\/facebook.com\/colorfestlamezia\/","http:\/\/instagram.com\/color_fest_\/","https:\/\/www.linkedin.com\/company\/color-fest\/"],"description":"Color Fest - Music Festival, since 2013 a reference point for live music &gt;&gt; 11 - 12 - 13 August 2026 Lungomare Falcone Borsellino","email":"scrivi@colorfest.it","legalName":"Che cosa sono le nuvole APS","foundingDate":"2012-10-12","vatID":"03309120792","taxID":"92029190797","numberOfEmployees":{"@type":"QuantitativeValue","minValue":"11","maxValue":"50"}},{"@type":"Person","@id":"https:\/\/colorfest.it\/#\/schema\/person\/174195bbe9c056259e2ca3e13087d54b","name":"Salvatore Bilotti","image":{"@type":"ImageObject","inLanguage":"en-GB","@id":"https:\/\/secure.gravatar.com\/avatar\/ffea54082f2805c177a23aec9bc4121df09c213e6ca8fda40be720241c65e38e?s=96&d=mm&r=g","url":"https:\/\/secure.gravatar.com\/avatar\/ffea54082f2805c177a23aec9bc4121df09c213e6ca8fda40be720241c65e38e?s=96&d=mm&r=g","contentUrl":"https:\/\/secure.gravatar.com\/avatar\/ffea54082f2805c177a23aec9bc4121df09c213e6ca8fda40be720241c65e38e?s=96&d=mm&r=g","caption":"Salvatore Bilotti"}}]}},"_links":{"self":[{"href":"https:\/\/colorfest.it\/en\/wp-json\/wp\/v2\/posts\/25458","targetHints":{"allow":["GET"]}}],"collection":[{"href":"https:\/\/colorfest.it\/en\/wp-json\/wp\/v2\/posts"}],"about":[{"href":"https:\/\/colorfest.it\/en\/wp-json\/wp\/v2\/types\/post"}],"author":[{"embeddable":true,"href":"https:\/\/colorfest.it\/en\/wp-json\/wp\/v2\/users\/7"}],"replies":[{"embeddable":true,"href":"https:\/\/colorfest.it\/en\/wp-json\/wp\/v2\/comments?post=25458"}],"version-history":[{"count":0,"href":"https:\/\/colorfest.it\/en\/wp-json\/wp\/v2\/posts\/25458\/revisions"}],"wp:featuredmedia":[{"embeddable":true,"href":"https:\/\/colorfest.it\/en\/wp-json\/wp\/v2\/media\/25462"}],"wp:attachment":[{"href":"https:\/\/colorfest.it\/en\/wp-json\/wp\/v2\/media?parent=25458"}],"wp:term":[{"taxonomy":"category","embeddable":true,"href":"https:\/\/colorfest.it\/en\/wp-json\/wp\/v2\/categories?post=25458"},{"taxonomy":"post_tag","embeddable":true,"href":"https:\/\/colorfest.it\/en\/wp-json\/wp\/v2\/tags?post=25458"}],"curies":[{"name":"wp","href":"https:\/\/api.w.org\/{rel}","templated":true}]}}