{"id":13182,"date":"2023-02-04T11:26:36","date_gmt":"2023-02-04T10:26:36","guid":{"rendered":"https:\/\/colorfest.it\/?p=13182"},"modified":"2023-02-06T18:22:33","modified_gmt":"2023-02-06T17:22:33","slug":"contest","status":"publish","type":"post","link":"https:\/\/colorfest.it\/en\/contest\/","title":{"rendered":"Contest"},"content":{"rendered":"<div data-elementor-type=\"wp-post\" data-elementor-id=\"13182\" class=\"elementor elementor-13182\" data-elementor-post-type=\"post\">\n\t\t\t\t\t\t<section class=\"elementor-section elementor-top-section elementor-element elementor-element-e086fcd elementor-section-boxed elementor-section-height-default elementor-section-height-default\" data-id=\"e086fcd\" data-element_type=\"section\" data-e-type=\"section\">\n\t\t\t\t\t\t<div class=\"elementor-container elementor-column-gap-default\">\n\t\t\t\t\t<div class=\"elementor-column elementor-col-100 elementor-top-column elementor-element elementor-element-05e02b7\" data-id=\"05e02b7\" data-element_type=\"column\" data-e-type=\"column\">\n\t\t\t<div class=\"elementor-widget-wrap elementor-element-populated\">\n\t\t\t\t\t\t<div class=\"elementor-element elementor-element-232d449 elementor-widget elementor-widget-image\" data-id=\"232d449\" data-element_type=\"widget\" data-e-type=\"widget\" data-widget_type=\"image.default\">\n\t\t\t\t<div class=\"elementor-widget-container\">\n\t\t\t\t\t\t\t\t\t\t\t\t\t\t\t<img fetchpriority=\"high\" decoding=\"async\" width=\"500\" height=\"500\" src=\"https:\/\/colorfest.it\/wp-content\/uploads\/2023\/01\/2.png\" class=\"attachment-large size-large wp-image-12237\" alt=\"Supernova logo\" srcset=\"https:\/\/colorfest.it\/wp-content\/uploads\/2023\/01\/2.png 500w, https:\/\/colorfest.it\/wp-content\/uploads\/2023\/01\/2-100x100.png 100w, https:\/\/colorfest.it\/wp-content\/uploads\/2023\/01\/2-300x300.png 300w, https:\/\/colorfest.it\/wp-content\/uploads\/2023\/01\/2-150x150.png 150w\" sizes=\"(max-width: 500px) 100vw, 500px\" \/>\t\t\t\t\t\t\t\t\t\t\t\t\t\t\t<\/div>\n\t\t\t\t<\/div>\n\t\t\t\t\t<\/div>\n\t\t<\/div>\n\t\t\t\t\t<\/div>\n\t\t<\/section>\n\t\t\t\t<section class=\"elementor-section elementor-top-section elementor-element elementor-element-2f8fa4a elementor-section-boxed elementor-section-height-default elementor-section-height-default\" data-id=\"2f8fa4a\" data-element_type=\"section\" data-e-type=\"section\">\n\t\t\t\t\t\t<div class=\"elementor-container elementor-column-gap-default\">\n\t\t\t\t\t<div class=\"elementor-column elementor-col-100 elementor-top-column elementor-element elementor-element-137b093\" data-id=\"137b093\" data-element_type=\"column\" data-e-type=\"column\">\n\t\t\t<div class=\"elementor-widget-wrap elementor-element-populated\">\n\t\t\t\t\t\t<div class=\"elementor-element elementor-element-c018669 elementor-widget elementor-widget-heading\" data-id=\"c018669\" data-element_type=\"widget\" data-e-type=\"widget\" data-widget_type=\"heading.default\">\n\t\t\t\t<div class=\"elementor-widget-container\">\n\t\t\t\t\t<h1 class=\"elementor-heading-title elementor-size-default\">Supernova is back!<\/h1>\t\t\t\t<\/div>\n\t\t\t\t<\/div>\n\t\t\t\t\t<\/div>\n\t\t<\/div>\n\t\t\t\t\t<\/div>\n\t\t<\/section>\n\t\t\t\t<section class=\"elementor-section elementor-top-section elementor-element elementor-element-6ccaa56 elementor-section-boxed elementor-section-height-default elementor-section-height-default\" data-id=\"6ccaa56\" data-element_type=\"section\" data-e-type=\"section\">\n\t\t\t\t\t\t<div class=\"elementor-container elementor-column-gap-default\">\n\t\t\t\t\t<div class=\"elementor-column elementor-col-100 elementor-top-column elementor-element elementor-element-3e7bc01\" data-id=\"3e7bc01\" data-element_type=\"column\" data-e-type=\"column\">\n\t\t\t<div class=\"elementor-widget-wrap elementor-element-populated\">\n\t\t\t\t\t\t<div class=\"elementor-element elementor-element-d7a8680 elementor-widget elementor-widget-text-editor\" data-id=\"d7a8680\" data-element_type=\"widget\" data-e-type=\"widget\" data-widget_type=\"text-editor.default\">\n\t\t\t\t<div class=\"elementor-widget-container\">\n\t\t\t\t\t\t\t\t\t<p>The Color Fest is one of the most anticipated events of the year in the South and a unique opportunity for emerging bands and artists to make a name for themselves.<\/p><p>Each year the festival presents a line-up of national and international artists, but this year there is an even more special occasion...<\/p><p><strong>Supernova<\/strong> is the <strong>Contest<\/strong> which for several years now has offered three bands or up-and-coming artists the chance to play at Color Fest.<\/p><p>This opportunity is a unique experience for the <strong>emerging musicians<\/strong>who can perform in front of a passionate audience and share the stage with nationally renowned artists.<\/p><p>The Supernova contest <strong>is open to all bands and emerging artists<\/strong>regardless of musical genre as long as they have 3 original songs in their repertoire.<\/p>\t\t\t\t\t\t\t\t<\/div>\n\t\t\t\t<\/div>\n\t\t\t\t<div class=\"elementor-element elementor-element-83b475e elementor-widget elementor-widget-premium-addon-button\" data-id=\"83b475e\" data-element_type=\"widget\" data-e-type=\"widget\" data-widget_type=\"premium-addon-button.default\">\n\t\t\t\t<div class=\"elementor-widget-container\">\n\t\t\t\t\t\n\n\t\t<a class=\"premium-button premium-button-style5 premium-btn-lg premium-button-style5-radialin\" href=\"https:\/\/colorfest.it\/en\/supernova\/\">\n\t\t\t<div class=\"premium-button-text-icon-wrapper\">\n\t\t\t\t\n\t\t\t\t\t\t\t\t\t<span >\n\t\t\t\t\t\tSign up now\t\t\t\t\t<\/span>\n\t\t\t\t\t\t\t<\/div>\n\n\t\t\t\n\t\t\t\n\t\t\t\n\t\t<\/a>\n\n\n\t\t\t\t\t\t<\/div>\n\t\t\t\t<\/div>\n\t\t\t\t<div class=\"elementor-element elementor-element-b6f2b4f elementor-widget elementor-widget-text-editor\" data-id=\"b6f2b4f\" data-element_type=\"widget\" data-e-type=\"widget\" data-widget_type=\"text-editor.default\">\n\t\t\t\t<div class=\"elementor-widget-container\">\n\t\t\t\t\t\t\t\t\t<p>The Supernova contest <strong>is open to all bands and emerging artists<\/strong>regardless of musical genre as long as they have 3 original songs in their repertoire.<\/p><p>Participating is easy, just go to the Color Fest website and submit 3 songs to be presented to the jury for selection. You can enter the links (<em>Spotify<\/em>, <em>Soundcloud<\/em> o <em>other players<\/em>) or upload in .zip format and pay a participation fee of \u20ac30.99.<\/p><p><strong>Please note:<\/strong> (If tracks are shared via upload or if a non-public link is provided, the latter<strong> will never be disseminated<\/strong> but will only serve the jury for evaluation purposes)<\/p><p>Participating in the Supernova contest is an opportunity that cannot be missed. Not only because of the chance to perform at the Color Fest, but also because of the visibility gained thanks to various initiatives promoted by the festival; such as #Backstage, the Podcast of the Color that last year featured the same winners of Contest 2022.<\/p><p>The festival attracts thousands of people every year and participating in the contest can help your music become known to an even wider audience.<\/p><p>In conclusion, if you are an up-and-coming band or artist and you want to perform at Color Fest and make your music known, don't miss the chance to enter the Supernova contest. It is a unique opportunity to emerge in the Festiva world. Don't hesitate, register now on the Color Fest website!<\/p>\t\t\t\t\t\t\t\t<\/div>\n\t\t\t\t<\/div>\n\t\t\t\t\t<\/div>\n\t\t<\/div>\n\t\t\t\t\t<\/div>\n\t\t<\/section>\n\t\t\t\t<section class=\"elementor-section elementor-top-section elementor-element elementor-element-13f3a2f elementor-section-boxed elementor-section-height-default elementor-section-height-default\" data-id=\"13f3a2f\" data-element_type=\"section\" data-e-type=\"section\">\n\t\t\t\t\t\t<div class=\"elementor-container elementor-column-gap-default\">\n\t\t\t\t\t<div class=\"elementor-column elementor-col-100 elementor-top-column elementor-element elementor-element-cbbadd2\" data-id=\"cbbadd2\" data-element_type=\"column\" data-e-type=\"column\">\n\t\t\t<div class=\"elementor-widget-wrap elementor-element-populated\">\n\t\t\t\t\t\t<div class=\"elementor-element elementor-element-db9d1c6 elementor-widget elementor-widget-premium-addon-button\" data-id=\"db9d1c6\" data-element_type=\"widget\" data-e-type=\"widget\" data-widget_type=\"premium-addon-button.default\">\n\t\t\t\t<div class=\"elementor-widget-container\">\n\t\t\t\t\t\n\n\t\t<a class=\"premium-button premium-button-style5 premium-btn-lg premium-button-style5-radialin\" href=\"https:\/\/colorfest.it\/en\/supernova\/\">\n\t\t\t<div class=\"premium-button-text-icon-wrapper\">\n\t\t\t\t\n\t\t\t\t\t\t\t\t\t<span >\n\t\t\t\t\t\tSign up now\t\t\t\t\t<\/span>\n\t\t\t\t\t\t\t<\/div>\n\n\t\t\t\n\t\t\t\n\t\t\t\n\t\t<\/a>\n\n\n\t\t\t\t\t\t<\/div>\n\t\t\t\t<\/div>\n\t\t\t\t\t<\/div>\n\t\t<\/div>\n\t\t\t\t\t<\/div>\n\t\t<\/section>\n\t\t\t\t<section class=\"elementor-section elementor-top-section elementor-element elementor-element-d1b25a4 elementor-section-boxed elementor-section-height-default elementor-section-height-default\" data-id=\"d1b25a4\" data-element_type=\"section\" data-e-type=\"section\">\n\t\t\t\t\t\t<div class=\"elementor-container elementor-column-gap-default\">\n\t\t\t\t\t<div class=\"elementor-column elementor-col-100 elementor-top-column elementor-element elementor-element-2743875\" data-id=\"2743875\" data-element_type=\"column\" data-e-type=\"column\">\n\t\t\t<div class=\"elementor-widget-wrap elementor-element-populated\">\n\t\t\t\t\t\t<div class=\"elementor-element elementor-element-a39b823 elementor-widget elementor-widget-text-editor\" data-id=\"a39b823\" data-element_type=\"widget\" data-e-type=\"widget\" data-widget_type=\"text-editor.default\">\n\t\t\t\t<div class=\"elementor-widget-container\">\n\t\t\t\t\t\t\t\t\t<p style=\"text-align: center;\">Bands and Artists<\/p><p style=\"text-align: center;\">winners of the <span style=\"color: #ca5a8d;\">previous editions<\/span><\/p>\t\t\t\t\t\t\t\t<\/div>\n\t\t\t\t<\/div>\n\t\t\t\t\t<\/div>\n\t\t<\/div>\n\t\t\t\t\t<\/div>\n\t\t<\/section>\n\t\t\t\t<section class=\"elementor-section elementor-top-section elementor-element elementor-element-50475e0 elementor-section-boxed elementor-section-height-default elementor-section-height-default\" data-id=\"50475e0\" data-element_type=\"section\" data-e-type=\"section\">\n\t\t\t\t\t\t<div class=\"elementor-container elementor-column-gap-default\">\n\t\t\t\t\t<div class=\"elementor-column elementor-col-100 elementor-top-column elementor-element elementor-element-2c39d51\" data-id=\"2c39d51\" data-element_type=\"column\" data-e-type=\"column\">\n\t\t\t<div class=\"elementor-widget-wrap elementor-element-populated\">\n\t\t\t\t\t\t<div class=\"elementor-element elementor-element-be60379 elementor-widget elementor-widget-image-carousel\" data-id=\"be60379\" data-element_type=\"widget\" data-e-type=\"widget\" data-settings=\"{&quot;slides_to_show&quot;:&quot;4&quot;,&quot;slides_to_scroll&quot;:&quot;1&quot;,&quot;navigation&quot;:&quot;none&quot;,&quot;slides_to_show_mobile&quot;:&quot;2&quot;,&quot;image_spacing_custom&quot;:{&quot;unit&quot;:&quot;px&quot;,&quot;size&quot;:15,&quot;sizes&quot;:[]},&quot;autoplay&quot;:&quot;yes&quot;,&quot;pause_on_hover&quot;:&quot;yes&quot;,&quot;pause_on_interaction&quot;:&quot;yes&quot;,&quot;autoplay_speed&quot;:5000,&quot;infinite&quot;:&quot;yes&quot;,&quot;speed&quot;:500,&quot;image_spacing_custom_tablet&quot;:{&quot;unit&quot;:&quot;px&quot;,&quot;size&quot;:&quot;&quot;,&quot;sizes&quot;:[]},&quot;image_spacing_custom_mobile&quot;:{&quot;unit&quot;:&quot;px&quot;,&quot;size&quot;:&quot;&quot;,&quot;sizes&quot;:[]}}\" data-widget_type=\"image-carousel.default\">\n\t\t\t\t<div class=\"elementor-widget-container\">\n\t\t\t\t\t\t\t<div class=\"elementor-image-carousel-wrapper swiper\" role=\"region\" aria-roledescription=\"carousel\" aria-label=\"Image Carousel\" dir=\"ltr\">\n\t\t\t<div class=\"elementor-image-carousel swiper-wrapper swiper-image-stretch\" aria-live=\"off\">\n\t\t\t\t\t\t\t\t<div class=\"swiper-slide\" role=\"group\" aria-roledescription=\"slide\" aria-label=\"1 of 8\"><figure class=\"swiper-slide-inner\"><img decoding=\"async\" class=\"swiper-slide-image\" src=\"https:\/\/colorfest.it\/wp-content\/uploads\/2023\/02\/Eleonora.jpg\" alt=\"Eleonora\" \/><figcaption class=\"elementor-image-carousel-caption\">Eleonora<\/figcaption><\/figure><\/div><div class=\"swiper-slide\" role=\"group\" aria-roledescription=\"slide\" aria-label=\"2 of 8\"><figure class=\"swiper-slide-inner\"><img decoding=\"async\" class=\"swiper-slide-image\" src=\"https:\/\/colorfest.it\/wp-content\/uploads\/2023\/02\/Galea.jpg\" alt=\"Galea\" \/><figcaption class=\"elementor-image-carousel-caption\">Galea<\/figcaption><\/figure><\/div><div class=\"swiper-slide\" role=\"group\" aria-roledescription=\"slide\" aria-label=\"3 of 8\"><figure class=\"swiper-slide-inner\"><img decoding=\"async\" class=\"swiper-slide-image\" src=\"https:\/\/colorfest.it\/wp-content\/uploads\/2023\/02\/La-Para.jpg\" alt=\"La Para\" \/><figcaption class=\"elementor-image-carousel-caption\">La Para<\/figcaption><\/figure><\/div><div class=\"swiper-slide\" role=\"group\" aria-roledescription=\"slide\" aria-label=\"4 of 8\"><figure class=\"swiper-slide-inner\"><img decoding=\"async\" class=\"swiper-slide-image\" src=\"https:\/\/colorfest.it\/wp-content\/uploads\/2023\/02\/Le-cose-importanti.jpg\" alt=\"The important things\" \/><figcaption class=\"elementor-image-carousel-caption\">The important things<\/figcaption><\/figure><\/div><div class=\"swiper-slide\" role=\"group\" aria-roledescription=\"slide\" aria-label=\"5 of 8\"><figure class=\"swiper-slide-inner\"><img decoding=\"async\" class=\"swiper-slide-image\" src=\"https:\/\/colorfest.it\/wp-content\/uploads\/2023\/02\/Marat.jpg\" alt=\"Marat\" \/><figcaption class=\"elementor-image-carousel-caption\">Marat<\/figcaption><\/figure><\/div><div class=\"swiper-slide\" role=\"group\" aria-roledescription=\"slide\" aria-label=\"6 of 8\"><figure class=\"swiper-slide-inner\"><img decoding=\"async\" class=\"swiper-slide-image\" src=\"https:\/\/colorfest.it\/wp-content\/uploads\/2023\/02\/Martini-Police.jpg\" alt=\"Martini Police\" \/><figcaption class=\"elementor-image-carousel-caption\">Martini Police<\/figcaption><\/figure><\/div><div class=\"swiper-slide\" role=\"group\" aria-roledescription=\"slide\" aria-label=\"7 of 8\"><figure class=\"swiper-slide-inner\"><img decoding=\"async\" class=\"swiper-slide-image\" src=\"https:\/\/colorfest.it\/wp-content\/uploads\/2023\/02\/Mundial.jpg\" alt=\"Mundial\" \/><figcaption class=\"elementor-image-carousel-caption\">Mundial<\/figcaption><\/figure><\/div><div class=\"swiper-slide\" role=\"group\" aria-roledescription=\"slide\" aria-label=\"8 of 8\"><figure class=\"swiper-slide-inner\"><img decoding=\"async\" class=\"swiper-slide-image\" src=\"https:\/\/colorfest.it\/wp-content\/uploads\/2023\/02\/Toru.jpg\" alt=\"Toru\" \/><figcaption class=\"elementor-image-carousel-caption\">Toru<\/figcaption><\/figure><\/div>\t\t\t<\/div>\n\t\t\t\t\t\t\t\n\t\t\t\t\t\t\t\t\t<\/div>\n\t\t\t\t\t\t<\/div>\n\t\t\t\t<\/div>\n\t\t\t\t\t<\/div>\n\t\t<\/div>\n\t\t\t\t\t<\/div>\n\t\t<\/section>\n\t\t\t\t<\/div>","protected":false},"excerpt":{"rendered":"<p>\u00c8 tornato supernova! Il Color Fest \u00e8 uno degli eventi pi\u00f9 attesi dell&#8217;anno nel meridione e un&#8217;opportunit\u00e0 unica per le band e gli artisti emergenti di farsi conoscere. Ogni anno il festival presenta una lineup di artisti di livello nazionale e internazionale, ma quest&#8217;anno c&#8217;\u00e8 un&#8217;occasione ancora pi\u00f9 speciale&#8230; Supernova \u00e8 il Contest che ormai [&hellip;]<\/p>\n","protected":false},"author":7,"featured_media":13241,"comment_status":"closed","ping_status":"closed","sticky":false,"template":"","format":"standard","meta":{"_acf_changed":false,"footnotes":""},"categories":[1],"tags":[],"class_list":["post-13182","post","type-post","status-publish","format-standard","has-post-thumbnail","hentry","category-color-fest"],"acf":[],"yoast_head":"<!-- This site is optimized with the Yoast SEO Premium plugin v27.3 (Yoast SEO v27.4) - https:\/\/yoast.com\/product\/yoast-seo-premium-wordpress\/ -->\n<title>Contest Color Fest | 11 - 12 - 13 Agosto | In Calabria<\/title>\n<meta name=\"description\" content=\"E\u2019 tornato Supernova! \u2063Il contest per selezionare tre progetti emergenti da far suonare sul palco dell\u201911\u00b0 edizione del Color Fest!\" \/>\n<meta name=\"robots\" content=\"index, follow, max-snippet:-1, max-image-preview:large, max-video-preview:-1\" \/>\n<link rel=\"canonical\" href=\"https:\/\/colorfest.it\/en\/contest\/\" \/>\n<meta property=\"og:locale\" content=\"en_GB\" \/>\n<meta property=\"og:type\" content=\"article\" \/>\n<meta property=\"og:title\" content=\"Contest\" \/>\n<meta property=\"og:description\" content=\"Color Fest - Festival di Musica, dal 2013 punto di riferimento per la musica dal vivo &gt;&gt; 11 - 12 - 13 Agosto 2026 Lungomare Falcone Borsellino.\" \/>\n<meta property=\"og:url\" content=\"https:\/\/colorfest.it\/en\/contest\/\" \/>\n<meta property=\"og:site_name\" content=\"Color Fest - Festival di Musica | 11 - 12 - 13 Agosto 2026 | in Calabria\" \/>\n<meta property=\"article:publisher\" content=\"http:\/\/facebook.com\/colorfestlamezia\/\" \/>\n<meta property=\"article:published_time\" content=\"2023-02-04T10:26:36+00:00\" \/>\n<meta property=\"article:modified_time\" content=\"2023-02-06T17:22:33+00:00\" \/>\n<meta property=\"og:image\" content=\"https:\/\/colorfest.it\/wp-content\/uploads\/2023\/02\/DSC00194-2-crop.jpg\" \/>\n\t<meta property=\"og:image:width\" content=\"1139\" \/>\n\t<meta property=\"og:image:height\" content=\"1140\" \/>\n\t<meta property=\"og:image:type\" content=\"image\/jpeg\" \/>\n<meta name=\"author\" content=\"Salvatore Bilotti\" \/>\n<meta name=\"twitter:card\" content=\"summary_large_image\" \/>\n<meta name=\"twitter:label1\" content=\"Written by\" \/>\n\t<meta name=\"twitter:data1\" content=\"Salvatore Bilotti\" \/>\n\t<meta name=\"twitter:label2\" content=\"Estimated reading time\" \/>\n\t<meta name=\"twitter:data2\" content=\"6 minutes\" \/>\n<script type=\"application\/ld+json\" class=\"yoast-schema-graph\">{\"@context\":\"https:\\\/\\\/schema.org\",\"@graph\":[{\"@type\":\"Article\",\"@id\":\"https:\\\/\\\/colorfest.it\\\/contest\\\/#article\",\"isPartOf\":{\"@id\":\"https:\\\/\\\/colorfest.it\\\/contest\\\/\"},\"author\":{\"name\":\"Salvatore Bilotti\",\"@id\":\"https:\\\/\\\/colorfest.it\\\/#\\\/schema\\\/person\\\/174195bbe9c056259e2ca3e13087d54b\"},\"headline\":\"Contest\",\"datePublished\":\"2023-02-04T10:26:36+00:00\",\"dateModified\":\"2023-02-06T17:22:33+00:00\",\"mainEntityOfPage\":{\"@id\":\"https:\\\/\\\/colorfest.it\\\/contest\\\/\"},\"wordCount\":378,\"publisher\":{\"@id\":\"https:\\\/\\\/colorfest.it\\\/#organization\"},\"image\":{\"@id\":\"https:\\\/\\\/colorfest.it\\\/contest\\\/#primaryimage\"},\"thumbnailUrl\":\"https:\\\/\\\/colorfest.it\\\/wp-content\\\/uploads\\\/2023\\\/02\\\/DSC00194-2-crop.jpg\",\"articleSection\":[\"Color Fest\"],\"inLanguage\":\"en-GB\"},{\"@type\":\"WebPage\",\"@id\":\"https:\\\/\\\/colorfest.it\\\/contest\\\/\",\"url\":\"https:\\\/\\\/colorfest.it\\\/contest\\\/\",\"name\":\"Contest Color Fest | 11 - 12 - 13 Agosto | In Calabria\",\"isPartOf\":{\"@id\":\"https:\\\/\\\/colorfest.it\\\/#website\"},\"primaryImageOfPage\":{\"@id\":\"https:\\\/\\\/colorfest.it\\\/contest\\\/#primaryimage\"},\"image\":{\"@id\":\"https:\\\/\\\/colorfest.it\\\/contest\\\/#primaryimage\"},\"thumbnailUrl\":\"https:\\\/\\\/colorfest.it\\\/wp-content\\\/uploads\\\/2023\\\/02\\\/DSC00194-2-crop.jpg\",\"datePublished\":\"2023-02-04T10:26:36+00:00\",\"dateModified\":\"2023-02-06T17:22:33+00:00\",\"description\":\"E\u2019 tornato Supernova! \u2063Il contest per selezionare tre progetti emergenti da far suonare sul palco dell\u201911\u00b0 edizione del Color Fest!\",\"breadcrumb\":{\"@id\":\"https:\\\/\\\/colorfest.it\\\/contest\\\/#breadcrumb\"},\"inLanguage\":\"en-GB\",\"potentialAction\":[{\"@type\":\"ReadAction\",\"target\":[\"https:\\\/\\\/colorfest.it\\\/contest\\\/\"]}]},{\"@type\":\"ImageObject\",\"inLanguage\":\"en-GB\",\"@id\":\"https:\\\/\\\/colorfest.it\\\/contest\\\/#primaryimage\",\"url\":\"https:\\\/\\\/colorfest.it\\\/wp-content\\\/uploads\\\/2023\\\/02\\\/DSC00194-2-crop.jpg\",\"contentUrl\":\"https:\\\/\\\/colorfest.it\\\/wp-content\\\/uploads\\\/2023\\\/02\\\/DSC00194-2-crop.jpg\",\"width\":1139,\"height\":1140},{\"@type\":\"BreadcrumbList\",\"@id\":\"https:\\\/\\\/colorfest.it\\\/contest\\\/#breadcrumb\",\"itemListElement\":[{\"@type\":\"ListItem\",\"position\":1,\"name\":\"Home\",\"item\":\"https:\\\/\\\/colorfest.it\\\/\"},{\"@type\":\"ListItem\",\"position\":2,\"name\":\"Contest\"}]},{\"@type\":\"WebSite\",\"@id\":\"https:\\\/\\\/colorfest.it\\\/#website\",\"url\":\"https:\\\/\\\/colorfest.it\\\/\",\"name\":\"Color Fest - Festival di Musica | 11 - 12 - 13 Agosto 2026 | in Calabria\",\"description\":\"Color Fest - Festival di Musica, dal 2013 punto di riferimento per la musica dal vivo &gt;&gt; 11 - 12 - 13 Agosto 2026 Lungomare Falcone Borsellino.\",\"publisher\":{\"@id\":\"https:\\\/\\\/colorfest.it\\\/#organization\"},\"alternateName\":\"Color Fest - Festival di Musica | 11 - 12 - 13 Agosto 2026 @Lungomare Falcone Borsellino\",\"potentialAction\":[{\"@type\":\"SearchAction\",\"target\":{\"@type\":\"EntryPoint\",\"urlTemplate\":\"https:\\\/\\\/colorfest.it\\\/?s={search_term_string}\"},\"query-input\":{\"@type\":\"PropertyValueSpecification\",\"valueRequired\":true,\"valueName\":\"search_term_string\"}}],\"inLanguage\":\"en-GB\"},{\"@type\":\"Organization\",\"@id\":\"https:\\\/\\\/colorfest.it\\\/#organization\",\"name\":\"Che cosa sono le nuvole APS\",\"alternateName\":\"Color Fest\",\"url\":\"https:\\\/\\\/colorfest.it\\\/\",\"logo\":{\"@type\":\"ImageObject\",\"inLanguage\":\"en-GB\",\"@id\":\"https:\\\/\\\/colorfest.it\\\/#\\\/schema\\\/logo\\\/image\\\/\",\"url\":\"https:\\\/\\\/colorfest.it\\\/wp-content\\\/uploads\\\/2022\\\/03\\\/checosasonolenuvole.png\",\"contentUrl\":\"https:\\\/\\\/colorfest.it\\\/wp-content\\\/uploads\\\/2022\\\/03\\\/checosasonolenuvole.png\",\"width\":952,\"height\":844,\"caption\":\"Che cosa sono le nuvole APS\"},\"image\":{\"@id\":\"https:\\\/\\\/colorfest.it\\\/#\\\/schema\\\/logo\\\/image\\\/\"},\"sameAs\":[\"http:\\\/\\\/facebook.com\\\/colorfestlamezia\\\/\",\"http:\\\/\\\/instagram.com\\\/color_fest_\\\/\",\"https:\\\/\\\/www.linkedin.com\\\/company\\\/color-fest\\\/\"],\"description\":\"Color Fest - Festival di Musica, dal 2013 punto di riferimento per la musica dal vivo >> 11 - 12 - 13 Agosto 2026 Lungomare Falcone Borsellino.\",\"email\":\"scrivi@colorfest.it\",\"legalName\":\"Che cosa sono le nuvole APS\",\"foundingDate\":\"2012-10-12\",\"vatID\":\"03309120792\",\"taxID\":\"92029190797\",\"numberOfEmployees\":{\"@type\":\"QuantitativeValue\",\"minValue\":\"11\",\"maxValue\":\"50\"}},{\"@type\":\"Person\",\"@id\":\"https:\\\/\\\/colorfest.it\\\/#\\\/schema\\\/person\\\/174195bbe9c056259e2ca3e13087d54b\",\"name\":\"Salvatore Bilotti\",\"image\":{\"@type\":\"ImageObject\",\"inLanguage\":\"en-GB\",\"@id\":\"https:\\\/\\\/secure.gravatar.com\\\/avatar\\\/ffea54082f2805c177a23aec9bc4121df09c213e6ca8fda40be720241c65e38e?s=96&d=mm&r=g\",\"url\":\"https:\\\/\\\/secure.gravatar.com\\\/avatar\\\/ffea54082f2805c177a23aec9bc4121df09c213e6ca8fda40be720241c65e38e?s=96&d=mm&r=g\",\"contentUrl\":\"https:\\\/\\\/secure.gravatar.com\\\/avatar\\\/ffea54082f2805c177a23aec9bc4121df09c213e6ca8fda40be720241c65e38e?s=96&d=mm&r=g\",\"caption\":\"Salvatore Bilotti\"}}]}<\/script>\n<!-- \/ Yoast SEO Premium plugin. -->","yoast_head_json":{"title":"Contest Color Fest | 11 - 12 - 13 August | In Calabria","description":"Supernova is back! The contest to select three emerging projects to play on stage at the 11th edition of Color Fest!","robots":{"index":"index","follow":"follow","max-snippet":"max-snippet:-1","max-image-preview":"max-image-preview:large","max-video-preview":"max-video-preview:-1"},"canonical":"https:\/\/colorfest.it\/en\/contest\/","og_locale":"en_GB","og_type":"article","og_title":"Contest","og_description":"Color Fest - Festival di Musica, dal 2013 punto di riferimento per la musica dal vivo >> 11 - 12 - 13 Agosto 2026 Lungomare Falcone Borsellino.","og_url":"https:\/\/colorfest.it\/en\/contest\/","og_site_name":"Color Fest - Festival di Musica | 11 - 12 - 13 Agosto 2026 | in Calabria","article_publisher":"http:\/\/facebook.com\/colorfestlamezia\/","article_published_time":"2023-02-04T10:26:36+00:00","article_modified_time":"2023-02-06T17:22:33+00:00","og_image":[{"width":1139,"height":1140,"url":"https:\/\/colorfest.it\/wp-content\/uploads\/2023\/02\/DSC00194-2-crop.jpg","type":"image\/jpeg"}],"author":"Salvatore Bilotti","twitter_card":"summary_large_image","twitter_misc":{"Written by":"Salvatore Bilotti","Estimated reading time":"6 minutes"},"schema":{"@context":"https:\/\/schema.org","@graph":[{"@type":"Article","@id":"https:\/\/colorfest.it\/contest\/#article","isPartOf":{"@id":"https:\/\/colorfest.it\/contest\/"},"author":{"name":"Salvatore Bilotti","@id":"https:\/\/colorfest.it\/#\/schema\/person\/174195bbe9c056259e2ca3e13087d54b"},"headline":"Contest","datePublished":"2023-02-04T10:26:36+00:00","dateModified":"2023-02-06T17:22:33+00:00","mainEntityOfPage":{"@id":"https:\/\/colorfest.it\/contest\/"},"wordCount":378,"publisher":{"@id":"https:\/\/colorfest.it\/#organization"},"image":{"@id":"https:\/\/colorfest.it\/contest\/#primaryimage"},"thumbnailUrl":"https:\/\/colorfest.it\/wp-content\/uploads\/2023\/02\/DSC00194-2-crop.jpg","articleSection":["Color Fest"],"inLanguage":"en-GB"},{"@type":"WebPage","@id":"https:\/\/colorfest.it\/contest\/","url":"https:\/\/colorfest.it\/contest\/","name":"Contest Color Fest | 11 - 12 - 13 August | In Calabria","isPartOf":{"@id":"https:\/\/colorfest.it\/#website"},"primaryImageOfPage":{"@id":"https:\/\/colorfest.it\/contest\/#primaryimage"},"image":{"@id":"https:\/\/colorfest.it\/contest\/#primaryimage"},"thumbnailUrl":"https:\/\/colorfest.it\/wp-content\/uploads\/2023\/02\/DSC00194-2-crop.jpg","datePublished":"2023-02-04T10:26:36+00:00","dateModified":"2023-02-06T17:22:33+00:00","description":"Supernova is back! The contest to select three emerging projects to play on stage at the 11th edition of Color Fest!","breadcrumb":{"@id":"https:\/\/colorfest.it\/contest\/#breadcrumb"},"inLanguage":"en-GB","potentialAction":[{"@type":"ReadAction","target":["https:\/\/colorfest.it\/contest\/"]}]},{"@type":"ImageObject","inLanguage":"en-GB","@id":"https:\/\/colorfest.it\/contest\/#primaryimage","url":"https:\/\/colorfest.it\/wp-content\/uploads\/2023\/02\/DSC00194-2-crop.jpg","contentUrl":"https:\/\/colorfest.it\/wp-content\/uploads\/2023\/02\/DSC00194-2-crop.jpg","width":1139,"height":1140},{"@type":"BreadcrumbList","@id":"https:\/\/colorfest.it\/contest\/#breadcrumb","itemListElement":[{"@type":"ListItem","position":1,"name":"Home","item":"https:\/\/colorfest.it\/"},{"@type":"ListItem","position":2,"name":"Contest"}]},{"@type":"WebSite","@id":"https:\/\/colorfest.it\/#website","url":"https:\/\/colorfest.it\/","name":"Color Fest - Music Festival | 11 - 12 - 13 August 2026 | in Calabria","description":"Color Fest - Music Festival, since 2013 a reference point for live music &gt;&gt; 11 - 12 - 13 August 2026 Lungomare Falcone Borsellino","publisher":{"@id":"https:\/\/colorfest.it\/#organization"},"alternateName":"Color Fest - Festival di Musica | 11 - 12 - 13 Agosto 2026 @Lungomare Falcone Borsellino","potentialAction":[{"@type":"SearchAction","target":{"@type":"EntryPoint","urlTemplate":"https:\/\/colorfest.it\/?s={search_term_string}"},"query-input":{"@type":"PropertyValueSpecification","valueRequired":true,"valueName":"search_term_string"}}],"inLanguage":"en-GB"},{"@type":"Organization","@id":"https:\/\/colorfest.it\/#organization","name":"What are APS clouds","alternateName":"Color Fest","url":"https:\/\/colorfest.it\/","logo":{"@type":"ImageObject","inLanguage":"en-GB","@id":"https:\/\/colorfest.it\/#\/schema\/logo\/image\/","url":"https:\/\/colorfest.it\/wp-content\/uploads\/2022\/03\/checosasonolenuvole.png","contentUrl":"https:\/\/colorfest.it\/wp-content\/uploads\/2022\/03\/checosasonolenuvole.png","width":952,"height":844,"caption":"Che cosa sono le nuvole APS"},"image":{"@id":"https:\/\/colorfest.it\/#\/schema\/logo\/image\/"},"sameAs":["http:\/\/facebook.com\/colorfestlamezia\/","http:\/\/instagram.com\/color_fest_\/","https:\/\/www.linkedin.com\/company\/color-fest\/"],"description":"Color Fest - Music Festival, since 2013 a reference point for live music &gt;&gt; 11 - 12 - 13 August 2026 Lungomare Falcone Borsellino","email":"scrivi@colorfest.it","legalName":"Che cosa sono le nuvole APS","foundingDate":"2012-10-12","vatID":"03309120792","taxID":"92029190797","numberOfEmployees":{"@type":"QuantitativeValue","minValue":"11","maxValue":"50"}},{"@type":"Person","@id":"https:\/\/colorfest.it\/#\/schema\/person\/174195bbe9c056259e2ca3e13087d54b","name":"Salvatore Bilotti","image":{"@type":"ImageObject","inLanguage":"en-GB","@id":"https:\/\/secure.gravatar.com\/avatar\/ffea54082f2805c177a23aec9bc4121df09c213e6ca8fda40be720241c65e38e?s=96&d=mm&r=g","url":"https:\/\/secure.gravatar.com\/avatar\/ffea54082f2805c177a23aec9bc4121df09c213e6ca8fda40be720241c65e38e?s=96&d=mm&r=g","contentUrl":"https:\/\/secure.gravatar.com\/avatar\/ffea54082f2805c177a23aec9bc4121df09c213e6ca8fda40be720241c65e38e?s=96&d=mm&r=g","caption":"Salvatore Bilotti"}}]}},"_links":{"self":[{"href":"https:\/\/colorfest.it\/en\/wp-json\/wp\/v2\/posts\/13182","targetHints":{"allow":["GET"]}}],"collection":[{"href":"https:\/\/colorfest.it\/en\/wp-json\/wp\/v2\/posts"}],"about":[{"href":"https:\/\/colorfest.it\/en\/wp-json\/wp\/v2\/types\/post"}],"author":[{"embeddable":true,"href":"https:\/\/colorfest.it\/en\/wp-json\/wp\/v2\/users\/7"}],"replies":[{"embeddable":true,"href":"https:\/\/colorfest.it\/en\/wp-json\/wp\/v2\/comments?post=13182"}],"version-history":[{"count":0,"href":"https:\/\/colorfest.it\/en\/wp-json\/wp\/v2\/posts\/13182\/revisions"}],"wp:featuredmedia":[{"embeddable":true,"href":"https:\/\/colorfest.it\/en\/wp-json\/wp\/v2\/media\/13241"}],"wp:attachment":[{"href":"https:\/\/colorfest.it\/en\/wp-json\/wp\/v2\/media?parent=13182"}],"wp:term":[{"taxonomy":"category","embeddable":true,"href":"https:\/\/colorfest.it\/en\/wp-json\/wp\/v2\/categories?post=13182"},{"taxonomy":"post_tag","embeddable":true,"href":"https:\/\/colorfest.it\/en\/wp-json\/wp\/v2\/tags?post=13182"}],"curies":[{"name":"wp","href":"https:\/\/api.w.org\/{rel}","templated":true}]}}