{"id":25772,"date":"2026-04-24T20:08:04","date_gmt":"2026-04-24T18:08:04","guid":{"rendered":"https:\/\/colorfest.it\/?p=25772"},"modified":"2026-04-24T20:09:55","modified_gmt":"2026-04-24T18:09:55","slug":"farbfest-14-13-august-tag-3","status":"publish","type":"post","link":"https:\/\/colorfest.it\/de\/color-fest-14-13-agosto-day-3\/","title":{"rendered":"Color Fest 14, 13. August: Django Django, La Ni\u00f1a und Tag 3"},"content":{"rendered":"<p>La <strong>14. Auflage<\/strong> von <strong>Farbe Fest<\/strong> schlie\u00dft <strong>Donnerstag, 13. August 2026<\/strong> auf <strong>Riviera der Sonnenunterg\u00e4nge<\/strong> von <strong>Lamezia Terme<\/strong>. Es ist die <strong>Tag 3<\/strong>: der k\u00f6rperlichste und chorischste Tag der Ausgabe, zwischen Singer-Songwriter, englischem Post-Punk, elektronischer Forschung und einem abschlie\u00dfenden DJ-Set, das die Morgend\u00e4mmerung an die Strandpromenade bringt. <em>Sommer an einem einsamen Strand<\/em> endet hier.<\/p>\n\n\n\n<h2 class=\"wp-block-heading\" id=\"h-tutto-quello-che-potrai-vedere-il-13-agosto-al-festival\">Alles, was Sie am 13. August auf dem Festival sehen k\u00f6nnen<\/h2>\n\n\n\n<figure class=\"wp-block-image aligncenter size-large is-resized\"><img fetchpriority=\"high\" decoding=\"async\" width=\"819\" height=\"1024\" src=\"https:\/\/colorfest.it\/wp-content\/uploads\/2026\/04\/tutto-quello-che-potrai-vedere-il-13-agosto-2026-Color-Fest-14-819x1024.webp\" alt=\"\" class=\"wp-image-25773\" style=\"aspect-ratio:0.7998125439350152;object-fit:cover;width:300px\" srcset=\"https:\/\/colorfest.it\/wp-content\/uploads\/2026\/04\/tutto-quello-che-potrai-vedere-il-13-agosto-2026-Color-Fest-14-819x1024.webp 819w, https:\/\/colorfest.it\/wp-content\/uploads\/2026\/04\/tutto-quello-che-potrai-vedere-il-13-agosto-2026-Color-Fest-14-240x300.webp 240w, https:\/\/colorfest.it\/wp-content\/uploads\/2026\/04\/tutto-quello-che-potrai-vedere-il-13-agosto-2026-Color-Fest-14-768x960.webp 768w, https:\/\/colorfest.it\/wp-content\/uploads\/2026\/04\/tutto-quello-che-potrai-vedere-il-13-agosto-2026-Color-Fest-14-10x12.webp 10w, https:\/\/colorfest.it\/wp-content\/uploads\/2026\/04\/tutto-quello-che-potrai-vedere-il-13-agosto-2026-Color-Fest-14.webp 1080w\" sizes=\"(max-width: 819px) 100vw, 819px\" \/><\/figure>\n\n\n\n<p>Der dritte Tag der <strong>Farbfest 14<\/strong> richtet die <strong>Django Django<\/strong> aus dem Vereinigten K\u00f6nigreich, der neue kollektive Ritus der <strong>La Ni\u00f1a<\/strong>, das Schreiben von <strong>Dimartino<\/strong>, die Post-Punk-Dringlichkeit von <strong>Deadletter<\/strong>, die elektronische Suche von <strong>Mai Mai<\/strong>, die ersten Stunden anvertraut <strong>Alessandro Fiore<\/strong>, <strong>Bonzo &amp; Belmonte<\/strong> e <strong>Bass-Profil<\/strong>, und ein DJ-Set von <strong>OKgiorgio<\/strong>. Alles bei <strong>Promenade von Falcone und Borsellino<\/strong>, nur einen Katzensprung vom Meer entfernt.<\/p>\n\n\n\n<h3 class=\"wp-block-heading\" id=\"h-django-django-per-ballare-e-lasciarsi-andare\">Django Django - zum Tanzen und Loslassen<\/h3>\n\n\n\n<figure class=\"wp-block-image aligncenter size-large is-resized\"><img decoding=\"async\" width=\"819\" height=\"1024\" src=\"https:\/\/colorfest.it\/wp-content\/uploads\/2026\/04\/django-django-Color-Fest-14-day-3-13-agosto-2026-819x1024.webp\" alt=\"\" class=\"wp-image-25777\" style=\"width:300px\" srcset=\"https:\/\/colorfest.it\/wp-content\/uploads\/2026\/04\/django-django-Color-Fest-14-day-3-13-agosto-2026-819x1024.webp 819w, https:\/\/colorfest.it\/wp-content\/uploads\/2026\/04\/django-django-Color-Fest-14-day-3-13-agosto-2026-240x300.webp 240w, https:\/\/colorfest.it\/wp-content\/uploads\/2026\/04\/django-django-Color-Fest-14-day-3-13-agosto-2026-768x960.webp 768w, https:\/\/colorfest.it\/wp-content\/uploads\/2026\/04\/django-django-Color-Fest-14-day-3-13-agosto-2026-10x12.webp 10w, https:\/\/colorfest.it\/wp-content\/uploads\/2026\/04\/django-django-Color-Fest-14-day-3-13-agosto-2026.webp 1080w\" sizes=\"(max-width: 819px) 100vw, 819px\" \/><\/figure>\n\n\n\n<p>Von <strong>Vereinigtes K\u00f6nigreich<\/strong>, i <strong>Django Django<\/strong> erreichen die <strong>Farbfest 14<\/strong> mit ihren <strong>live<\/strong> aus Gesangsharmonien, Synthesizern, kantigen Gitarren und Krautrock-Rhythmen. Eine der erkennbarsten Formationen des britischen Art-Pop der letzten f\u00fcnfzehn Jahre, die in der Lage ist, die B\u00fchne in eine leuchtende Tanzfl\u00e4che zu verwandeln. Sie geh\u00f6ren zu den am meisten erwarteten Namen des <strong>Tag 3<\/strong>.<\/p>\n\n\n\n<h3 class=\"wp-block-heading\" id=\"h-la-nina-per-vivere-un-rito-collettivo\">La Ni\u00f1a - ein kollektives Ritual erleben<\/h3>\n\n\n\n<figure class=\"wp-block-image aligncenter size-full is-resized\"><img decoding=\"async\" width=\"720\" height=\"912\" src=\"https:\/\/colorfest.it\/wp-content\/uploads\/2026\/04\/la-nina-Color-Fest-14-day-3-13-agosto-2026.webp\" alt=\"\" class=\"wp-image-25776\" style=\"width:300px\" srcset=\"https:\/\/colorfest.it\/wp-content\/uploads\/2026\/04\/la-nina-Color-Fest-14-day-3-13-agosto-2026.webp 720w, https:\/\/colorfest.it\/wp-content\/uploads\/2026\/04\/la-nina-Color-Fest-14-day-3-13-agosto-2026-237x300.webp 237w, https:\/\/colorfest.it\/wp-content\/uploads\/2026\/04\/la-nina-Color-Fest-14-day-3-13-agosto-2026-9x12.webp 9w\" sizes=\"(max-width: 720px) 100vw, 720px\" \/><\/figure>\n\n\n\n<p><strong>La Ni\u00f1a<\/strong> ist eine der kraftvollsten Stimmen der neuen mediterranen Szene: Neapolitanisch, Tammorre, Elektronik und Volksgesang, die in einem physischen, rituellen Soundsystem zusammengef\u00fchrt werden. Seine Konzerte sind <strong>kollektive Riten<\/strong> mehr als Ausstellungen: auf der <strong>Farbe Fest<\/strong> bringt diese Intensit\u00e4t, mit dem Meer im Hintergrund und dem umrahmten Trommelschlag im Takt.<\/p>\n\n\n\n<h3 class=\"wp-block-heading\" id=\"h-dimartino-per-la-delicatezza-della-musica\">Dimartino - f\u00fcr die Zartheit der Musik<\/h3>\n\n\n\n<figure class=\"wp-block-image aligncenter size-full is-resized\"><img loading=\"lazy\" decoding=\"async\" width=\"720\" height=\"912\" src=\"https:\/\/colorfest.it\/wp-content\/uploads\/2026\/04\/dimasrtino-Color-Fest-14-day-3-13-agosto-2026.webp\" alt=\"\" class=\"wp-image-25778\" style=\"width:300px\" srcset=\"https:\/\/colorfest.it\/wp-content\/uploads\/2026\/04\/dimasrtino-Color-Fest-14-day-3-13-agosto-2026.webp 720w, https:\/\/colorfest.it\/wp-content\/uploads\/2026\/04\/dimasrtino-Color-Fest-14-day-3-13-agosto-2026-237x300.webp 237w, https:\/\/colorfest.it\/wp-content\/uploads\/2026\/04\/dimasrtino-Color-Fest-14-day-3-13-agosto-2026-9x12.webp 9w\" sizes=\"(max-width: 720px) 100vw, 720px\" \/><\/figure>\n\n\n\n<p><strong>Dimartino<\/strong> ist einer der am meisten gesch\u00e4tzten italienischen Singer-Songwriter des letzten Jahrzehnts: klare Texte, kontrollierte Melancholie, eine Stimme, die sowohl auf dem Klavier als auch auf orchestralen Arrangements bestehen kann. Unter <strong>Farbfest 14<\/strong> bringt den intimsten Teil des <strong>Tag 3<\/strong>, derjenige, bei dem das Festival inneh\u00e4lt und schweigend zuh\u00f6rt.<\/p>\n\n\n\n<h3 class=\"wp-block-heading\" id=\"h-deadletter-per-la-furia-e-il-ritmo\">Deadletter - f\u00fcr Wut und Rhythmus<\/h3>\n\n\n\n<figure class=\"wp-block-image aligncenter size-full is-resized\"><img loading=\"lazy\" decoding=\"async\" width=\"720\" height=\"912\" src=\"https:\/\/colorfest.it\/wp-content\/uploads\/2026\/04\/deadletter-Color-Fest-14-day-3-13-agosto-2026.webp\" alt=\"\" class=\"wp-image-25779\" style=\"width:300px\" srcset=\"https:\/\/colorfest.it\/wp-content\/uploads\/2026\/04\/deadletter-Color-Fest-14-day-3-13-agosto-2026.webp 720w, https:\/\/colorfest.it\/wp-content\/uploads\/2026\/04\/deadletter-Color-Fest-14-day-3-13-agosto-2026-237x300.webp 237w, https:\/\/colorfest.it\/wp-content\/uploads\/2026\/04\/deadletter-Color-Fest-14-day-3-13-agosto-2026-9x12.webp 9w\" sizes=\"(max-width: 720px) 100vw, 720px\" \/><\/figure>\n\n\n\n<p>I <strong>Deadletter<\/strong> sind eine der interessantesten Bands der neuen britischen Post-Punk-Welle: scharfe Gitarren, Saxophon, Groove-Bass, deklamierter Gesang. Ein nerv\u00f6ser Ruck im Inneren der <strong>Tag 3<\/strong>, perfekt, um die Spannung des Abends hoch zu halten. A <strong>live<\/strong> eindringlich, so dass man sie im Stehen h\u00f6ren kann.<\/p>\n\n\n\n<h3 class=\"wp-block-heading\" id=\"h-mai-mai-mai-live-per-la-sperimentazione\">Mai Mai live - zum Experimentieren<\/h3>\n\n\n\n<figure class=\"wp-block-image aligncenter size-large is-resized\"><img loading=\"lazy\" decoding=\"async\" width=\"819\" height=\"1024\" src=\"https:\/\/colorfest.it\/wp-content\/uploads\/2026\/04\/mai-mai-mai-live-Color-Fest-14-day-3-13-agosto-2026-819x1024.webp\" alt=\"\" class=\"wp-image-25775\" style=\"width:300px\" srcset=\"https:\/\/colorfest.it\/wp-content\/uploads\/2026\/04\/mai-mai-mai-live-Color-Fest-14-day-3-13-agosto-2026-819x1024.webp 819w, https:\/\/colorfest.it\/wp-content\/uploads\/2026\/04\/mai-mai-mai-live-Color-Fest-14-day-3-13-agosto-2026-240x300.webp 240w, https:\/\/colorfest.it\/wp-content\/uploads\/2026\/04\/mai-mai-mai-live-Color-Fest-14-day-3-13-agosto-2026-768x960.webp 768w, https:\/\/colorfest.it\/wp-content\/uploads\/2026\/04\/mai-mai-mai-live-Color-Fest-14-day-3-13-agosto-2026-10x12.webp 10w, https:\/\/colorfest.it\/wp-content\/uploads\/2026\/04\/mai-mai-mai-live-Color-Fest-14-day-3-13-agosto-2026.webp 1080w\" sizes=\"(max-width: 819px) 100vw, 819px\" \/><\/figure>\n\n\n\n<p><strong>Mai Mai<\/strong> ist das Projekt von <strong>Toni Cutrone<\/strong>elektronische Forschung, mediterrane Feldaufnahmen, Drone, Rhythmus. Einer der angesehensten Namen in der italienischen Experimental-Szene, der in der Lage ist, Live-Performances zu gestalten, die sowohl hypnotisch als auch physisch sind. Unter <strong>Farbe Fest<\/strong> bringt ein Set, das f\u00fcr die Dunkelheit der <strong>Riviera der Sonnenunterg\u00e4nge<\/strong>.<\/p>\n\n\n\n<h3 class=\"wp-block-heading\" id=\"h-alessandro-fiore-bonzo-amp-belmonte-bassoprofilo-per-la-bellezza-di-scoprire\">Alessandro Fiore, Bonzo &amp; Belmonte, Bassoprofile - f\u00fcr die Sch\u00f6nheit des Entdeckens<\/h3>\n\n\n\n<figure class=\"wp-block-image aligncenter size-large is-resized\"><img loading=\"lazy\" decoding=\"async\" width=\"819\" height=\"1024\" src=\"https:\/\/colorfest.it\/wp-content\/uploads\/2026\/04\/alessandro-fiore-Bonzo-Belmonte-Bassoprofilo-Color-Fest-14-day-3-13-agosto-2026-819x1024.webp\" alt=\"\" class=\"wp-image-25780\" style=\"width:300px\" srcset=\"https:\/\/colorfest.it\/wp-content\/uploads\/2026\/04\/alessandro-fiore-Bonzo-Belmonte-Bassoprofilo-Color-Fest-14-day-3-13-agosto-2026-819x1024.webp 819w, https:\/\/colorfest.it\/wp-content\/uploads\/2026\/04\/alessandro-fiore-Bonzo-Belmonte-Bassoprofilo-Color-Fest-14-day-3-13-agosto-2026-240x300.webp 240w, https:\/\/colorfest.it\/wp-content\/uploads\/2026\/04\/alessandro-fiore-Bonzo-Belmonte-Bassoprofilo-Color-Fest-14-day-3-13-agosto-2026-768x960.webp 768w, https:\/\/colorfest.it\/wp-content\/uploads\/2026\/04\/alessandro-fiore-Bonzo-Belmonte-Bassoprofilo-Color-Fest-14-day-3-13-agosto-2026-10x12.webp 10w, https:\/\/colorfest.it\/wp-content\/uploads\/2026\/04\/alessandro-fiore-Bonzo-Belmonte-Bassoprofilo-Color-Fest-14-day-3-13-agosto-2026.webp 1080w\" sizes=\"(max-width: 819px) 100vw, 819px\" \/><\/figure>\n\n\n\n<p>Die ersten Stunden des <strong>Tag 3<\/strong> sind mit drei noch zu entdeckenden Projekten betraut: <strong>Alessandro Fiore<\/strong>, das Duo <strong>Bonzo &amp; Belmonte<\/strong> e <strong>Bass-Profil<\/strong>. Drei verschiedene Klangfarben - Singer-Songwriter, Pop d'auteur, Forschung -, die die aufstrebende italienische und kalabrische Szene fotografieren. Das Programmierungsst\u00fcck, das die <strong>Farbe Fest<\/strong> hat immer behauptet: <em>die Sch\u00f6nheit des Entdeckens<\/em>.<\/p>\n\n\n\n<h3 class=\"wp-block-heading\" id=\"h-okgiorgio-dj-set-per-un-altra-dimensione\">OKgiorgio dj set - f\u00fcr eine andere Dimension<\/h3>\n\n\n\n<figure class=\"wp-block-image aligncenter size-full is-resized\"><img loading=\"lazy\" decoding=\"async\" width=\"720\" height=\"912\" src=\"https:\/\/colorfest.it\/wp-content\/uploads\/2026\/04\/okgiorgio-dj-set-Color-Fest-14-day-3-13-agosto-2026.webp\" alt=\"\" class=\"wp-image-25774\" style=\"width:300px\" srcset=\"https:\/\/colorfest.it\/wp-content\/uploads\/2026\/04\/okgiorgio-dj-set-Color-Fest-14-day-3-13-agosto-2026.webp 720w, https:\/\/colorfest.it\/wp-content\/uploads\/2026\/04\/okgiorgio-dj-set-Color-Fest-14-day-3-13-agosto-2026-237x300.webp 237w, https:\/\/colorfest.it\/wp-content\/uploads\/2026\/04\/okgiorgio-dj-set-Color-Fest-14-day-3-13-agosto-2026-9x12.webp 9w\" sizes=\"(max-width: 720px) 100vw, 720px\" \/><\/figure>\n\n\n\n<p>Schlie\u00dfen der <strong>Tag 3<\/strong> und die gesamte <strong>Farbfest 14<\/strong>, das DJ-Set von <strong>OKgiorgio<\/strong>eklektische Auswahl, generationen\u00fcbergreifende Grooves, offene Tanzfl\u00e4che bis sp\u00e4t in die Nacht. Das ist der Moment, in dem das Festival mit dem Tanz verschmilzt und der Sand zum Boden eines Open-Air-Clubs wird.<\/p>\n\n\n\n<h2 class=\"wp-block-heading\" id=\"h-dove-quando-come\">Wo, wann, wie<\/h2>\n\n\n\n<ul class=\"wp-block-list\">\n<li><strong>Datum:<\/strong> Donnerstag <strong>13. August 2026<\/strong> (Tag 3 der 14. Ausgabe)<\/li>\n\n\n\n<li><strong>Standort:<\/strong> <strong>Promenade von Falcone und Borsellino<\/strong> \u2013 <strong>Riviera der Sonnenunterg\u00e4nge<\/strong>, <strong>Lamezia Terme (CZ)<\/strong><\/li>\n\n\n\n<li><strong>Vollst\u00e4ndige Ausgabe:<\/strong> <strong>11<\/strong>, <strong>12<\/strong> e <strong>13. August 2026<\/strong><\/li>\n\n\n\n<li><strong>Organisation:<\/strong> <strong>Was sind Wolken APS<\/strong> (aus <strong>2012<\/strong>)<\/li>\n<\/ul>\n\n\n\n<h2 class=\"wp-block-heading\" id=\"h-abbonamenti-in-esaurimento\">Auslaufende Abonnements<\/h2>\n\n\n\n<p>Die <strong>Abonnements<\/strong> f\u00fcr die <strong>drei Tage<\/strong> von <strong>Farbfest 14<\/strong> sind <strong>hinauslaufend<\/strong>. Die Tageskarte f\u00fcr die <strong>Tag 3 vom 13. August<\/strong> und zwei- oder dreit\u00e4gige Pakete sind auf der offiziellen Ticket-Seite erh\u00e4ltlich, die \u00fcber <strong>DICE<\/strong>.<\/p>\n\n\n\n<div class=\"wp-block-buttons is-layout-flex wp-block-buttons-is-layout-flex\">\n<div class=\"wp-block-button\"><a class=\"wp-block-button__link has-vivid-cyan-blue-background-color has-background wp-element-button\" href=\"https:\/\/colorfest.it\/de\/tickets-info\/\"><strong>Kaufen Sie Ihr Ticket<\/strong><\/a><\/div>\n<\/div>\n\n\n\n<h2 class=\"wp-block-heading\" id=\"h-cosa-aspettarsi-dalla-day-3\">Was Sie von Tag 3 erwarten k\u00f6nnen<\/h2>\n\n\n\n<p>La <strong>Tag 3<\/strong> von <strong>Farbfest 14<\/strong> ist die wichtigste <strong>Physik<\/strong> e <strong>Chor<\/strong> der Ausgabe: ein kontinuierlicher \u00dcbergang zwischen italienischem Lied, englischem Post-Punk, mediterranen Ritualen und elektronischer Forschung, abgeschlossen von einem DJ-Set, das das Festival bis in die Nacht begleitet. Die beste Art und Weise, um sich vom Festival zu verabschieden <strong>13. August<\/strong> auf <strong>Promenade von Falcone und Borsellino<\/strong> - und um zu verstehen, warum aus <strong>vierzehn Jahre<\/strong> die <strong>Farbe Fest<\/strong> ist nach wie vor eine der angesehensten Veranstaltungen in der italienischen Independent-Szene.<\/p>\n\n\n\n<div class=\"wp-block-webfactory-map\"><div class=\"wp-block-webfactory-map\"><iframe title=\"Karte\" width=\"100%\" height=\"300px\" src=\"https:\/\/www.google.com\/maps\/embed\/v1\/place?q=color%20fest&amp;maptype=roadmap&amp;zoom=10&amp;key=AIzaSyCkZ4OiAzwxwAIPSAuUNABhKJKgbafAfnY\" frameborder=\"0\"><\/iframe><\/div><\/div>","protected":false},"excerpt":{"rendered":"<p>La XIV edizione del Color Fest si chiude gioved\u00ec 13 agosto 2026 sulla Riviera dei Tramonti di Lamezia Terme. \u00c8 la Day 3: la giornata pi\u00f9 fisica e corale dell&#8217;edizione, fra cantautorato d&#8217;autore, post-punk inglese, ricerca elettronica e una chiusura in dj set che porta l&#8217;alba sul lungomare. Summer on a Solitary Beach finisce qui. [&hellip;]<\/p>\n","protected":false},"author":7,"featured_media":25773,"comment_status":"closed","ping_status":"closed","sticky":false,"template":"","format":"standard","meta":{"_acf_changed":false,"footnotes":""},"categories":[1],"tags":[],"class_list":["post-25772","post","type-post","status-publish","format-standard","has-post-thumbnail","hentry","category-color-fest"],"acf":[],"yoast_head":"<!-- This site is optimized with the Yoast SEO Premium plugin v27.3 (Yoast SEO v27.4) - https:\/\/yoast.com\/product\/yoast-seo-premium-wordpress\/ -->\n<title>Color Fest 14, 13 agosto: Django Django, La Ni\u00f1a e la Day 3<\/title>\n<meta name=\"description\" content=\"Il 13 agosto 2026 il Color Fest 14 chiude sulla Riviera dei Tramonti con Django Django, La Ni\u00f1a, Dimartino, Deadletter, Mai Mai Mai e il dj set di OKgiorgio.\" \/>\n<meta name=\"robots\" content=\"index, follow, max-snippet:-1, max-image-preview:large, max-video-preview:-1\" \/>\n<link rel=\"canonical\" href=\"https:\/\/colorfest.it\/de\/farbfest-14-13-august-tag-3\/\" \/>\n<meta property=\"og:locale\" content=\"de_DE\" \/>\n<meta property=\"og:type\" content=\"article\" \/>\n<meta property=\"og:title\" content=\"Color Fest 14, 13 agosto: Django Django, La Ni\u00f1a e la Day 3\" \/>\n<meta property=\"og:description\" content=\"Color Fest - Festival di Musica, dal 2013 punto di riferimento per la musica dal vivo &gt;&gt; 11 - 12 - 13 Agosto 2026 Lungomare Falcone Borsellino.\" \/>\n<meta property=\"og:url\" content=\"https:\/\/colorfest.it\/de\/farbfest-14-13-august-tag-3\/\" \/>\n<meta property=\"og:site_name\" content=\"Color Fest - Festival di Musica | 11 - 12 - 13 Agosto 2026 | in Calabria\" \/>\n<meta property=\"article:publisher\" content=\"http:\/\/facebook.com\/colorfestlamezia\/\" \/>\n<meta property=\"article:published_time\" content=\"2026-04-24T18:08:04+00:00\" \/>\n<meta property=\"article:modified_time\" content=\"2026-04-24T18:09:55+00:00\" \/>\n<meta property=\"og:image\" content=\"https:\/\/colorfest.it\/wp-content\/uploads\/2026\/04\/tutto-quello-che-potrai-vedere-il-13-agosto-2026-Color-Fest-14.webp\" \/>\n\t<meta property=\"og:image:width\" content=\"1080\" \/>\n\t<meta property=\"og:image:height\" content=\"1350\" \/>\n\t<meta property=\"og:image:type\" content=\"image\/webp\" \/>\n<meta name=\"author\" content=\"Salvatore Bilotti\" \/>\n<meta name=\"twitter:card\" content=\"summary_large_image\" \/>\n<meta name=\"twitter:label1\" content=\"Verfasst von\" \/>\n\t<meta name=\"twitter:data1\" content=\"Salvatore Bilotti\" \/>\n\t<meta name=\"twitter:label2\" content=\"Gesch\u00e4tzte Lesezeit\" \/>\n\t<meta name=\"twitter:data2\" content=\"6\u00a0Minuten\" \/>\n<script type=\"application\/ld+json\" class=\"yoast-schema-graph\">{\"@context\":\"https:\\\/\\\/schema.org\",\"@graph\":[{\"@type\":\"Article\",\"@id\":\"https:\\\/\\\/colorfest.it\\\/color-fest-14-13-agosto-day-3\\\/#article\",\"isPartOf\":{\"@id\":\"https:\\\/\\\/colorfest.it\\\/color-fest-14-13-agosto-day-3\\\/\"},\"author\":{\"name\":\"Salvatore Bilotti\",\"@id\":\"https:\\\/\\\/colorfest.it\\\/#\\\/schema\\\/person\\\/174195bbe9c056259e2ca3e13087d54b\"},\"headline\":\"Color Fest 14, 13 agosto: Django Django, La Ni\u00f1a e la Day 3\",\"datePublished\":\"2026-04-24T18:08:04+00:00\",\"dateModified\":\"2026-04-24T18:09:55+00:00\",\"mainEntityOfPage\":{\"@id\":\"https:\\\/\\\/colorfest.it\\\/color-fest-14-13-agosto-day-3\\\/\"},\"wordCount\":698,\"publisher\":{\"@id\":\"https:\\\/\\\/colorfest.it\\\/#organization\"},\"image\":{\"@id\":\"https:\\\/\\\/colorfest.it\\\/color-fest-14-13-agosto-day-3\\\/#primaryimage\"},\"thumbnailUrl\":\"https:\\\/\\\/colorfest.it\\\/wp-content\\\/uploads\\\/2026\\\/04\\\/tutto-quello-che-potrai-vedere-il-13-agosto-2026-Color-Fest-14.webp\",\"articleSection\":[\"Color Fest\"],\"inLanguage\":\"de\"},{\"@type\":\"WebPage\",\"@id\":\"https:\\\/\\\/colorfest.it\\\/color-fest-14-13-agosto-day-3\\\/\",\"url\":\"https:\\\/\\\/colorfest.it\\\/color-fest-14-13-agosto-day-3\\\/\",\"name\":\"Color Fest 14, 13 agosto: Django Django, La Ni\u00f1a e la Day 3\",\"isPartOf\":{\"@id\":\"https:\\\/\\\/colorfest.it\\\/#website\"},\"primaryImageOfPage\":{\"@id\":\"https:\\\/\\\/colorfest.it\\\/color-fest-14-13-agosto-day-3\\\/#primaryimage\"},\"image\":{\"@id\":\"https:\\\/\\\/colorfest.it\\\/color-fest-14-13-agosto-day-3\\\/#primaryimage\"},\"thumbnailUrl\":\"https:\\\/\\\/colorfest.it\\\/wp-content\\\/uploads\\\/2026\\\/04\\\/tutto-quello-che-potrai-vedere-il-13-agosto-2026-Color-Fest-14.webp\",\"datePublished\":\"2026-04-24T18:08:04+00:00\",\"dateModified\":\"2026-04-24T18:09:55+00:00\",\"description\":\"Il 13 agosto 2026 il Color Fest 14 chiude sulla Riviera dei Tramonti con Django Django, La Ni\u00f1a, Dimartino, Deadletter, Mai Mai Mai e il dj set di OKgiorgio.\",\"breadcrumb\":{\"@id\":\"https:\\\/\\\/colorfest.it\\\/color-fest-14-13-agosto-day-3\\\/#breadcrumb\"},\"inLanguage\":\"de\",\"potentialAction\":[{\"@type\":\"ReadAction\",\"target\":[\"https:\\\/\\\/colorfest.it\\\/color-fest-14-13-agosto-day-3\\\/\"]}]},{\"@type\":\"ImageObject\",\"inLanguage\":\"de\",\"@id\":\"https:\\\/\\\/colorfest.it\\\/color-fest-14-13-agosto-day-3\\\/#primaryimage\",\"url\":\"https:\\\/\\\/colorfest.it\\\/wp-content\\\/uploads\\\/2026\\\/04\\\/tutto-quello-che-potrai-vedere-il-13-agosto-2026-Color-Fest-14.webp\",\"contentUrl\":\"https:\\\/\\\/colorfest.it\\\/wp-content\\\/uploads\\\/2026\\\/04\\\/tutto-quello-che-potrai-vedere-il-13-agosto-2026-Color-Fest-14.webp\",\"width\":1080,\"height\":1350,\"caption\":\"tutto quello che potrai vedere il 13 agosto 2026 Color Fest 14\"},{\"@type\":\"BreadcrumbList\",\"@id\":\"https:\\\/\\\/colorfest.it\\\/color-fest-14-13-agosto-day-3\\\/#breadcrumb\",\"itemListElement\":[{\"@type\":\"ListItem\",\"position\":1,\"name\":\"Home\",\"item\":\"https:\\\/\\\/colorfest.it\\\/\"},{\"@type\":\"ListItem\",\"position\":2,\"name\":\"Color Fest 14, 13 agosto: Django Django, La Ni\u00f1a e la Day 3\"}]},{\"@type\":\"WebSite\",\"@id\":\"https:\\\/\\\/colorfest.it\\\/#website\",\"url\":\"https:\\\/\\\/colorfest.it\\\/\",\"name\":\"Color Fest - Festival di Musica | 11 - 12 - 13 Agosto 2026 | in Calabria\",\"description\":\"Color Fest - Festival di Musica, dal 2013 punto di riferimento per la musica dal vivo &gt;&gt; 11 - 12 - 13 Agosto 2026 Lungomare Falcone Borsellino.\",\"publisher\":{\"@id\":\"https:\\\/\\\/colorfest.it\\\/#organization\"},\"alternateName\":\"Color Fest - Festival di Musica | 11 - 12 - 13 Agosto 2026 @Lungomare Falcone Borsellino\",\"potentialAction\":[{\"@type\":\"SearchAction\",\"target\":{\"@type\":\"EntryPoint\",\"urlTemplate\":\"https:\\\/\\\/colorfest.it\\\/?s={search_term_string}\"},\"query-input\":{\"@type\":\"PropertyValueSpecification\",\"valueRequired\":true,\"valueName\":\"search_term_string\"}}],\"inLanguage\":\"de\"},{\"@type\":\"Organization\",\"@id\":\"https:\\\/\\\/colorfest.it\\\/#organization\",\"name\":\"Che cosa sono le nuvole APS\",\"alternateName\":\"Color Fest\",\"url\":\"https:\\\/\\\/colorfest.it\\\/\",\"logo\":{\"@type\":\"ImageObject\",\"inLanguage\":\"de\",\"@id\":\"https:\\\/\\\/colorfest.it\\\/#\\\/schema\\\/logo\\\/image\\\/\",\"url\":\"https:\\\/\\\/colorfest.it\\\/wp-content\\\/uploads\\\/2022\\\/03\\\/checosasonolenuvole.png\",\"contentUrl\":\"https:\\\/\\\/colorfest.it\\\/wp-content\\\/uploads\\\/2022\\\/03\\\/checosasonolenuvole.png\",\"width\":952,\"height\":844,\"caption\":\"Che cosa sono le nuvole APS\"},\"image\":{\"@id\":\"https:\\\/\\\/colorfest.it\\\/#\\\/schema\\\/logo\\\/image\\\/\"},\"sameAs\":[\"http:\\\/\\\/facebook.com\\\/colorfestlamezia\\\/\",\"http:\\\/\\\/instagram.com\\\/color_fest_\\\/\",\"https:\\\/\\\/www.linkedin.com\\\/company\\\/color-fest\\\/\"],\"description\":\"Color Fest - Festival di Musica, dal 2013 punto di riferimento per la musica dal vivo >> 11 - 12 - 13 Agosto 2026 Lungomare Falcone Borsellino.\",\"email\":\"scrivi@colorfest.it\",\"legalName\":\"Che cosa sono le nuvole APS\",\"foundingDate\":\"2012-10-12\",\"vatID\":\"03309120792\",\"taxID\":\"92029190797\",\"numberOfEmployees\":{\"@type\":\"QuantitativeValue\",\"minValue\":\"11\",\"maxValue\":\"50\"}},{\"@type\":\"Person\",\"@id\":\"https:\\\/\\\/colorfest.it\\\/#\\\/schema\\\/person\\\/174195bbe9c056259e2ca3e13087d54b\",\"name\":\"Salvatore Bilotti\",\"image\":{\"@type\":\"ImageObject\",\"inLanguage\":\"de\",\"@id\":\"https:\\\/\\\/secure.gravatar.com\\\/avatar\\\/ffea54082f2805c177a23aec9bc4121df09c213e6ca8fda40be720241c65e38e?s=96&d=mm&r=g\",\"url\":\"https:\\\/\\\/secure.gravatar.com\\\/avatar\\\/ffea54082f2805c177a23aec9bc4121df09c213e6ca8fda40be720241c65e38e?s=96&d=mm&r=g\",\"contentUrl\":\"https:\\\/\\\/secure.gravatar.com\\\/avatar\\\/ffea54082f2805c177a23aec9bc4121df09c213e6ca8fda40be720241c65e38e?s=96&d=mm&r=g\",\"caption\":\"Salvatore Bilotti\"}}]}<\/script>\n<!-- \/ Yoast SEO Premium plugin. -->","yoast_head_json":{"title":"Color Fest 14, 13. August: Django Django, La Ni\u00f1a und Tag 3","description":"Am 13. August 2026 endet das Color Fest 14 an der Riviera dei Tramonti mit Django Django, La Ni\u00f1a, Dimartino, Deadletter, Mai Mai und dem DJ-Set von OKgiorgio.","robots":{"index":"index","follow":"follow","max-snippet":"max-snippet:-1","max-image-preview":"max-image-preview:large","max-video-preview":"max-video-preview:-1"},"canonical":"https:\/\/colorfest.it\/de\/farbfest-14-13-august-tag-3\/","og_locale":"de_DE","og_type":"article","og_title":"Color Fest 14, 13 agosto: Django Django, La Ni\u00f1a e la Day 3","og_description":"Color Fest - Festival di Musica, dal 2013 punto di riferimento per la musica dal vivo >> 11 - 12 - 13 Agosto 2026 Lungomare Falcone Borsellino.","og_url":"https:\/\/colorfest.it\/de\/farbfest-14-13-august-tag-3\/","og_site_name":"Color Fest - Festival di Musica | 11 - 12 - 13 Agosto 2026 | in Calabria","article_publisher":"http:\/\/facebook.com\/colorfestlamezia\/","article_published_time":"2026-04-24T18:08:04+00:00","article_modified_time":"2026-04-24T18:09:55+00:00","og_image":[{"width":1080,"height":1350,"url":"https:\/\/colorfest.it\/wp-content\/uploads\/2026\/04\/tutto-quello-che-potrai-vedere-il-13-agosto-2026-Color-Fest-14.webp","type":"image\/webp"}],"author":"Salvatore Bilotti","twitter_card":"summary_large_image","twitter_misc":{"Verfasst von":"Salvatore Bilotti","Gesch\u00e4tzte Lesezeit":"6\u00a0Minuten"},"schema":{"@context":"https:\/\/schema.org","@graph":[{"@type":"Article","@id":"https:\/\/colorfest.it\/color-fest-14-13-agosto-day-3\/#article","isPartOf":{"@id":"https:\/\/colorfest.it\/color-fest-14-13-agosto-day-3\/"},"author":{"name":"Salvatore Bilotti","@id":"https:\/\/colorfest.it\/#\/schema\/person\/174195bbe9c056259e2ca3e13087d54b"},"headline":"Color Fest 14, 13 agosto: Django Django, La Ni\u00f1a e la Day 3","datePublished":"2026-04-24T18:08:04+00:00","dateModified":"2026-04-24T18:09:55+00:00","mainEntityOfPage":{"@id":"https:\/\/colorfest.it\/color-fest-14-13-agosto-day-3\/"},"wordCount":698,"publisher":{"@id":"https:\/\/colorfest.it\/#organization"},"image":{"@id":"https:\/\/colorfest.it\/color-fest-14-13-agosto-day-3\/#primaryimage"},"thumbnailUrl":"https:\/\/colorfest.it\/wp-content\/uploads\/2026\/04\/tutto-quello-che-potrai-vedere-il-13-agosto-2026-Color-Fest-14.webp","articleSection":["Color Fest"],"inLanguage":"de"},{"@type":"WebPage","@id":"https:\/\/colorfest.it\/color-fest-14-13-agosto-day-3\/","url":"https:\/\/colorfest.it\/color-fest-14-13-agosto-day-3\/","name":"Color Fest 14, 13. August: Django Django, La Ni\u00f1a und Tag 3","isPartOf":{"@id":"https:\/\/colorfest.it\/#website"},"primaryImageOfPage":{"@id":"https:\/\/colorfest.it\/color-fest-14-13-agosto-day-3\/#primaryimage"},"image":{"@id":"https:\/\/colorfest.it\/color-fest-14-13-agosto-day-3\/#primaryimage"},"thumbnailUrl":"https:\/\/colorfest.it\/wp-content\/uploads\/2026\/04\/tutto-quello-che-potrai-vedere-il-13-agosto-2026-Color-Fest-14.webp","datePublished":"2026-04-24T18:08:04+00:00","dateModified":"2026-04-24T18:09:55+00:00","description":"Am 13. August 2026 endet das Color Fest 14 an der Riviera dei Tramonti mit Django Django, La Ni\u00f1a, Dimartino, Deadletter, Mai Mai und dem DJ-Set von OKgiorgio.","breadcrumb":{"@id":"https:\/\/colorfest.it\/color-fest-14-13-agosto-day-3\/#breadcrumb"},"inLanguage":"de","potentialAction":[{"@type":"ReadAction","target":["https:\/\/colorfest.it\/color-fest-14-13-agosto-day-3\/"]}]},{"@type":"ImageObject","inLanguage":"de","@id":"https:\/\/colorfest.it\/color-fest-14-13-agosto-day-3\/#primaryimage","url":"https:\/\/colorfest.it\/wp-content\/uploads\/2026\/04\/tutto-quello-che-potrai-vedere-il-13-agosto-2026-Color-Fest-14.webp","contentUrl":"https:\/\/colorfest.it\/wp-content\/uploads\/2026\/04\/tutto-quello-che-potrai-vedere-il-13-agosto-2026-Color-Fest-14.webp","width":1080,"height":1350,"caption":"tutto quello che potrai vedere il 13 agosto 2026 Color Fest 14"},{"@type":"BreadcrumbList","@id":"https:\/\/colorfest.it\/color-fest-14-13-agosto-day-3\/#breadcrumb","itemListElement":[{"@type":"ListItem","position":1,"name":"Home","item":"https:\/\/colorfest.it\/"},{"@type":"ListItem","position":2,"name":"Color Fest 14, 13 agosto: Django Django, La Ni\u00f1a e la Day 3"}]},{"@type":"WebSite","@id":"https:\/\/colorfest.it\/#website","url":"https:\/\/colorfest.it\/","name":"Color Fest - Musikfestival | 11 - 12 - 13 August 2026 | in Kalabrien","description":"Color Fest - Musikfestival, seit 2013 ein Bezugspunkt f\u00fcr Live-Musik &gt;&gt; 11 - 12 - 13 August 2026 Lungomare Falcone Borsellino","publisher":{"@id":"https:\/\/colorfest.it\/#organization"},"alternateName":"Color Fest - Festival di Musica | 11 - 12 - 13 Agosto 2026 @Lungomare Falcone Borsellino","potentialAction":[{"@type":"SearchAction","target":{"@type":"EntryPoint","urlTemplate":"https:\/\/colorfest.it\/?s={search_term_string}"},"query-input":{"@type":"PropertyValueSpecification","valueRequired":true,"valueName":"search_term_string"}}],"inLanguage":"de"},{"@type":"Organization","@id":"https:\/\/colorfest.it\/#organization","name":"Was sind APS-Wolken?","alternateName":"Color Fest","url":"https:\/\/colorfest.it\/","logo":{"@type":"ImageObject","inLanguage":"de","@id":"https:\/\/colorfest.it\/#\/schema\/logo\/image\/","url":"https:\/\/colorfest.it\/wp-content\/uploads\/2022\/03\/checosasonolenuvole.png","contentUrl":"https:\/\/colorfest.it\/wp-content\/uploads\/2022\/03\/checosasonolenuvole.png","width":952,"height":844,"caption":"Che cosa sono le nuvole APS"},"image":{"@id":"https:\/\/colorfest.it\/#\/schema\/logo\/image\/"},"sameAs":["http:\/\/facebook.com\/colorfestlamezia\/","http:\/\/instagram.com\/color_fest_\/","https:\/\/www.linkedin.com\/company\/color-fest\/"],"description":"Color Fest - Musikfestival, seit 2013 ein Bezugspunkt f\u00fcr Live-Musik &gt;&gt; 11 - 12 - 13 August 2026 Lungomare Falcone Borsellino","email":"scrivi@colorfest.it","legalName":"Che cosa sono le nuvole APS","foundingDate":"2012-10-12","vatID":"03309120792","taxID":"92029190797","numberOfEmployees":{"@type":"QuantitativeValue","minValue":"11","maxValue":"50"}},{"@type":"Person","@id":"https:\/\/colorfest.it\/#\/schema\/person\/174195bbe9c056259e2ca3e13087d54b","name":"Salvatore Bilotti","image":{"@type":"ImageObject","inLanguage":"de","@id":"https:\/\/secure.gravatar.com\/avatar\/ffea54082f2805c177a23aec9bc4121df09c213e6ca8fda40be720241c65e38e?s=96&d=mm&r=g","url":"https:\/\/secure.gravatar.com\/avatar\/ffea54082f2805c177a23aec9bc4121df09c213e6ca8fda40be720241c65e38e?s=96&d=mm&r=g","contentUrl":"https:\/\/secure.gravatar.com\/avatar\/ffea54082f2805c177a23aec9bc4121df09c213e6ca8fda40be720241c65e38e?s=96&d=mm&r=g","caption":"Salvatore Bilotti"}}]}},"_links":{"self":[{"href":"https:\/\/colorfest.it\/de\/wp-json\/wp\/v2\/posts\/25772","targetHints":{"allow":["GET"]}}],"collection":[{"href":"https:\/\/colorfest.it\/de\/wp-json\/wp\/v2\/posts"}],"about":[{"href":"https:\/\/colorfest.it\/de\/wp-json\/wp\/v2\/types\/post"}],"author":[{"embeddable":true,"href":"https:\/\/colorfest.it\/de\/wp-json\/wp\/v2\/users\/7"}],"replies":[{"embeddable":true,"href":"https:\/\/colorfest.it\/de\/wp-json\/wp\/v2\/comments?post=25772"}],"version-history":[{"count":0,"href":"https:\/\/colorfest.it\/de\/wp-json\/wp\/v2\/posts\/25772\/revisions"}],"wp:featuredmedia":[{"embeddable":true,"href":"https:\/\/colorfest.it\/de\/wp-json\/wp\/v2\/media\/25773"}],"wp:attachment":[{"href":"https:\/\/colorfest.it\/de\/wp-json\/wp\/v2\/media?parent=25772"}],"wp:term":[{"taxonomy":"category","embeddable":true,"href":"https:\/\/colorfest.it\/de\/wp-json\/wp\/v2\/categories?post=25772"},{"taxonomy":"post_tag","embeddable":true,"href":"https:\/\/colorfest.it\/de\/wp-json\/wp\/v2\/tags?post=25772"}],"curies":[{"name":"wp","href":"https:\/\/api.w.org\/{rel}","templated":true}]}}