{"id":25458,"date":"2026-04-07T16:32:34","date_gmt":"2026-04-07T14:32:34","guid":{"rendered":"https:\/\/colorfest.it\/?p=25458"},"modified":"2026-04-07T17:40:18","modified_gmt":"2026-04-07T15:40:18","slug":"internationales-kunstlerfarbenfest-2026","status":"publish","type":"post","link":"https:\/\/colorfest.it\/de\/artisti-internazionali-color-fest-2026\/","title":{"rendered":"Alle internationalen K\u00fcnstler, die das Festival unverzichtbar machen"},"content":{"rendered":"<p>Die <strong>Farbfest 14<\/strong> ist nicht nur das wichtigste unabh\u00e4ngige Festival in S\u00fcditalien, sondern auch ein weit ge\u00f6ffnetes Fenster zur Welt. Die Ausgabe 2026, die geplant ist <strong>11., 12. und 13. August<\/strong> auf <strong>Riviera dei Tramonti in Lamezia Terme<\/strong>, bringt mit K\u00fcnstlern aus Deutschland, Frankreich, England, Holland und Polen eine internationale Besetzung von h\u00f6chstem Rang nach Kalabrien. Namen, die Clubs und Festivals in ganz Europa f\u00fcllen und die in vielen F\u00e4llen zum ersten - und einzigen - Mal in S\u00fcditalien auftreten.<\/p>\n\n\n\n<p>Hier sind die internationalen K\u00fcnstler, die das Color Fest 14 unverzichtbar machen.<\/p>\n\n\n\n<p><\/p>\n\n\n\n<h2 class=\"wp-block-heading\" id=\"h-apparat-live-11-agosto\">Apparat live - 11. August<\/h2>\n\n\n\n<figure class=\"wp-block-image alignright size-large is-resized\"><img fetchpriority=\"high\" decoding=\"async\" width=\"819\" height=\"1024\" src=\"https:\/\/colorfest.it\/wp-content\/uploads\/2026\/04\/apparat-artisti-internazionali-Color-Fest-14-819x1024.webp\" alt=\"\" class=\"wp-image-25465\" style=\"aspect-ratio:0.7998125439350152;width:386px;height:auto\" srcset=\"https:\/\/colorfest.it\/wp-content\/uploads\/2026\/04\/apparat-artisti-internazionali-Color-Fest-14-819x1024.webp 819w, https:\/\/colorfest.it\/wp-content\/uploads\/2026\/04\/apparat-artisti-internazionali-Color-Fest-14-240x300.webp 240w, https:\/\/colorfest.it\/wp-content\/uploads\/2026\/04\/apparat-artisti-internazionali-Color-Fest-14-768x960.webp 768w, https:\/\/colorfest.it\/wp-content\/uploads\/2026\/04\/apparat-artisti-internazionali-Color-Fest-14-10x12.webp 10w, https:\/\/colorfest.it\/wp-content\/uploads\/2026\/04\/apparat-artisti-internazionali-Color-Fest-14.webp 1080w\" sizes=\"(max-width: 819px) 100vw, 819px\" \/><\/figure>\n\n\n\n<p><strong>Apparat<\/strong>, geboren <strong>Sascha Ring<\/strong>, ist einer der am meisten verehrten Namen der zeitgen\u00f6ssischen Elektronik. Der Wahlberliner, der 1978 in Quedlinburg geboren wurde, hat in seiner mehr als 20-j\u00e4hrigen Karriere ein Klanguniversum aufgebaut, das von minimalem Techno bis zu orchestralem Ambient reicht und Kompositionen umfasst, die Millionen von Menschen auf der ganzen Welt bewegt haben - seine Musik ist auch als <strong>Soundtrack der Netflix-Serie \u201cDark\u201d<\/strong>. Die H\u00e4lfte des Projekts <strong>Moderat<\/strong> zusammen mit Modeselektor, ist Apparat 2026 mit dem neuen Album <strong>\u201cA Hum Of Maybe\u201d<\/strong>, das mit dem langj\u00e4hrigen Mitarbeiter Philipp Johann Thimm aufgenommen und auf Mute Records ver\u00f6ffentlicht wurde: ein Album, das modulare Texturen, komplizierte Elektronik und eine magnetische stimmliche Pr\u00e4senz miteinander verbindet.<\/p>\n\n\n\n<p>Sein Live-Auftritt beim Color Fest wird die <strong>Apparat ist zum ersten Mal in Kalabrien<\/strong>eine immersive Erfahrung, eine klangliche Reise durch die Titel des neuen Albums und die Klassiker seiner Produktion. Ein seltenes und wertvolles Ereignis f\u00fcr S\u00fcditalien.<\/p>\n\n\n\n<p><\/p>\n\n\n\n<p><\/p>\n\n\n\n<p><\/p>\n\n\n\n<h2 class=\"wp-block-heading\" id=\"h-james-holden-amp-waclaw-zimpel-11-agosto\">James Holden &amp; Wac\u0142aw Zimpel - 11. August<\/h2>\n\n\n\n<figure class=\"wp-block-image alignleft size-large is-resized\"><img decoding=\"async\" width=\"819\" height=\"1024\" src=\"https:\/\/colorfest.it\/wp-content\/uploads\/2026\/04\/James-holden-artisti-internazionali-Color-Fest-14-819x1024.webp\" alt=\"\" class=\"wp-image-25461\" style=\"aspect-ratio:0.7998125439350152;width:394px;height:auto\" srcset=\"https:\/\/colorfest.it\/wp-content\/uploads\/2026\/04\/James-holden-artisti-internazionali-Color-Fest-14-819x1024.webp 819w, https:\/\/colorfest.it\/wp-content\/uploads\/2026\/04\/James-holden-artisti-internazionali-Color-Fest-14-240x300.webp 240w, https:\/\/colorfest.it\/wp-content\/uploads\/2026\/04\/James-holden-artisti-internazionali-Color-Fest-14-768x960.webp 768w, https:\/\/colorfest.it\/wp-content\/uploads\/2026\/04\/James-holden-artisti-internazionali-Color-Fest-14-10x12.webp 10w, https:\/\/colorfest.it\/wp-content\/uploads\/2026\/04\/James-holden-artisti-internazionali-Color-Fest-14.webp 1080w\" sizes=\"(max-width: 819px) 100vw, 819px\" \/><\/figure>\n\n\n\n<p>Als der britische Elektronikhersteller <strong>James Holden<\/strong> trifft den polnischen Klarinettisten und Komponisten <strong>Wac\u0142aw Zimpel<\/strong>, wurde etwas geboren, das \u00fcber die Genres hinausgeht. Holden, der seit Anfang der 2000er Jahre mit seinem Label Border Community Kultstatus in der Londoner Elektronikszene genie\u00dft, ist bekannt f\u00fcr einen Musikansatz, der Improvisation, modulare Synthesizer und hypnotische Strukturen miteinander verbindet. Zimpel bringt die Tiefe der osteurop\u00e4ischen Musiktradition und die Beherrschung von Blasinstrumenten mit, die sich zwischen Jazz, Minimalismus und zeitgen\u00f6ssischer Musik bewegen.<\/p>\n\n\n\n<p>Gemeinsam schaffen die beiden <strong>Live-Sets, die sich jeder Definition entziehen<\/strong>akustische Trance, sich st\u00e4ndig ver\u00e4ndernde Klanglandschaften, Momente purer musikalischer Ekstase. Das Bild, das dem Festival beigef\u00fcgt ist, sagt alles: <em>\u201cWas es bedeutet, diese Live-Show zu h\u00f6ren, k\u00f6nnen Sie noch nicht wissen. Wenn ihr sie seht, werdet ihr erstaunt sein. Es macht s\u00fcchtig.\u201d<\/em> Eine Live-Performance, die auf dem Color Fest zu einem\u2019<strong>einzigartige Erfahrung<\/strong> f\u00fcr die kalabrische \u00d6ffentlichkeit.<\/p>\n\n\n\n<p><\/p>\n\n\n\n<p><\/p>\n\n\n\n<h2 class=\"wp-block-heading\" id=\"h-sebastien-tellier-12-agosto\">S\u00e9bastien Tellier - 12. August<\/h2>\n\n\n\n<figure class=\"wp-block-image alignright size-large is-resized\"><img decoding=\"async\" width=\"819\" height=\"1024\" src=\"https:\/\/colorfest.it\/wp-content\/uploads\/2026\/04\/sebastien-tellier-artisti-internazionali-Color-Fest-14-819x1024.webp\" alt=\"\" class=\"wp-image-25463\" style=\"aspect-ratio:0.7998125439350152;width:401px;height:auto\" srcset=\"https:\/\/colorfest.it\/wp-content\/uploads\/2026\/04\/sebastien-tellier-artisti-internazionali-Color-Fest-14-819x1024.webp 819w, https:\/\/colorfest.it\/wp-content\/uploads\/2026\/04\/sebastien-tellier-artisti-internazionali-Color-Fest-14-240x300.webp 240w, https:\/\/colorfest.it\/wp-content\/uploads\/2026\/04\/sebastien-tellier-artisti-internazionali-Color-Fest-14-768x960.webp 768w, https:\/\/colorfest.it\/wp-content\/uploads\/2026\/04\/sebastien-tellier-artisti-internazionali-Color-Fest-14-10x12.webp 10w, https:\/\/colorfest.it\/wp-content\/uploads\/2026\/04\/sebastien-tellier-artisti-internazionali-Color-Fest-14.webp 1080w\" sizes=\"(max-width: 819px) 100vw, 819px\" \/><\/figure>\n\n\n\n<p><strong>S\u00e9bastien Tellier<\/strong> ist eine lebende Legende der franz\u00f6sischen Musik. Der 1975 geborene Pariser hat in seiner mehr als zwei Jahrzehnte umspannenden Karriere eine einzigartige Klangwelt geschaffen: vertr\u00e4umter, anspruchsvoller Pop mit franz\u00f6sischem Touch, Psychedelik und Filmromantik. Diejenigen, die ihn kennen, wissen, dass seine Alben - von <strong>\u201cPolitik\u201d<\/strong> a <strong>\u201cSexualit\u00e4t\u201d.\u201d<\/strong>, bis zu <strong>\u201cDomestiziert\u201d<\/strong> - sind komplette Sinnesreisen. Diejenigen, die ihn noch nicht kennen, sind dabei, einen der kultigsten und vision\u00e4rsten K\u00fcnstler der europ\u00e4ischen Musikszene zu entdecken.<\/p>\n\n\n\n<p>Tellier kommt zum Color Fest mit <strong>nur zwei italienische Termine<\/strong> im Jahr 2026. Nach jahrelangen Bem\u00fchungen der Festivalorganisation wird der franz\u00f6sische Maestro endlich auf der B\u00fchne der Riviera dei Tramonti stehen. Ein Meilenstein f\u00fcr das Color Fest und eine einmalige Gelegenheit f\u00fcr das Publikum in S\u00fcditalien.<\/p>\n\n\n\n<p><\/p>\n\n\n\n<p><\/p>\n\n\n\n<p><\/p>\n\n\n\n<p><\/p>\n\n\n\n<h2 class=\"wp-block-heading\" id=\"h-yin-yin-12-agosto\">Y\u012bn Y\u012bn - 12. August<\/h2>\n\n\n\n<figure class=\"wp-block-image alignleft size-large is-resized\"><img loading=\"lazy\" decoding=\"async\" width=\"819\" height=\"1024\" src=\"https:\/\/colorfest.it\/wp-content\/uploads\/2026\/04\/Yin-yin-artisti-internazionali-Color-Fest-14-819x1024.webp\" alt=\"\" class=\"wp-image-25460\" style=\"aspect-ratio:0.7998125439350152;width:392px;height:auto\" srcset=\"https:\/\/colorfest.it\/wp-content\/uploads\/2026\/04\/Yin-yin-artisti-internazionali-Color-Fest-14-819x1024.webp 819w, https:\/\/colorfest.it\/wp-content\/uploads\/2026\/04\/Yin-yin-artisti-internazionali-Color-Fest-14-240x300.webp 240w, https:\/\/colorfest.it\/wp-content\/uploads\/2026\/04\/Yin-yin-artisti-internazionali-Color-Fest-14-768x960.webp 768w, https:\/\/colorfest.it\/wp-content\/uploads\/2026\/04\/Yin-yin-artisti-internazionali-Color-Fest-14-10x12.webp 10w, https:\/\/colorfest.it\/wp-content\/uploads\/2026\/04\/Yin-yin-artisti-internazionali-Color-Fest-14.webp 1080w\" sizes=\"(max-width: 819px) 100vw, 819px\" \/><\/figure>\n\n\n\n<p>Von <strong>Maastricht<\/strong>, aus dem S\u00fcden der Niederlande kommt eine der aufregendsten und mitrei\u00dfendsten Bands der europ\u00e4ischen Szene: die <strong>Y\u012bn Y\u012bn<\/strong>. Das niederl\u00e4ndische Quartett verschmilzt unwiderstehlich <strong>Funk, Disco, Psychedelia und s\u00fcdostasiatische Kl\u00e4nge<\/strong>, und kreieren einen Klangcocktail, der jedes Publikum in Bewegung bringt. Entstanden aus einer Jamsession in einer Tanzschule im Jahr 2017, haben sie schnell die B\u00fchnen von Festivals wie Lowlands, Fuji Rock, Roskilde und Trans Musicales erobert.<\/p>\n\n\n\n<p>Im Januar 2026 ver\u00f6ffentlichten sie ihr viertes Album, <strong>\u201cYatta!\u201d<\/strong>, ihr bisher reifstes und \u00fcberw\u00e4ltigendes Werk: eine Platte, die auf italienische Disco, Surf und kosmischen Funk zur\u00fcckgreift, live aufgenommen, um die Energie der Band live einzufangen. Auf der B\u00fchne verwandeln Y\u012bn Y\u012bn jedes Konzert in eine kollektive Party. <strong>Rhythmus, Qualit\u00e4t und ansteckende Kl\u00e4nge, alles am Meer<\/strong>Was kann man sich mehr von seinem Sommer w\u00fcnschen?<\/p>\n\n\n\n<p><\/p>\n\n\n\n<p><\/p>\n\n\n\n<h2 class=\"wp-block-heading\" id=\"h-django-django-13-agosto\">Django Django - 13. August<\/h2>\n\n\n\n<figure class=\"wp-block-image alignright size-large is-resized\"><img loading=\"lazy\" decoding=\"async\" width=\"819\" height=\"1024\" src=\"https:\/\/colorfest.it\/wp-content\/uploads\/2026\/04\/django-django-artisti-internazionali-Color-Fest-14-819x1024.webp\" alt=\"\" class=\"wp-image-25464\" style=\"aspect-ratio:0.7998125439350152;width:394px;height:auto\" srcset=\"https:\/\/colorfest.it\/wp-content\/uploads\/2026\/04\/django-django-artisti-internazionali-Color-Fest-14-819x1024.webp 819w, https:\/\/colorfest.it\/wp-content\/uploads\/2026\/04\/django-django-artisti-internazionali-Color-Fest-14-240x300.webp 240w, https:\/\/colorfest.it\/wp-content\/uploads\/2026\/04\/django-django-artisti-internazionali-Color-Fest-14-768x960.webp 768w, https:\/\/colorfest.it\/wp-content\/uploads\/2026\/04\/django-django-artisti-internazionali-Color-Fest-14-10x12.webp 10w, https:\/\/colorfest.it\/wp-content\/uploads\/2026\/04\/django-django-artisti-internazionali-Color-Fest-14.webp 1080w\" sizes=\"(max-width: 819px) 100vw, 819px\" \/><\/figure>\n\n\n\n<p>I <strong>Django Django<\/strong> sind ein St\u00fcck zeitgen\u00f6ssische britische Musikgeschichte. Gegr\u00fcndet in London, aber mit schottischen Wurzeln, haben sie seit ihrem gleichnamigen Deb\u00fctalbum im Jahr 2012 - nominiert f\u00fcr den Mercury Prize - einen k\u00fcnstlerischen Weg durch <strong>Art-Rock, Synth-Pop, Psychedelia und Stammesrhythmen<\/strong>, immer mit einer vision\u00e4ren Einstellung und einer einzigartigen F\u00e4higkeit, das Publikum zum Tanzen zu bringen. Vier Studioalben haben sie als eine der kreativsten und unberechenbarsten Bands in der internationalen Indie-Szene best\u00e4tigt, von <strong>\u201cUnter Saturn geboren\u201d<\/strong> a <strong>\u201cIm Dunkeln leuchten\u201d<\/strong> bis <strong>\u201cOff Planet\u201d<\/strong>.<\/p>\n\n\n\n<p>Ihre Live-Show ist ein mitrei\u00dfendes Erlebnis, ein Fluss aus Energie und Melodien, der einen nicht stillstehen l\u00e4sst. Beim Color Fest 14 spielen sie das <strong>13. August<\/strong>, das Festival mit einem der mit Spannung erwarteten Konzerte abschlie\u00dfen: <em>Sie m\u00fcssen sich nur entscheiden, ob Sie barfu\u00df oder in bequemen Schuhen gehen wollen.<\/em>.<\/p>\n\n\n\n<p><\/p>\n\n\n\n<p><\/p>\n\n\n\n<p><\/p>\n\n\n\n<p><\/p>\n\n\n\n<p><\/p>\n\n\n\n<h2 class=\"wp-block-heading\" id=\"h-deadletter-13-agosto\">Deadletter - 13. August<\/h2>\n\n\n\n<figure class=\"wp-block-image alignleft size-large is-resized\"><img loading=\"lazy\" decoding=\"async\" width=\"819\" height=\"1024\" src=\"https:\/\/colorfest.it\/wp-content\/uploads\/2026\/04\/deadletter-artisti-internazionali-Color-Fest-14-819x1024.webp\" alt=\"\" class=\"wp-image-25459\" style=\"aspect-ratio:0.7998125439350152;width:398px;height:auto\" srcset=\"https:\/\/colorfest.it\/wp-content\/uploads\/2026\/04\/deadletter-artisti-internazionali-Color-Fest-14-819x1024.webp 819w, https:\/\/colorfest.it\/wp-content\/uploads\/2026\/04\/deadletter-artisti-internazionali-Color-Fest-14-240x300.webp 240w, https:\/\/colorfest.it\/wp-content\/uploads\/2026\/04\/deadletter-artisti-internazionali-Color-Fest-14-768x960.webp 768w, https:\/\/colorfest.it\/wp-content\/uploads\/2026\/04\/deadletter-artisti-internazionali-Color-Fest-14-10x12.webp 10w, https:\/\/colorfest.it\/wp-content\/uploads\/2026\/04\/deadletter-artisti-internazionali-Color-Fest-14.webp 1080w\" sizes=\"(max-width: 819px) 100vw, 819px\" \/><\/figure>\n\n\n\n<p><\/p>\n\n\n\n<p>I <strong>Deadletter<\/strong> sind die britische Band der Stunde. Die in Yorkshire geborene und nach London verpflanzte Band mit dem charismatischen Frontmann <strong>Zac Lawrence<\/strong>, haben die europ\u00e4ische Post-Punk-Szene mit zerst\u00f6rerischer Live-Energie, kantigen Texten und der unverwechselbaren Saxophon-Pr\u00e4senz erobert, die sie von allen anderen Bands ihrer Generation unterscheidet. Nach ihrem hochgelobten Deb\u00fct <strong>\u201cHysterische Kraft\u201d<\/strong> (2024), ver\u00f6ffentlichten sie im Februar 2026 ihr zweites Album <strong>\u201cDasein ist Gl\u00fcckseligkeit\u201d<\/strong> auf So Recordings: zw\u00f6lf Tracks, die ihren Sound in Richtung New-Wave-Atmosph\u00e4re und elektronischer Experimente erweitern, ohne auch nur einen Hauch von Wildheit zu verlieren.<\/p>\n\n\n\n<p>Mit <strong>\u00fcber 200.000 monatliche H\u00f6rer auf Spotify<\/strong> und eine Reihe von <strong>in italienischen Clubs ausverkauft<\/strong>, Deadletter sind live eine Macht, mit der man rechnen muss. Das Color Fest bringt sie endlich in den S\u00fcden: <strong>wir werden stehen und singen<\/strong>.<\/p>\n\n\n\n<p><\/p>\n\n\n\n<p><\/p>\n\n\n\n<p><\/p>\n\n\n\n<h2 class=\"wp-block-heading\" id=\"h-un-festival-che-parla-il-linguaggio-del-mondo\">Ein Festival, das die Sprache der Welt spricht<\/h2>\n\n\n\n<figure class=\"wp-block-image aligncenter size-large is-resized\"><img loading=\"lazy\" decoding=\"async\" width=\"819\" height=\"1024\" src=\"https:\/\/colorfest.it\/wp-content\/uploads\/2026\/04\/lineup-Color-Fest-14-con-sfondo-819x1024.webp\" alt=\"\" class=\"wp-image-25467\" style=\"aspect-ratio:0.7998125439350152;width:533px;height:auto\" srcset=\"https:\/\/colorfest.it\/wp-content\/uploads\/2026\/04\/lineup-Color-Fest-14-con-sfondo-819x1024.webp 819w, https:\/\/colorfest.it\/wp-content\/uploads\/2026\/04\/lineup-Color-Fest-14-con-sfondo-240x300.webp 240w, https:\/\/colorfest.it\/wp-content\/uploads\/2026\/04\/lineup-Color-Fest-14-con-sfondo-768x960.webp 768w, https:\/\/colorfest.it\/wp-content\/uploads\/2026\/04\/lineup-Color-Fest-14-con-sfondo-10x12.webp 10w, https:\/\/colorfest.it\/wp-content\/uploads\/2026\/04\/lineup-Color-Fest-14-con-sfondo.webp 1080w\" sizes=\"(max-width: 819px) 100vw, 819px\" \/><\/figure>\n\n\n\n<p>Sechs internationale K\u00fcnstler aus <strong>f\u00fcnf verschiedene L\u00e4nder<\/strong> - Deutschland, das Vereinigte K\u00f6nigreich, Frankreich, die Niederlande und Polen - sie bringen das Beste aus der europ\u00e4ischen Musikszene nach Kalabrien. Dazu kommt eine ebenso au\u00dfergew\u00f6hnliche italienische Besetzung, zu der geh\u00f6ren <strong>Cosmo<\/strong> mit ihrem Konzert am Vormittag, <strong>Der Zen-Zirkus<\/strong>, <strong>La Ni\u00f1a<\/strong>, <strong>Dimartino<\/strong>, <strong>Komm schon Tigre<\/strong>, <strong>Alle Ph\u00e4nomene<\/strong> und viele andere.<\/p>\n\n\n\n<p>Die <strong>Farbe Fest<\/strong>, erreichte seine <strong>vierzehnte Auflage<\/strong>, best\u00e4tigt einmal mehr seine Berufung: eine Br\u00fccke zwischen Kalabrien und dem Rest der Welt zu sein, ein Ort, an dem avantgardistische Musik auf die Sch\u00f6nheit des Mittelmeers trifft. Mit \u00fcber <strong>60% der \u00d6ffentlichkeit von au\u00dferhalb der Region<\/strong>, ist das Festival zu einem nationalen Ma\u00dfstab f\u00fcr alle geworden, die authentische und au\u00dfergew\u00f6hnliche Musikerlebnisse suchen.<\/p>\n\n\n\n<p><strong>Colour Fest 14 - Sommer an einem einsamen Strand<\/strong><br>11, 12, 13 August 2026<br>Lungomare Falcone e Borsellino - Riviera dei Tramonti, Lamezia Terme (CZ)<br><strong>Tickets und Abonnements erh\u00e4ltlich unter <a href=\"https:\/\/colorfest.it\/de\/tickets-info\/\">farbenfest.de\/tickets-info<\/a><\/strong><\/p>\n\n\n\n<div class=\"wp-block-webfactory-map\"><div class=\"wp-block-webfactory-map\"><iframe title=\"Karte\" width=\"100%\" height=\"300px\" src=\"https:\/\/www.google.com\/maps\/embed\/v1\/place?q=color%20fest&amp;maptype=roadmap&amp;zoom=10&amp;key=AIzaSyCkZ4OiAzwxwAIPSAuUNABhKJKgbafAfnY\" frameborder=\"0\"><\/iframe><\/div><\/div>\n\n\n\n<p><\/p>","protected":false},"excerpt":{"rendered":"<p>Il Color Fest 14 non \u00e8 solo il festival indipendente pi\u00f9 importante del sud Italia: \u00e8 una finestra spalancata sul mondo. L&#8217;edizione 2026, in programma l&#8217;11, 12 e 13 agosto sulla Riviera dei Tramonti a Lamezia Terme, porta in Calabria un cast internazionale di altissimo livello, con artisti che arrivano da Germania, Francia, Inghilterra, Olanda [&hellip;]<\/p>\n","protected":false},"author":7,"featured_media":25462,"comment_status":"closed","ping_status":"closed","sticky":false,"template":"","format":"standard","meta":{"_acf_changed":false,"footnotes":""},"categories":[1,175,167],"tags":[],"class_list":["post-25458","post","type-post","status-publish","format-standard","has-post-thumbnail","hentry","category-color-fest","category-color-fest-14","category-lineup"],"acf":[],"yoast_head":"<!-- This site is optimized with the Yoast SEO Premium plugin v27.3 (Yoast SEO v27.4) - https:\/\/yoast.com\/product\/yoast-seo-premium-wordpress\/ -->\n<title>Artisti internazionali al Color Fest 2026: Apparat, Tellier, Django Django e altri<\/title>\n<meta name=\"description\" content=\"Da Apparat a S\u00e9bastien Tellier, da Django Django ai Deadletter: tutti gli artisti internazionali che rendono imperdibile il Color Fest 14. 11-13 agosto, Lamezia Terme.\" \/>\n<meta name=\"robots\" content=\"index, follow, max-snippet:-1, max-image-preview:large, max-video-preview:-1\" \/>\n<link rel=\"canonical\" href=\"https:\/\/colorfest.it\/de\/internationales-kunstlerfarbenfest-2026\/\" \/>\n<meta property=\"og:locale\" content=\"de_DE\" \/>\n<meta property=\"og:type\" content=\"article\" \/>\n<meta property=\"og:title\" content=\"Tutti gli artisti internazionali che rendono imperdibile il Festival\" \/>\n<meta property=\"og:description\" content=\"Da Apparat a S\u00e9bastien Tellier, da Django Django ai Deadletter: tutti gli artisti internazionali che rendono imperdibile il Color Fest 14. 11-13 agosto, Lamezia Terme.\" \/>\n<meta property=\"og:url\" content=\"https:\/\/colorfest.it\/de\/internationales-kunstlerfarbenfest-2026\/\" \/>\n<meta property=\"og:site_name\" content=\"Color Fest - Festival di Musica | 11 - 12 - 13 Agosto 2026 | in Calabria\" \/>\n<meta property=\"article:publisher\" content=\"http:\/\/facebook.com\/colorfestlamezia\/\" \/>\n<meta property=\"article:published_time\" content=\"2026-04-07T14:32:34+00:00\" \/>\n<meta property=\"article:modified_time\" content=\"2026-04-07T15:40:18+00:00\" \/>\n<meta property=\"og:image\" content=\"https:\/\/colorfest.it\/wp-content\/uploads\/2026\/04\/non-mancare-Color-Fest-14.webp\" \/>\n\t<meta property=\"og:image:width\" content=\"1080\" \/>\n\t<meta property=\"og:image:height\" content=\"1350\" \/>\n\t<meta property=\"og:image:type\" content=\"image\/webp\" \/>\n<meta name=\"author\" content=\"Salvatore Bilotti\" \/>\n<meta name=\"twitter:card\" content=\"summary_large_image\" \/>\n<meta name=\"twitter:description\" content=\"Color Fest - Festival di Musica, dal 2013 punto di riferimento per la musica dal vivo &gt;&gt; 11 - 12 - 13 Agosto 2026 Lungomare Falcone Borsellino.\" \/>\n<meta name=\"twitter:label1\" content=\"Verfasst von\" \/>\n\t<meta name=\"twitter:data1\" content=\"Salvatore Bilotti\" \/>\n\t<meta name=\"twitter:label2\" content=\"Gesch\u00e4tzte Lesezeit\" \/>\n\t<meta name=\"twitter:data2\" content=\"8\u00a0Minuten\" \/>\n<script type=\"application\/ld+json\" class=\"yoast-schema-graph\">{\"@context\":\"https:\\\/\\\/schema.org\",\"@graph\":[{\"@type\":\"Article\",\"@id\":\"https:\\\/\\\/colorfest.it\\\/artisti-internazionali-color-fest-2026\\\/#article\",\"isPartOf\":{\"@id\":\"https:\\\/\\\/colorfest.it\\\/artisti-internazionali-color-fest-2026\\\/\"},\"author\":{\"name\":\"Salvatore Bilotti\",\"@id\":\"https:\\\/\\\/colorfest.it\\\/#\\\/schema\\\/person\\\/174195bbe9c056259e2ca3e13087d54b\"},\"headline\":\"Tutti gli artisti internazionali che rendono imperdibile il Festival\",\"datePublished\":\"2026-04-07T14:32:34+00:00\",\"dateModified\":\"2026-04-07T15:40:18+00:00\",\"mainEntityOfPage\":{\"@id\":\"https:\\\/\\\/colorfest.it\\\/artisti-internazionali-color-fest-2026\\\/\"},\"wordCount\":1105,\"publisher\":{\"@id\":\"https:\\\/\\\/colorfest.it\\\/#organization\"},\"image\":{\"@id\":\"https:\\\/\\\/colorfest.it\\\/artisti-internazionali-color-fest-2026\\\/#primaryimage\"},\"thumbnailUrl\":\"https:\\\/\\\/colorfest.it\\\/wp-content\\\/uploads\\\/2026\\\/04\\\/non-mancare-Color-Fest-14.webp\",\"articleSection\":[\"Color Fest\",\"Color Fest 14\",\"Lineup\"],\"inLanguage\":\"de\"},{\"@type\":\"WebPage\",\"@id\":\"https:\\\/\\\/colorfest.it\\\/artisti-internazionali-color-fest-2026\\\/\",\"url\":\"https:\\\/\\\/colorfest.it\\\/artisti-internazionali-color-fest-2026\\\/\",\"name\":\"Artisti internazionali al Color Fest 2026: Apparat, Tellier, Django Django e altri\",\"isPartOf\":{\"@id\":\"https:\\\/\\\/colorfest.it\\\/#website\"},\"primaryImageOfPage\":{\"@id\":\"https:\\\/\\\/colorfest.it\\\/artisti-internazionali-color-fest-2026\\\/#primaryimage\"},\"image\":{\"@id\":\"https:\\\/\\\/colorfest.it\\\/artisti-internazionali-color-fest-2026\\\/#primaryimage\"},\"thumbnailUrl\":\"https:\\\/\\\/colorfest.it\\\/wp-content\\\/uploads\\\/2026\\\/04\\\/non-mancare-Color-Fest-14.webp\",\"datePublished\":\"2026-04-07T14:32:34+00:00\",\"dateModified\":\"2026-04-07T15:40:18+00:00\",\"description\":\"Da Apparat a S\u00e9bastien Tellier, da Django Django ai Deadletter: tutti gli artisti internazionali che rendono imperdibile il Color Fest 14. 11-13 agosto, Lamezia Terme.\",\"breadcrumb\":{\"@id\":\"https:\\\/\\\/colorfest.it\\\/artisti-internazionali-color-fest-2026\\\/#breadcrumb\"},\"inLanguage\":\"de\",\"potentialAction\":[{\"@type\":\"ReadAction\",\"target\":[\"https:\\\/\\\/colorfest.it\\\/artisti-internazionali-color-fest-2026\\\/\"]}]},{\"@type\":\"ImageObject\",\"inLanguage\":\"de\",\"@id\":\"https:\\\/\\\/colorfest.it\\\/artisti-internazionali-color-fest-2026\\\/#primaryimage\",\"url\":\"https:\\\/\\\/colorfest.it\\\/wp-content\\\/uploads\\\/2026\\\/04\\\/non-mancare-Color-Fest-14.webp\",\"contentUrl\":\"https:\\\/\\\/colorfest.it\\\/wp-content\\\/uploads\\\/2026\\\/04\\\/non-mancare-Color-Fest-14.webp\",\"width\":1080,\"height\":1350,\"caption\":\"non mancare Color Fest 14\"},{\"@type\":\"BreadcrumbList\",\"@id\":\"https:\\\/\\\/colorfest.it\\\/artisti-internazionali-color-fest-2026\\\/#breadcrumb\",\"itemListElement\":[{\"@type\":\"ListItem\",\"position\":1,\"name\":\"Home\",\"item\":\"https:\\\/\\\/colorfest.it\\\/\"},{\"@type\":\"ListItem\",\"position\":2,\"name\":\"Tutti gli artisti internazionali che rendono imperdibile il Festival\"}]},{\"@type\":\"WebSite\",\"@id\":\"https:\\\/\\\/colorfest.it\\\/#website\",\"url\":\"https:\\\/\\\/colorfest.it\\\/\",\"name\":\"Color Fest - Festival di Musica | 11 - 12 - 13 Agosto 2026 | in Calabria\",\"description\":\"Color Fest - Festival di Musica, dal 2013 punto di riferimento per la musica dal vivo &gt;&gt; 11 - 12 - 13 Agosto 2026 Lungomare Falcone Borsellino.\",\"publisher\":{\"@id\":\"https:\\\/\\\/colorfest.it\\\/#organization\"},\"alternateName\":\"Color Fest - Festival di Musica | 11 - 12 - 13 Agosto 2026 @Lungomare Falcone Borsellino\",\"potentialAction\":[{\"@type\":\"SearchAction\",\"target\":{\"@type\":\"EntryPoint\",\"urlTemplate\":\"https:\\\/\\\/colorfest.it\\\/?s={search_term_string}\"},\"query-input\":{\"@type\":\"PropertyValueSpecification\",\"valueRequired\":true,\"valueName\":\"search_term_string\"}}],\"inLanguage\":\"de\"},{\"@type\":\"Organization\",\"@id\":\"https:\\\/\\\/colorfest.it\\\/#organization\",\"name\":\"Che cosa sono le nuvole APS\",\"alternateName\":\"Color Fest\",\"url\":\"https:\\\/\\\/colorfest.it\\\/\",\"logo\":{\"@type\":\"ImageObject\",\"inLanguage\":\"de\",\"@id\":\"https:\\\/\\\/colorfest.it\\\/#\\\/schema\\\/logo\\\/image\\\/\",\"url\":\"https:\\\/\\\/colorfest.it\\\/wp-content\\\/uploads\\\/2022\\\/03\\\/checosasonolenuvole.png\",\"contentUrl\":\"https:\\\/\\\/colorfest.it\\\/wp-content\\\/uploads\\\/2022\\\/03\\\/checosasonolenuvole.png\",\"width\":952,\"height\":844,\"caption\":\"Che cosa sono le nuvole APS\"},\"image\":{\"@id\":\"https:\\\/\\\/colorfest.it\\\/#\\\/schema\\\/logo\\\/image\\\/\"},\"sameAs\":[\"http:\\\/\\\/facebook.com\\\/colorfestlamezia\\\/\",\"http:\\\/\\\/instagram.com\\\/color_fest_\\\/\",\"https:\\\/\\\/www.linkedin.com\\\/company\\\/color-fest\\\/\"],\"description\":\"Color Fest - Festival di Musica, dal 2013 punto di riferimento per la musica dal vivo >> 11 - 12 - 13 Agosto 2026 Lungomare Falcone Borsellino.\",\"email\":\"scrivi@colorfest.it\",\"legalName\":\"Che cosa sono le nuvole APS\",\"foundingDate\":\"2012-10-12\",\"vatID\":\"03309120792\",\"taxID\":\"92029190797\",\"numberOfEmployees\":{\"@type\":\"QuantitativeValue\",\"minValue\":\"11\",\"maxValue\":\"50\"}},{\"@type\":\"Person\",\"@id\":\"https:\\\/\\\/colorfest.it\\\/#\\\/schema\\\/person\\\/174195bbe9c056259e2ca3e13087d54b\",\"name\":\"Salvatore Bilotti\",\"image\":{\"@type\":\"ImageObject\",\"inLanguage\":\"de\",\"@id\":\"https:\\\/\\\/secure.gravatar.com\\\/avatar\\\/ffea54082f2805c177a23aec9bc4121df09c213e6ca8fda40be720241c65e38e?s=96&d=mm&r=g\",\"url\":\"https:\\\/\\\/secure.gravatar.com\\\/avatar\\\/ffea54082f2805c177a23aec9bc4121df09c213e6ca8fda40be720241c65e38e?s=96&d=mm&r=g\",\"contentUrl\":\"https:\\\/\\\/secure.gravatar.com\\\/avatar\\\/ffea54082f2805c177a23aec9bc4121df09c213e6ca8fda40be720241c65e38e?s=96&d=mm&r=g\",\"caption\":\"Salvatore Bilotti\"}}]}<\/script>\n<!-- \/ Yoast SEO Premium plugin. -->","yoast_head_json":{"title":"Internationale K\u00fcnstler beim Color Fest 2026: Apparat, Tellier, Django Django und andere","description":"Von Apparat bis S\u00e9bastien Tellier, von Django Django bis Deadletter: alle internationalen K\u00fcnstler, die das Color Fest 14 unverzichtbar machen. 11. bis 13. August, Lamezia Terme.","robots":{"index":"index","follow":"follow","max-snippet":"max-snippet:-1","max-image-preview":"max-image-preview:large","max-video-preview":"max-video-preview:-1"},"canonical":"https:\/\/colorfest.it\/de\/internationales-kunstlerfarbenfest-2026\/","og_locale":"de_DE","og_type":"article","og_title":"Tutti gli artisti internazionali che rendono imperdibile il Festival","og_description":"Da Apparat a S\u00e9bastien Tellier, da Django Django ai Deadletter: tutti gli artisti internazionali che rendono imperdibile il Color Fest 14. 11-13 agosto, Lamezia Terme.","og_url":"https:\/\/colorfest.it\/de\/internationales-kunstlerfarbenfest-2026\/","og_site_name":"Color Fest - Festival di Musica | 11 - 12 - 13 Agosto 2026 | in Calabria","article_publisher":"http:\/\/facebook.com\/colorfestlamezia\/","article_published_time":"2026-04-07T14:32:34+00:00","article_modified_time":"2026-04-07T15:40:18+00:00","og_image":[{"width":1080,"height":1350,"url":"https:\/\/colorfest.it\/wp-content\/uploads\/2026\/04\/non-mancare-Color-Fest-14.webp","type":"image\/webp"}],"author":"Salvatore Bilotti","twitter_card":"summary_large_image","twitter_description":"Color Fest - Festival di Musica, dal 2013 punto di riferimento per la musica dal vivo >> 11 - 12 - 13 Agosto 2026 Lungomare Falcone Borsellino.","twitter_misc":{"Verfasst von":"Salvatore Bilotti","Gesch\u00e4tzte Lesezeit":"8\u00a0Minuten"},"schema":{"@context":"https:\/\/schema.org","@graph":[{"@type":"Article","@id":"https:\/\/colorfest.it\/artisti-internazionali-color-fest-2026\/#article","isPartOf":{"@id":"https:\/\/colorfest.it\/artisti-internazionali-color-fest-2026\/"},"author":{"name":"Salvatore Bilotti","@id":"https:\/\/colorfest.it\/#\/schema\/person\/174195bbe9c056259e2ca3e13087d54b"},"headline":"Tutti gli artisti internazionali che rendono imperdibile il Festival","datePublished":"2026-04-07T14:32:34+00:00","dateModified":"2026-04-07T15:40:18+00:00","mainEntityOfPage":{"@id":"https:\/\/colorfest.it\/artisti-internazionali-color-fest-2026\/"},"wordCount":1105,"publisher":{"@id":"https:\/\/colorfest.it\/#organization"},"image":{"@id":"https:\/\/colorfest.it\/artisti-internazionali-color-fest-2026\/#primaryimage"},"thumbnailUrl":"https:\/\/colorfest.it\/wp-content\/uploads\/2026\/04\/non-mancare-Color-Fest-14.webp","articleSection":["Color Fest","Color Fest 14","Lineup"],"inLanguage":"de"},{"@type":"WebPage","@id":"https:\/\/colorfest.it\/artisti-internazionali-color-fest-2026\/","url":"https:\/\/colorfest.it\/artisti-internazionali-color-fest-2026\/","name":"Internationale K\u00fcnstler beim Color Fest 2026: Apparat, Tellier, Django Django und andere","isPartOf":{"@id":"https:\/\/colorfest.it\/#website"},"primaryImageOfPage":{"@id":"https:\/\/colorfest.it\/artisti-internazionali-color-fest-2026\/#primaryimage"},"image":{"@id":"https:\/\/colorfest.it\/artisti-internazionali-color-fest-2026\/#primaryimage"},"thumbnailUrl":"https:\/\/colorfest.it\/wp-content\/uploads\/2026\/04\/non-mancare-Color-Fest-14.webp","datePublished":"2026-04-07T14:32:34+00:00","dateModified":"2026-04-07T15:40:18+00:00","description":"Von Apparat bis S\u00e9bastien Tellier, von Django Django bis Deadletter: alle internationalen K\u00fcnstler, die das Color Fest 14 unverzichtbar machen. 11. bis 13. August, Lamezia Terme.","breadcrumb":{"@id":"https:\/\/colorfest.it\/artisti-internazionali-color-fest-2026\/#breadcrumb"},"inLanguage":"de","potentialAction":[{"@type":"ReadAction","target":["https:\/\/colorfest.it\/artisti-internazionali-color-fest-2026\/"]}]},{"@type":"ImageObject","inLanguage":"de","@id":"https:\/\/colorfest.it\/artisti-internazionali-color-fest-2026\/#primaryimage","url":"https:\/\/colorfest.it\/wp-content\/uploads\/2026\/04\/non-mancare-Color-Fest-14.webp","contentUrl":"https:\/\/colorfest.it\/wp-content\/uploads\/2026\/04\/non-mancare-Color-Fest-14.webp","width":1080,"height":1350,"caption":"non mancare Color Fest 14"},{"@type":"BreadcrumbList","@id":"https:\/\/colorfest.it\/artisti-internazionali-color-fest-2026\/#breadcrumb","itemListElement":[{"@type":"ListItem","position":1,"name":"Home","item":"https:\/\/colorfest.it\/"},{"@type":"ListItem","position":2,"name":"Tutti gli artisti internazionali che rendono imperdibile il Festival"}]},{"@type":"WebSite","@id":"https:\/\/colorfest.it\/#website","url":"https:\/\/colorfest.it\/","name":"Color Fest - Musikfestival | 11 - 12 - 13 August 2026 | in Kalabrien","description":"Color Fest - Musikfestival, seit 2013 ein Bezugspunkt f\u00fcr Live-Musik &gt;&gt; 11 - 12 - 13 August 2026 Lungomare Falcone Borsellino","publisher":{"@id":"https:\/\/colorfest.it\/#organization"},"alternateName":"Color Fest - Festival di Musica | 11 - 12 - 13 Agosto 2026 @Lungomare Falcone Borsellino","potentialAction":[{"@type":"SearchAction","target":{"@type":"EntryPoint","urlTemplate":"https:\/\/colorfest.it\/?s={search_term_string}"},"query-input":{"@type":"PropertyValueSpecification","valueRequired":true,"valueName":"search_term_string"}}],"inLanguage":"de"},{"@type":"Organization","@id":"https:\/\/colorfest.it\/#organization","name":"Was sind APS-Wolken?","alternateName":"Color Fest","url":"https:\/\/colorfest.it\/","logo":{"@type":"ImageObject","inLanguage":"de","@id":"https:\/\/colorfest.it\/#\/schema\/logo\/image\/","url":"https:\/\/colorfest.it\/wp-content\/uploads\/2022\/03\/checosasonolenuvole.png","contentUrl":"https:\/\/colorfest.it\/wp-content\/uploads\/2022\/03\/checosasonolenuvole.png","width":952,"height":844,"caption":"Che cosa sono le nuvole APS"},"image":{"@id":"https:\/\/colorfest.it\/#\/schema\/logo\/image\/"},"sameAs":["http:\/\/facebook.com\/colorfestlamezia\/","http:\/\/instagram.com\/color_fest_\/","https:\/\/www.linkedin.com\/company\/color-fest\/"],"description":"Color Fest - Musikfestival, seit 2013 ein Bezugspunkt f\u00fcr Live-Musik &gt;&gt; 11 - 12 - 13 August 2026 Lungomare Falcone Borsellino","email":"scrivi@colorfest.it","legalName":"Che cosa sono le nuvole APS","foundingDate":"2012-10-12","vatID":"03309120792","taxID":"92029190797","numberOfEmployees":{"@type":"QuantitativeValue","minValue":"11","maxValue":"50"}},{"@type":"Person","@id":"https:\/\/colorfest.it\/#\/schema\/person\/174195bbe9c056259e2ca3e13087d54b","name":"Salvatore Bilotti","image":{"@type":"ImageObject","inLanguage":"de","@id":"https:\/\/secure.gravatar.com\/avatar\/ffea54082f2805c177a23aec9bc4121df09c213e6ca8fda40be720241c65e38e?s=96&d=mm&r=g","url":"https:\/\/secure.gravatar.com\/avatar\/ffea54082f2805c177a23aec9bc4121df09c213e6ca8fda40be720241c65e38e?s=96&d=mm&r=g","contentUrl":"https:\/\/secure.gravatar.com\/avatar\/ffea54082f2805c177a23aec9bc4121df09c213e6ca8fda40be720241c65e38e?s=96&d=mm&r=g","caption":"Salvatore Bilotti"}}]}},"_links":{"self":[{"href":"https:\/\/colorfest.it\/de\/wp-json\/wp\/v2\/posts\/25458","targetHints":{"allow":["GET"]}}],"collection":[{"href":"https:\/\/colorfest.it\/de\/wp-json\/wp\/v2\/posts"}],"about":[{"href":"https:\/\/colorfest.it\/de\/wp-json\/wp\/v2\/types\/post"}],"author":[{"embeddable":true,"href":"https:\/\/colorfest.it\/de\/wp-json\/wp\/v2\/users\/7"}],"replies":[{"embeddable":true,"href":"https:\/\/colorfest.it\/de\/wp-json\/wp\/v2\/comments?post=25458"}],"version-history":[{"count":0,"href":"https:\/\/colorfest.it\/de\/wp-json\/wp\/v2\/posts\/25458\/revisions"}],"wp:featuredmedia":[{"embeddable":true,"href":"https:\/\/colorfest.it\/de\/wp-json\/wp\/v2\/media\/25462"}],"wp:attachment":[{"href":"https:\/\/colorfest.it\/de\/wp-json\/wp\/v2\/media?parent=25458"}],"wp:term":[{"taxonomy":"category","embeddable":true,"href":"https:\/\/colorfest.it\/de\/wp-json\/wp\/v2\/categories?post=25458"},{"taxonomy":"post_tag","embeddable":true,"href":"https:\/\/colorfest.it\/de\/wp-json\/wp\/v2\/tags?post=25458"}],"curies":[{"name":"wp","href":"https:\/\/api.w.org\/{rel}","templated":true}]}}