{"id":25169,"date":"2026-03-23T11:44:49","date_gmt":"2026-03-23T10:44:49","guid":{"rendered":"https:\/\/colorfest.it\/?p=25169"},"modified":"2026-03-23T11:44:50","modified_gmt":"2026-03-23T10:44:50","slug":"sebastien-tellier-farbenfest-2026","status":"publish","type":"post","link":"https:\/\/colorfest.it\/de\/sebastien-tellier-color-fest-2026\/","title":{"rendered":"S\u00e9bastien Tellier beim Color Fest 14: Franz\u00f6sischer Touch an der Riviera dei Tramonti"},"content":{"rendered":"<p>Die vierzehnte Ausgabe des Color Fests wartet mit einem Line-up voller internationaler Namen auf, und die neueste Ank\u00fcndigung l\u00e4sst die Herzen der Fans von elektronischer Musik und Autorenpop h\u00f6her schlagen. <strong>S\u00e9bastien Tellier, eine Ikone der franz\u00f6sischen Touch-Szene und einer der vielseitigsten Musiker seiner Generation, wird am 12. August 2026 beim Color Fest auf der B\u00fchne stehen<\/strong>, und bringt seine unverwechselbare Klangwelt an die Riviera dei Tramonti in Lamezia Terme.<\/p>\n\n\n\n<p>Der Pariser Singer-Songwriter und Multi-Instrumentalist reiht sich in ein Programm ein, das Tag f\u00fcr Tag die Berufung des kalabrischen Festivals best\u00e4tigt: K\u00fcnstler nach S\u00fcditalien zu bringen, die in der Lage sind, die Grenzen zwischen Genres, Kulturen und Musiksprachen neu zu definieren. Eine Ank\u00fcndigung, die das Lineup des Color Fest 14 noch kosmopolitischer und ehrgeiziger macht, ganz im Einklang mit der Philosophie eines Festivals, das seit 2013 die tyrrhenische K\u00fcste Kalabriens in einen Kreuzungspunkt zeitgen\u00f6ssischer Kl\u00e4nge und Visionen verwandelt.<\/p>\n\n\n\n<h2 class=\"wp-block-heading\" id=\"h-chi-e-sebastien-tellier-il-dandy-romantico-della-musica-francese\">Wer ist S\u00e9bastien Tellier: der romantische Dandy der franz\u00f6sischen Musik<\/h2>\n\n\n\n<p>Der 1975 in Le Plessis-Bouchard geborene S\u00e9bastien Tellier ist ein K\u00fcnstler, der sich jedem Etikett entzieht. Singer-Songwriter, Multi-Instrumentalist, Produzent, Schauspieler: In seiner mehr als 20-j\u00e4hrigen Karriere hat er eine Diskografie aufgebaut, in der Pop, Electronica, Folk, Disco und Bossa Nova mit einer Nat\u00fcrlichkeit ineinandergreifen, die nur wahren Vision\u00e4ren eigen ist. <strong>Sein Deb\u00fct im Jahr 2001 mit L'incroyable V\u00e9rit\u00e9, gemischt von Mr. Oizo und ver\u00f6ffentlicht auf Record Makers (dem gleichen Label wie Air), brachte ihm sofort die Aufmerksamkeit der internationalen Kritiker ein<\/strong>. Der Rolling Stone nannte ihn einen der einzigartigsten Sounds des Jahres.<\/p>\n\n\n\n<p>Die weltweite Anerkennung kam 2004 mit dem Album Politics, das das enth\u00e4lt, was einhellig als sein Meisterwerk gilt: La Ritournelle, ein symphonisches und hypnotisches St\u00fcck, das 2024 eine neue globale Weihe erfuhr, als Tellier es live bei der Er\u00f6ffnungsfeier der Paralympics in Paris am Fu\u00dfe des Obelisken auf dem Place de la Concorde auff\u00fchrte. Nach diesem Auftritt schoss der Song auf Platz zwei der meistgesuchten Titel auf Shazam in Frankreich und best\u00e4tigte seinen Status als zeitloser Klassiker.<\/p>\n\n\n\n<p>Im Laufe der Jahre hat Tellier mit K\u00fcnstlern wie Air, Moby, Cassius und R\u00f6yksopp zusammengearbeitet und es geschafft, sich mit jeder Ver\u00f6ffentlichung neu zu erfinden: vom Album Sexuality, das von Guy-Manuel de Homem-Christo von Daft Punk produziert wurde, bis zu L'Aventura von 2014, das von den brasilianischen Kl\u00e4ngen seiner imagin\u00e4ren Kindheit inspiriert ist.<\/p>\n\n\n\n<h2 class=\"wp-block-heading\" id=\"h-kiss-the-beast-il-nuovo-album-che-anticipa-il-live-al-color-fest\">Kiss The Beast: Vorfreude auf das neue Album live beim Color Fest<\/h2>\n\n\n\n<p>Tellier kommt nach Lamezia Terme im Gefolge von Kiss The Beast, seinem achten Studioalbum, das am 30. Januar 2026 bei Because Music erscheint. <strong>Ein Album, das von Kritikern als R\u00fcckkehr zu seinen verf\u00fchrerischen Wurzeln beschrieben wurde, aber mit dem Wunsch, neue und unerwartete Gebiete zu erkunden<\/strong>. Das Werk bewegt sich zwischen Synth-Pop, Disco, introspektiven Balladen und Momenten reiner Klangabenteuer und best\u00e4tigt Tellier als einen K\u00fcnstler, der sich nicht wiederholen kann.<\/p>\n\n\n\n<p>Kiss The Beast wartet mit prestigetr\u00e4chtigen Kollaborationen auf: Nile Rodgers, der legend\u00e4re Chic-Gitarrist, tritt im Track Thrill of the Night zusammen mit dem S\u00e4nger Slayyyter auf, w\u00e4hrend Kid Cudi sich im Track Amnesia mit Tellier duettiert. Die Produktion, f\u00fcr die Tellier selbst zusammen mit SebastiAn, Oscar Holter und Victor Le Masne verantwortlich zeichnet, schafft eine Klanglandschaft, die der K\u00fcnstler selbst als monumental und maximalistisch beschreibt, angetrieben von der reinen Freude am Musikmachen.<\/p>\n\n\n\n<p>Der Live-Auftritt beim Color Fest bietet die seltene Gelegenheit, dieses neue Material neben den Klassikern, die die Karriere des franz\u00f6sischen K\u00fcnstlers gepr\u00e4gt haben, live zu h\u00f6ren: von La Ritournelle bis Divine, vom n\u00e4chtlichen Pop von Fantino bis zu den tropischen Atmosph\u00e4ren von L'Aventura.<\/p>\n\n\n\n<h2 class=\"wp-block-heading\" id=\"h-color-fest-14-una-lineup-che-guarda-al-mondo-dalla-calabria\">Color Fest 14: ein Programm, das von Kalabrien aus in die Welt blickt<\/h2>\n\n\n\n<p>Die Ankunft von S\u00e9bastien Tellier ist Teil eines Programms, das von Tag zu Tag mehr Gestalt annimmt und die internationale Dimension des Color Festes best\u00e4tigt. <strong>Die vierzehnte Ausgabe, die vom 11. bis 13. August 2026 stattfindet, hat bereits Namen wie Apparat, James Holden &amp; Wac\u0142aw Zimpel, Django Django, Deadletter und Y\u012bn Y\u012bn vorgestellt.<\/strong>, Mit dabei sind f\u00fchrende italienische K\u00fcnstler wie Cosmo (mit einem exklusiven Konzert im Morgengrauen zur Vorstellung des Albums La Fonte), The Zen Circus, Tutti Fenomeni und La Ni\u00f1a, Gewinnerin der Targa Tenco 2025.<\/p>\n\n\n\n<p>Das Programm befindet sich noch in der Entwicklung und neue Ank\u00fcndigungen werden in den kommenden Wochen folgen, aber die Identit\u00e4t des Festivals ist bereits klar: ein Ort, an dem Autorenmusik auf Elektronik trifft, an dem italienisches Singer-Songwriting mit der europ\u00e4ischen Avantgarde in Dialog tritt, an dem sich jeder Abend am Strand in eine kollektive Klangreise verwandelt. Die Riviera dei Tramonti, Lungomare Falcone e Borsellino, bietet den perfekten nat\u00fcrlichen Rahmen f\u00fcr diese Erfahrung: das Meer, Sonnenunterg\u00e4nge, Musik unter den Sternen.<\/p>\n\n\n\n<h2 class=\"wp-block-heading\" id=\"h-perche-non-perdere-sebastien-tellier-dal-vivo\">Warum sollte man S\u00e9bastien Tellier live erleben?<\/h2>\n\n\n\n<p>Wer schon einmal das Gl\u00fcck hatte, ein Konzert von S\u00e9bastien Tellier zu besuchen, wei\u00df, dass die B\u00fchne f\u00fcr ihn ein Ort der Verwandlung ist. <strong>Seine Live-Performances sind bekannt f\u00fcr ihre F\u00e4higkeit, zwischen dem Theatralischen und dem Poetischen, zwischen provokantem Glamour und zarter Melancholie zu pendeln.<\/strong>. Tellier ist ein untypisches B\u00fchnentier: Mit seinem unverwechselbaren Look aus langen Haaren, Bart, dunkler Brille und M\u00fctze ist er der Dandy der Elektronikszene, der es schafft, Ironie und Tiefgang in jeder Note zu vereinen.<\/p>\n\n\n\n<p>Oft wurde er auf der B\u00fchne von au\u00dfergew\u00f6hnlichen Musikern begleitet, und sein Programm ist eine Reise, die f\u00fcnfundzwanzig Jahre seiner Karriere umspannt, ohne jemals den Faden einer koh\u00e4renten und \u00fcberraschenden musikalischen Erz\u00e4hlung zu verlieren. Von Disco-Funk-Explosionen bis hin zu Momenten fast gefl\u00fcsterter Intimit\u00e4t ist jedes von Telliers Konzerten eine Erfahrung, die weit \u00fcber das blo\u00dfe Zuh\u00f6ren hinausgeht. Die Gelegenheit, ihn an der kalabrischen K\u00fcste vor der Kulisse des Tyrrhenischen Meeres zu erleben, verleiht einem ohnehin schon unverzichtbaren Ereignis einen zus\u00e4tzlichen Reiz.<\/p>\n\n\n\n<h2 class=\"wp-block-heading\" id=\"h-color-fest-quattordici-edizioni-tra-musica-territorio-e-comunita\">Color Fest: vierzehn Ausgaben von Musik, Territorium und Gemeinschaft<\/h2>\n\n\n\n<p>Das Color Fest ist nicht nur ein Musikfestival, sondern auch ein kulturelles Projekt, das sich seit 2013 f\u00fcr die Wiederbelebung des kalabrischen Territoriums durch Musik und Kunst einsetzt. Organisiert von der Vereinigung Che Cosa Sono Le Nuvole APS, unter der k\u00fcnstlerischen Leitung von Mirko Perri, hat das Festival w\u00e4hrend seiner Ausgaben K\u00fcnstler wie Franz Ferdinand, Editors, Brunori Sas, Cosmo, Afterhours, Verdena, Nada, Colapesce Dimartino, Iosonouncane und viele andere empfangen.<\/p>\n\n\n\n<p>Jede Ausgabe bietet ein intensives Erlebnis, das \u00fcber das Konzert hinausgeht: Ausstellungen, Installationen, Yoga, Stand-up-Comedy, Camping und Zusammenk\u00fcnfte machen das Color Fest zu einem kulturellen \u00d6kosystem unter freiem Himmel. <strong>Der Titel dieser Ausgabe, Sommer an einem einsamen Strand, erz\u00e4hlt die Essenz eines Vorschlags, der dazu einl\u00e4dt, den Sommer als einen Akt der Entdeckung zu erleben<\/strong>: Entdeckung von K\u00fcnstlern, Orten, einem lebendigen, zeitgen\u00f6ssischen Kalabrien.<\/p>\n\n\n\n<h2 class=\"wp-block-heading\" id=\"h-biglietti-e-informazioni-per-il-color-fest-14\">Karten und Informationen f\u00fcr das Color Fest 14<\/h2>\n\n\n\n<p>Das Color Fest 14 findet vom 11. bis 13. August 2026 auf dem Lungomare Falcone e Borsellino - Riviera dei Tramonti, Lamezia Terme (CZ) statt. Das Konzert von S\u00e9bastien Tellier ist f\u00fcr den 12. August geplant. Tickets sind bereits auf der offiziellen Website erh\u00e4ltlich. Um \u00fcber das aktuelle Programm und alle Neuigkeiten des Festivals auf dem Laufenden zu bleiben, besuchen Sie <a href=\"https:\/\/colorfest.it\/de\/\">farbenfest.de<\/a> oder kaufen Sie Tickets direkt auf <a href=\"https:\/\/colorfest.it\/de\/tickets-info\/\">farbenfest.de\/tickets-info<\/a>. F\u00fcr Informationen wenden Sie sich bitte an promo@colorfest.it.<\/p>","protected":false},"excerpt":{"rendered":"<p>La quattordicesima edizione del Color Fest continua a svelare un cartellone ricco di nomi internazionali, e l&#8217;ultimo annuncio \u00e8 di quelli che fanno battere il cuore agli appassionati di musica elettronica e pop d&#8217;autore. S\u00e9bastien Tellier, icona della scena french touch e tra i musicisti pi\u00f9 eclettici della sua generazione, salir\u00e0 sul palco del Color [&hellip;]<\/p>\n","protected":false},"author":7,"featured_media":25074,"comment_status":"closed","ping_status":"closed","sticky":false,"template":"","format":"standard","meta":{"_acf_changed":false,"footnotes":""},"categories":[1],"tags":[],"class_list":["post-25169","post","type-post","status-publish","format-standard","has-post-thumbnail","hentry","category-color-fest"],"acf":[],"yoast_head":"<!-- This site is optimized with the Yoast SEO Premium plugin v27.3 (Yoast SEO v27.4) - https:\/\/yoast.com\/product\/yoast-seo-premium-wordpress\/ -->\n<title>S\u00e9bastien Tellier al Color Fest 14: il dandy francese in Calabria<\/title>\n<meta name=\"description\" content=\"S\u00e9bastien Tellier arriva al Color Fest 14 il 12 agosto 2026 a Lamezia Terme. Il maestro della french touch live sulla Riviera dei Tramonti con il nuovo album Kiss The Beast.\" \/>\n<meta name=\"robots\" content=\"index, follow, max-snippet:-1, max-image-preview:large, max-video-preview:-1\" \/>\n<link rel=\"canonical\" href=\"https:\/\/colorfest.it\/de\/sebastien-tellier-farbenfest-2026\/\" \/>\n<meta property=\"og:locale\" content=\"de_DE\" \/>\n<meta property=\"og:type\" content=\"article\" \/>\n<meta property=\"og:title\" content=\"S\u00e9bastien Tellier al Color Fest 14: la french touch arriva sulla Riviera dei Tramonti\" \/>\n<meta property=\"og:description\" content=\"Color Fest - Festival di Musica, dal 2013 punto di riferimento per la musica dal vivo &gt;&gt; 11 - 12 - 13 Agosto 2026 Lungomare Falcone Borsellino.\" \/>\n<meta property=\"og:url\" content=\"https:\/\/colorfest.it\/de\/sebastien-tellier-farbenfest-2026\/\" \/>\n<meta property=\"og:site_name\" content=\"Color Fest - Festival di Musica | 11 - 12 - 13 Agosto 2026 | in Calabria\" \/>\n<meta property=\"article:publisher\" content=\"http:\/\/facebook.com\/colorfestlamezia\/\" \/>\n<meta property=\"article:published_time\" content=\"2026-03-23T10:44:49+00:00\" \/>\n<meta property=\"article:modified_time\" content=\"2026-03-23T10:44:50+00:00\" \/>\n<meta property=\"og:image\" content=\"https:\/\/colorfest.it\/wp-content\/uploads\/2026\/03\/Sebastien-Tellier-Color-Fest-12-agosto.webp\" \/>\n\t<meta property=\"og:image:width\" content=\"1500\" \/>\n\t<meta property=\"og:image:height\" content=\"1875\" \/>\n\t<meta property=\"og:image:type\" content=\"image\/webp\" \/>\n<meta name=\"author\" content=\"Salvatore Bilotti\" \/>\n<meta name=\"twitter:card\" content=\"summary_large_image\" \/>\n<meta name=\"twitter:label1\" content=\"Verfasst von\" \/>\n\t<meta name=\"twitter:data1\" content=\"Salvatore Bilotti\" \/>\n\t<meta name=\"twitter:label2\" content=\"Gesch\u00e4tzte Lesezeit\" \/>\n\t<meta name=\"twitter:data2\" content=\"7\u00a0Minuten\" \/>\n<script type=\"application\/ld+json\" class=\"yoast-schema-graph\">{\"@context\":\"https:\\\/\\\/schema.org\",\"@graph\":[{\"@type\":\"Article\",\"@id\":\"https:\\\/\\\/colorfest.it\\\/sebastien-tellier-color-fest-2026\\\/#article\",\"isPartOf\":{\"@id\":\"https:\\\/\\\/colorfest.it\\\/sebastien-tellier-color-fest-2026\\\/\"},\"author\":{\"name\":\"Salvatore Bilotti\",\"@id\":\"https:\\\/\\\/colorfest.it\\\/#\\\/schema\\\/person\\\/174195bbe9c056259e2ca3e13087d54b\"},\"headline\":\"S\u00e9bastien Tellier al Color Fest 14: la french touch arriva sulla Riviera dei Tramonti\",\"datePublished\":\"2026-03-23T10:44:49+00:00\",\"dateModified\":\"2026-03-23T10:44:50+00:00\",\"mainEntityOfPage\":{\"@id\":\"https:\\\/\\\/colorfest.it\\\/sebastien-tellier-color-fest-2026\\\/\"},\"wordCount\":1168,\"publisher\":{\"@id\":\"https:\\\/\\\/colorfest.it\\\/#organization\"},\"image\":{\"@id\":\"https:\\\/\\\/colorfest.it\\\/sebastien-tellier-color-fest-2026\\\/#primaryimage\"},\"thumbnailUrl\":\"https:\\\/\\\/colorfest.it\\\/wp-content\\\/uploads\\\/2026\\\/03\\\/Sebastien-Tellier-Color-Fest-12-agosto.webp\",\"articleSection\":[\"Color Fest\"],\"inLanguage\":\"de\"},{\"@type\":\"WebPage\",\"@id\":\"https:\\\/\\\/colorfest.it\\\/sebastien-tellier-color-fest-2026\\\/\",\"url\":\"https:\\\/\\\/colorfest.it\\\/sebastien-tellier-color-fest-2026\\\/\",\"name\":\"S\u00e9bastien Tellier al Color Fest 14: il dandy francese in Calabria\",\"isPartOf\":{\"@id\":\"https:\\\/\\\/colorfest.it\\\/#website\"},\"primaryImageOfPage\":{\"@id\":\"https:\\\/\\\/colorfest.it\\\/sebastien-tellier-color-fest-2026\\\/#primaryimage\"},\"image\":{\"@id\":\"https:\\\/\\\/colorfest.it\\\/sebastien-tellier-color-fest-2026\\\/#primaryimage\"},\"thumbnailUrl\":\"https:\\\/\\\/colorfest.it\\\/wp-content\\\/uploads\\\/2026\\\/03\\\/Sebastien-Tellier-Color-Fest-12-agosto.webp\",\"datePublished\":\"2026-03-23T10:44:49+00:00\",\"dateModified\":\"2026-03-23T10:44:50+00:00\",\"description\":\"S\u00e9bastien Tellier arriva al Color Fest 14 il 12 agosto 2026 a Lamezia Terme. Il maestro della french touch live sulla Riviera dei Tramonti con il nuovo album Kiss The Beast.\",\"breadcrumb\":{\"@id\":\"https:\\\/\\\/colorfest.it\\\/sebastien-tellier-color-fest-2026\\\/#breadcrumb\"},\"inLanguage\":\"de\",\"potentialAction\":[{\"@type\":\"ReadAction\",\"target\":[\"https:\\\/\\\/colorfest.it\\\/sebastien-tellier-color-fest-2026\\\/\"]}]},{\"@type\":\"ImageObject\",\"inLanguage\":\"de\",\"@id\":\"https:\\\/\\\/colorfest.it\\\/sebastien-tellier-color-fest-2026\\\/#primaryimage\",\"url\":\"https:\\\/\\\/colorfest.it\\\/wp-content\\\/uploads\\\/2026\\\/03\\\/Sebastien-Tellier-Color-Fest-12-agosto.webp\",\"contentUrl\":\"https:\\\/\\\/colorfest.it\\\/wp-content\\\/uploads\\\/2026\\\/03\\\/Sebastien-Tellier-Color-Fest-12-agosto.webp\",\"width\":1500,\"height\":1875,\"caption\":\"Sebastien Tellier - Color Fest - 12 agosto\"},{\"@type\":\"BreadcrumbList\",\"@id\":\"https:\\\/\\\/colorfest.it\\\/sebastien-tellier-color-fest-2026\\\/#breadcrumb\",\"itemListElement\":[{\"@type\":\"ListItem\",\"position\":1,\"name\":\"Home\",\"item\":\"https:\\\/\\\/colorfest.it\\\/\"},{\"@type\":\"ListItem\",\"position\":2,\"name\":\"S\u00e9bastien Tellier al Color Fest 14: la french touch arriva sulla Riviera dei Tramonti\"}]},{\"@type\":\"WebSite\",\"@id\":\"https:\\\/\\\/colorfest.it\\\/#website\",\"url\":\"https:\\\/\\\/colorfest.it\\\/\",\"name\":\"Color Fest - Festival di Musica | 11 - 12 - 13 Agosto 2026 | in Calabria\",\"description\":\"Color Fest - Festival di Musica, dal 2013 punto di riferimento per la musica dal vivo &gt;&gt; 11 - 12 - 13 Agosto 2026 Lungomare Falcone Borsellino.\",\"publisher\":{\"@id\":\"https:\\\/\\\/colorfest.it\\\/#organization\"},\"alternateName\":\"Color Fest - Festival di Musica | 11 - 12 - 13 Agosto 2026 @Lungomare Falcone Borsellino\",\"potentialAction\":[{\"@type\":\"SearchAction\",\"target\":{\"@type\":\"EntryPoint\",\"urlTemplate\":\"https:\\\/\\\/colorfest.it\\\/?s={search_term_string}\"},\"query-input\":{\"@type\":\"PropertyValueSpecification\",\"valueRequired\":true,\"valueName\":\"search_term_string\"}}],\"inLanguage\":\"de\"},{\"@type\":\"Organization\",\"@id\":\"https:\\\/\\\/colorfest.it\\\/#organization\",\"name\":\"Che cosa sono le nuvole APS\",\"alternateName\":\"Color Fest\",\"url\":\"https:\\\/\\\/colorfest.it\\\/\",\"logo\":{\"@type\":\"ImageObject\",\"inLanguage\":\"de\",\"@id\":\"https:\\\/\\\/colorfest.it\\\/#\\\/schema\\\/logo\\\/image\\\/\",\"url\":\"https:\\\/\\\/colorfest.it\\\/wp-content\\\/uploads\\\/2022\\\/03\\\/checosasonolenuvole.png\",\"contentUrl\":\"https:\\\/\\\/colorfest.it\\\/wp-content\\\/uploads\\\/2022\\\/03\\\/checosasonolenuvole.png\",\"width\":952,\"height\":844,\"caption\":\"Che cosa sono le nuvole APS\"},\"image\":{\"@id\":\"https:\\\/\\\/colorfest.it\\\/#\\\/schema\\\/logo\\\/image\\\/\"},\"sameAs\":[\"http:\\\/\\\/facebook.com\\\/colorfestlamezia\\\/\",\"http:\\\/\\\/instagram.com\\\/color_fest_\\\/\",\"https:\\\/\\\/www.linkedin.com\\\/company\\\/color-fest\\\/\"],\"description\":\"Color Fest - Festival di Musica, dal 2013 punto di riferimento per la musica dal vivo >> 11 - 12 - 13 Agosto 2026 Lungomare Falcone Borsellino.\",\"email\":\"scrivi@colorfest.it\",\"legalName\":\"Che cosa sono le nuvole APS\",\"foundingDate\":\"2012-10-12\",\"vatID\":\"03309120792\",\"taxID\":\"92029190797\",\"numberOfEmployees\":{\"@type\":\"QuantitativeValue\",\"minValue\":\"11\",\"maxValue\":\"50\"}},{\"@type\":\"Person\",\"@id\":\"https:\\\/\\\/colorfest.it\\\/#\\\/schema\\\/person\\\/174195bbe9c056259e2ca3e13087d54b\",\"name\":\"Salvatore Bilotti\",\"image\":{\"@type\":\"ImageObject\",\"inLanguage\":\"de\",\"@id\":\"https:\\\/\\\/secure.gravatar.com\\\/avatar\\\/ffea54082f2805c177a23aec9bc4121df09c213e6ca8fda40be720241c65e38e?s=96&d=mm&r=g\",\"url\":\"https:\\\/\\\/secure.gravatar.com\\\/avatar\\\/ffea54082f2805c177a23aec9bc4121df09c213e6ca8fda40be720241c65e38e?s=96&d=mm&r=g\",\"contentUrl\":\"https:\\\/\\\/secure.gravatar.com\\\/avatar\\\/ffea54082f2805c177a23aec9bc4121df09c213e6ca8fda40be720241c65e38e?s=96&d=mm&r=g\",\"caption\":\"Salvatore Bilotti\"}}]}<\/script>\n<!-- \/ Yoast SEO Premium plugin. -->","yoast_head_json":{"title":"S\u00e9bastien Tellier beim Color Fest 14: der franz\u00f6sische Dandy in Kalabrien","description":"S\u00e9bastien Tellier kommt zum Color Fest 14 am 12. August 2026 nach Lamezia Terme. Der Meister des franz\u00f6sischen Touches live an der Riviera dei Tramonti mit seinem neuen Album Kiss The Beast.","robots":{"index":"index","follow":"follow","max-snippet":"max-snippet:-1","max-image-preview":"max-image-preview:large","max-video-preview":"max-video-preview:-1"},"canonical":"https:\/\/colorfest.it\/de\/sebastien-tellier-farbenfest-2026\/","og_locale":"de_DE","og_type":"article","og_title":"S\u00e9bastien Tellier al Color Fest 14: la french touch arriva sulla Riviera dei Tramonti","og_description":"Color Fest - Festival di Musica, dal 2013 punto di riferimento per la musica dal vivo >> 11 - 12 - 13 Agosto 2026 Lungomare Falcone Borsellino.","og_url":"https:\/\/colorfest.it\/de\/sebastien-tellier-farbenfest-2026\/","og_site_name":"Color Fest - Festival di Musica | 11 - 12 - 13 Agosto 2026 | in Calabria","article_publisher":"http:\/\/facebook.com\/colorfestlamezia\/","article_published_time":"2026-03-23T10:44:49+00:00","article_modified_time":"2026-03-23T10:44:50+00:00","og_image":[{"width":1500,"height":1875,"url":"https:\/\/colorfest.it\/wp-content\/uploads\/2026\/03\/Sebastien-Tellier-Color-Fest-12-agosto.webp","type":"image\/webp"}],"author":"Salvatore Bilotti","twitter_card":"summary_large_image","twitter_misc":{"Verfasst von":"Salvatore Bilotti","Gesch\u00e4tzte Lesezeit":"7\u00a0Minuten"},"schema":{"@context":"https:\/\/schema.org","@graph":[{"@type":"Article","@id":"https:\/\/colorfest.it\/sebastien-tellier-color-fest-2026\/#article","isPartOf":{"@id":"https:\/\/colorfest.it\/sebastien-tellier-color-fest-2026\/"},"author":{"name":"Salvatore Bilotti","@id":"https:\/\/colorfest.it\/#\/schema\/person\/174195bbe9c056259e2ca3e13087d54b"},"headline":"S\u00e9bastien Tellier al Color Fest 14: la french touch arriva sulla Riviera dei Tramonti","datePublished":"2026-03-23T10:44:49+00:00","dateModified":"2026-03-23T10:44:50+00:00","mainEntityOfPage":{"@id":"https:\/\/colorfest.it\/sebastien-tellier-color-fest-2026\/"},"wordCount":1168,"publisher":{"@id":"https:\/\/colorfest.it\/#organization"},"image":{"@id":"https:\/\/colorfest.it\/sebastien-tellier-color-fest-2026\/#primaryimage"},"thumbnailUrl":"https:\/\/colorfest.it\/wp-content\/uploads\/2026\/03\/Sebastien-Tellier-Color-Fest-12-agosto.webp","articleSection":["Color Fest"],"inLanguage":"de"},{"@type":"WebPage","@id":"https:\/\/colorfest.it\/sebastien-tellier-color-fest-2026\/","url":"https:\/\/colorfest.it\/sebastien-tellier-color-fest-2026\/","name":"S\u00e9bastien Tellier beim Color Fest 14: der franz\u00f6sische Dandy in Kalabrien","isPartOf":{"@id":"https:\/\/colorfest.it\/#website"},"primaryImageOfPage":{"@id":"https:\/\/colorfest.it\/sebastien-tellier-color-fest-2026\/#primaryimage"},"image":{"@id":"https:\/\/colorfest.it\/sebastien-tellier-color-fest-2026\/#primaryimage"},"thumbnailUrl":"https:\/\/colorfest.it\/wp-content\/uploads\/2026\/03\/Sebastien-Tellier-Color-Fest-12-agosto.webp","datePublished":"2026-03-23T10:44:49+00:00","dateModified":"2026-03-23T10:44:50+00:00","description":"S\u00e9bastien Tellier kommt zum Color Fest 14 am 12. August 2026 nach Lamezia Terme. Der Meister des franz\u00f6sischen Touches live an der Riviera dei Tramonti mit seinem neuen Album Kiss The Beast.","breadcrumb":{"@id":"https:\/\/colorfest.it\/sebastien-tellier-color-fest-2026\/#breadcrumb"},"inLanguage":"de","potentialAction":[{"@type":"ReadAction","target":["https:\/\/colorfest.it\/sebastien-tellier-color-fest-2026\/"]}]},{"@type":"ImageObject","inLanguage":"de","@id":"https:\/\/colorfest.it\/sebastien-tellier-color-fest-2026\/#primaryimage","url":"https:\/\/colorfest.it\/wp-content\/uploads\/2026\/03\/Sebastien-Tellier-Color-Fest-12-agosto.webp","contentUrl":"https:\/\/colorfest.it\/wp-content\/uploads\/2026\/03\/Sebastien-Tellier-Color-Fest-12-agosto.webp","width":1500,"height":1875,"caption":"Sebastien Tellier - Color Fest - 12 agosto"},{"@type":"BreadcrumbList","@id":"https:\/\/colorfest.it\/sebastien-tellier-color-fest-2026\/#breadcrumb","itemListElement":[{"@type":"ListItem","position":1,"name":"Home","item":"https:\/\/colorfest.it\/"},{"@type":"ListItem","position":2,"name":"S\u00e9bastien Tellier al Color Fest 14: la french touch arriva sulla Riviera dei Tramonti"}]},{"@type":"WebSite","@id":"https:\/\/colorfest.it\/#website","url":"https:\/\/colorfest.it\/","name":"Color Fest - Musikfestival | 11 - 12 - 13 August 2026 | in Kalabrien","description":"Color Fest - Musikfestival, seit 2013 ein Bezugspunkt f\u00fcr Live-Musik &gt;&gt; 11 - 12 - 13 August 2026 Lungomare Falcone Borsellino","publisher":{"@id":"https:\/\/colorfest.it\/#organization"},"alternateName":"Color Fest - Festival di Musica | 11 - 12 - 13 Agosto 2026 @Lungomare Falcone Borsellino","potentialAction":[{"@type":"SearchAction","target":{"@type":"EntryPoint","urlTemplate":"https:\/\/colorfest.it\/?s={search_term_string}"},"query-input":{"@type":"PropertyValueSpecification","valueRequired":true,"valueName":"search_term_string"}}],"inLanguage":"de"},{"@type":"Organization","@id":"https:\/\/colorfest.it\/#organization","name":"Was sind APS-Wolken?","alternateName":"Color Fest","url":"https:\/\/colorfest.it\/","logo":{"@type":"ImageObject","inLanguage":"de","@id":"https:\/\/colorfest.it\/#\/schema\/logo\/image\/","url":"https:\/\/colorfest.it\/wp-content\/uploads\/2022\/03\/checosasonolenuvole.png","contentUrl":"https:\/\/colorfest.it\/wp-content\/uploads\/2022\/03\/checosasonolenuvole.png","width":952,"height":844,"caption":"Che cosa sono le nuvole APS"},"image":{"@id":"https:\/\/colorfest.it\/#\/schema\/logo\/image\/"},"sameAs":["http:\/\/facebook.com\/colorfestlamezia\/","http:\/\/instagram.com\/color_fest_\/","https:\/\/www.linkedin.com\/company\/color-fest\/"],"description":"Color Fest - Musikfestival, seit 2013 ein Bezugspunkt f\u00fcr Live-Musik &gt;&gt; 11 - 12 - 13 August 2026 Lungomare Falcone Borsellino","email":"scrivi@colorfest.it","legalName":"Che cosa sono le nuvole APS","foundingDate":"2012-10-12","vatID":"03309120792","taxID":"92029190797","numberOfEmployees":{"@type":"QuantitativeValue","minValue":"11","maxValue":"50"}},{"@type":"Person","@id":"https:\/\/colorfest.it\/#\/schema\/person\/174195bbe9c056259e2ca3e13087d54b","name":"Salvatore Bilotti","image":{"@type":"ImageObject","inLanguage":"de","@id":"https:\/\/secure.gravatar.com\/avatar\/ffea54082f2805c177a23aec9bc4121df09c213e6ca8fda40be720241c65e38e?s=96&d=mm&r=g","url":"https:\/\/secure.gravatar.com\/avatar\/ffea54082f2805c177a23aec9bc4121df09c213e6ca8fda40be720241c65e38e?s=96&d=mm&r=g","contentUrl":"https:\/\/secure.gravatar.com\/avatar\/ffea54082f2805c177a23aec9bc4121df09c213e6ca8fda40be720241c65e38e?s=96&d=mm&r=g","caption":"Salvatore Bilotti"}}]}},"_links":{"self":[{"href":"https:\/\/colorfest.it\/de\/wp-json\/wp\/v2\/posts\/25169","targetHints":{"allow":["GET"]}}],"collection":[{"href":"https:\/\/colorfest.it\/de\/wp-json\/wp\/v2\/posts"}],"about":[{"href":"https:\/\/colorfest.it\/de\/wp-json\/wp\/v2\/types\/post"}],"author":[{"embeddable":true,"href":"https:\/\/colorfest.it\/de\/wp-json\/wp\/v2\/users\/7"}],"replies":[{"embeddable":true,"href":"https:\/\/colorfest.it\/de\/wp-json\/wp\/v2\/comments?post=25169"}],"version-history":[{"count":0,"href":"https:\/\/colorfest.it\/de\/wp-json\/wp\/v2\/posts\/25169\/revisions"}],"wp:featuredmedia":[{"embeddable":true,"href":"https:\/\/colorfest.it\/de\/wp-json\/wp\/v2\/media\/25074"}],"wp:attachment":[{"href":"https:\/\/colorfest.it\/de\/wp-json\/wp\/v2\/media?parent=25169"}],"wp:term":[{"taxonomy":"category","embeddable":true,"href":"https:\/\/colorfest.it\/de\/wp-json\/wp\/v2\/categories?post=25169"},{"taxonomy":"post_tag","embeddable":true,"href":"https:\/\/colorfest.it\/de\/wp-json\/wp\/v2\/tags?post=25169"}],"curies":[{"name":"wp","href":"https:\/\/api.w.org\/{rel}","templated":true}]}}