{"id":13909,"date":"2023-02-21T14:20:58","date_gmt":"2023-02-21T13:20:58","guid":{"rendered":"https:\/\/colorfest.it\/?p=13909"},"modified":"2023-02-24T17:12:53","modified_gmt":"2023-02-24T16:12:53","slug":"verdena-kehrt-zum-farbenfest-zuruck","status":"publish","type":"post","link":"https:\/\/colorfest.it\/de\/i-verdena-ritornano-al-color-fest\/","title":{"rendered":"VERDENA kehren zum Color Fest zur\u00fcck"},"content":{"rendered":"<div data-elementor-type=\"wp-post\" data-elementor-id=\"13909\" class=\"elementor elementor-13909\" data-elementor-post-type=\"post\">\n\t\t\t\t\t\t<section class=\"elementor-section elementor-top-section elementor-element elementor-element-fb541e3 elementor-section-full_width elementor-section-stretched elementor-section-height-default elementor-section-height-default\" data-id=\"fb541e3\" data-element_type=\"section\" data-e-type=\"section\" data-settings=\"{&quot;stretch_section&quot;:&quot;section-stretched&quot;,&quot;background_background&quot;:&quot;classic&quot;}\">\n\t\t\t\t\t\t\t<div class=\"elementor-background-overlay\"><\/div>\n\t\t\t\t\t\t\t<div class=\"elementor-container elementor-column-gap-default\">\n\t\t\t\t\t<div class=\"elementor-column elementor-col-100 elementor-top-column elementor-element elementor-element-af21305\" data-id=\"af21305\" data-element_type=\"column\" data-e-type=\"column\">\n\t\t\t<div class=\"elementor-widget-wrap elementor-element-populated\">\n\t\t\t\t\t\t<div class=\"elementor-element elementor-element-399ee7c elementor-widget elementor-widget-text-editor\" data-id=\"399ee7c\" data-element_type=\"widget\" data-e-type=\"widget\" data-widget_type=\"text-editor.default\">\n\t\t\t\t<div class=\"elementor-widget-container\">\n\t\t\t\t\t\t\t\t\t<p>I <span style=\"color: #369646;\">VERDENA<\/span>\u00a0zur\u00fcck zu Color Fest\u00a0<\/p>\t\t\t\t\t\t\t\t<\/div>\n\t\t\t\t<\/div>\n\t\t\t\t\t<\/div>\n\t\t<\/div>\n\t\t\t\t\t<\/div>\n\t\t<\/section>\n\t\t\t\t<section class=\"elementor-section elementor-top-section elementor-element elementor-element-2d57d77 elementor-hidden-tablet elementor-hidden-mobile elementor-section-boxed elementor-section-height-default elementor-section-height-default\" data-id=\"2d57d77\" data-element_type=\"section\" data-e-type=\"section\">\n\t\t\t\t\t\t<div class=\"elementor-container elementor-column-gap-default\">\n\t\t\t\t\t<div class=\"elementor-column elementor-col-100 elementor-top-column elementor-element elementor-element-9cd00b4\" data-id=\"9cd00b4\" data-element_type=\"column\" data-e-type=\"column\">\n\t\t\t<div class=\"elementor-widget-wrap elementor-element-populated\">\n\t\t\t\t\t\t<div class=\"elementor-element elementor-element-2276a26 elementor-widget elementor-widget-text-editor\" data-id=\"2276a26\" data-element_type=\"widget\" data-e-type=\"widget\" data-widget_type=\"text-editor.default\">\n\t\t\t\t<div class=\"elementor-widget-container\">\n\t\t\t\t\t\t\t\t\t<p><strong>VERDENA<\/strong> auf dem Color Fest am 12. August<\/p><p>\u00a0<\/p><p style=\"text-align: center;\"><span style=\"font-size: 24pt;\">Sie wollten Magie, und hier ist sie!<\/span><\/p><p style=\"text-align: center;\"><span style=\"font-size: 24pt;\">\u00a0<\/span><\/p><p>Von Colour 3 bis Colour 11, VERDENA kehren mit ihrer Musik nach Kalabrien auf unsere B\u00fchne zur\u00fcck. Mehr als eine Live-Show, ein un\u00fcbersehbares Erlebnis.<\/p>\t\t\t\t\t\t\t\t<\/div>\n\t\t\t\t<\/div>\n\t\t\t\t<div class=\"elementor-element elementor-element-e07db26 elementor-widget elementor-widget-text-editor\" data-id=\"e07db26\" data-element_type=\"widget\" data-e-type=\"widget\" data-widget_type=\"text-editor.default\">\n\t\t\t\t<div class=\"elementor-widget-container\">\n\t\t\t\t\t\t\t\t\t<p>Nach der Ank\u00fcndigung der <a href=\"https:\/\/colorfest.it\/de\/franz-ferdinand-beim-farbenfest\/\">Franz Ferdinand<\/a>f\u00e4hrt die <a href=\"https:\/\/colorfest.it\/de\/auflistung\/\">Auflistung<\/a> der 11. Ausgabe, bei der Verdena nach acht Jahren zum Color Fest zur\u00fcckkehrt.<\/p><p>Die italienische Band ist in ganz Italien und im Ausland sehr beliebt, und ihre R\u00fcckkehr zum Festival wurde von den Musikfans mit gro\u00dfer Begeisterung aufgenommen.<\/p><p><a href=\"https:\/\/dice.fm\/bundles\/color-fest-11-5wy8%20\"><img fetchpriority=\"high\" decoding=\"async\" class=\"size-medium wp-image-13984 alignright\" src=\"https:\/\/colorfest.it\/wp-content\/uploads\/2023\/02\/Verdena-Color-Fest_-300x300.jpg\" alt=\"\" width=\"300\" height=\"300\" srcset=\"https:\/\/colorfest.it\/wp-content\/uploads\/2023\/02\/Verdena-Color-Fest_-300x300.jpg 300w, https:\/\/colorfest.it\/wp-content\/uploads\/2023\/02\/Verdena-Color-Fest_-100x100.jpg 100w, https:\/\/colorfest.it\/wp-content\/uploads\/2023\/02\/Verdena-Color-Fest_-1024x1024.jpg 1024w, https:\/\/colorfest.it\/wp-content\/uploads\/2023\/02\/Verdena-Color-Fest_-150x150.jpg 150w, https:\/\/colorfest.it\/wp-content\/uploads\/2023\/02\/Verdena-Color-Fest_-768x768.jpg 768w, https:\/\/colorfest.it\/wp-content\/uploads\/2023\/02\/Verdena-Color-Fest_-12x12.jpg 12w, https:\/\/colorfest.it\/wp-content\/uploads\/2023\/02\/Verdena-Color-Fest_-650x650.jpg 650w, https:\/\/colorfest.it\/wp-content\/uploads\/2023\/02\/Verdena-Color-Fest_.jpg 1080w\" sizes=\"(max-width: 300px) 100vw, 300px\" \/><\/a><\/p><p>Das Konzert von <a href=\"https:\/\/www.verdena.com\/\">Verdena<\/a> findet im Herzen Kalabriens statt und ist eine einmalige Gelegenheit, die Kultur und Sch\u00f6nheit dieser italienischen Region zu genie\u00dfen. Aber es ist nicht nur das Konzert, das die Besucher anzieht: Das Color Fest bietet auch die M\u00f6glichkeit eines 2-Tages- oder 3-Tages-Passes, mit dem Sie das Verdena-Konzert mit dem von Franz Ferdinand und vielen anderen K\u00fcnstlern, die am 11. und 13. August auftreten, kombinieren k\u00f6nnen.<\/p><p>Die italienische Band Verdena ist bekannt f\u00fcr ihren Rocksound, der das Publikum auf der ganzen Welt in seinen Bann gezogen hat. Nach einer mehrj\u00e4hrigen Pause ist die Band bereit, auf die B\u00fchne zur\u00fcckzukehren, um all ihren Fans eine unvergessliche Show zu bieten.<\/p><p>Aber Verdena ist nicht der einzige Grund, das Color Fest zu besuchen. Kalabrien bietet ein breites Spektrum an Aktivit\u00e4ten und Sehensw\u00fcrdigkeiten, die Ihren Urlaub zu einem einzigartigen Erlebnis machen werden. Von antiken arch\u00e4ologischen St\u00e4tten bis hin zu wundersch\u00f6nen Str\u00e4nden - Kalabrien ist eine Region, die eine perfekte Mischung aus Geschichte, Kultur und Spa\u00df bietet.<\/p><p>F\u00fcr Feinschmecker bietet Kalabrien eine k\u00f6stliche K\u00fcche, die auf frischen, hochwertigen Zutaten basiert. Es ist eine Region mit einer starken gastronomischen Tradition, mit Gerichten wie Nduja, w\u00fcrziger Wurst und der ber\u00fchmten Zwiebel aus Tropea.<\/p><p>Dar\u00fcber hinaus ist Kalabrien auch f\u00fcr seine unber\u00fchrte Natur und spektakul\u00e4ren Landschaften bekannt, wie die ber\u00fchmte K\u00fcste der G\u00f6tter. Die Region bietet zahlreiche Outdoor-Aktivit\u00e4ten, wie Wandern, Reiten, Tauchen und vieles mehr.<\/p><p>Das Color Fest ist eine einzigartige Gelegenheit, ein fantastisches Verdena-Konzert in der einzigartigen Umgebung Kalabriens zu genie\u00dfen. Mit der Anwesenheit von internationalen K\u00fcnstlern wie Franz Ferdinand und einem breiten Angebot an Aktivit\u00e4ten und Sehensw\u00fcrdigkeiten ist diese italienische Region der perfekte Ort f\u00fcr einen unvergesslichen Urlaub. Verpassen Sie nicht die Gelegenheit, das Color Fest zu besuchen und alles zu entdecken, was Kalabrien zu bieten hat!<\/p>\t\t\t\t\t\t\t\t<\/div>\n\t\t\t\t<\/div>\n\t\t\t\t<div class=\"elementor-element elementor-element-7d58098 elementor-widget elementor-widget-html\" data-id=\"7d58098\" data-element_type=\"widget\" data-e-type=\"widget\" data-widget_type=\"html.default\">\n\t\t\t\t<div class=\"elementor-widget-container\">\n\t\t\t\t\t<iframe style=\"border-radius:12px\" src=\"https:\/\/open.spotify.com\/embed\/track\/0eXESbsLqIzKkvXUmkVqDO?utm_source=generator\" width=\"100%\" height=\"152\" frameborder=\"0\" allowfullscreen=\"\" allow=\"autoplay; clipboard-write; encrypted-media; fullscreen; picture-in-picture\" loading=\"lazy\"><\/iframe>\t\t\t\t<\/div>\n\t\t\t\t<\/div>\n\t\t\t\t<div class=\"elementor-element elementor-element-7908e95 elementor-widget elementor-widget-text-editor\" data-id=\"7908e95\" data-element_type=\"widget\" data-e-type=\"widget\" data-widget_type=\"text-editor.default\">\n\t\t\t\t<div class=\"elementor-widget-container\">\n\t\t\t\t\t\t\t\t\t<p>Verdena sind Alberto Ferrari (Gitarre und Gesang), Roberta (Bass) und Luca Ferrari (Schlagzeug). Alberto und Luca sind Br\u00fcder, leben in Albino (BG) und erkundeten verschiedene Musikrichtungen, bevor sie Roberta, Ex-Gitarristin einer Punkband aus Bergamo, kennenlernten.<\/p><p>Urspr\u00fcnglich von Nirvana, aber auch von Psychedelia und 70er-Jahre-Rock beeinflusst, wurden Verdena erst lokal bekannt, als ein Demo von ihnen die Aufmerksamkeit mehrerer Labels erregte. Von Universal unter Vertrag genommen, feilten sie an ihren Live-Qualit\u00e4ten, bevor sie mit der Single \"Valvonauta\" und dem Album VERDENA deb\u00fctierten, das 1999 erschien und von Giorgio Canali von CSI produziert wurde. Dank zahlreicher Ausstrahlungen auf MTV wurde die Single zu einem Hit und etablierte Verdena als eine der vielversprechendsten Bands der italienischen Szene.<\/p><p>Auftritte auf den B\u00fchnen der wichtigsten italienischen Rockfestivals festigten den Ruhm der Gruppe weiter. Das zweite Album SOLO UN GRANDE SASSO, das dieses Mal von Afterhours-Chef Manuel Agnelli produziert wurde, erschien 2001, mit der Single \"Spaceman\" als Vorbote.<\/p><p><br \/>2004 erschien das dritte Album THE SUICIDE OF THE SAMURAI, das erste, das komplett von der Band selbst produziert wurde. Ende 2006 wurde das vierte Album der Band angek\u00fcndigt, das im M\u00e4rz 2007 unter dem Titel REQUIEM ver\u00f6ffentlicht wurde. Gleichzeitig k\u00fcndigte die Band eine Tournee f\u00fcr den gleichen Zeitraum an.<\/p><p><br \/>Am Ende der Reise zog sich Verdena in das Valle Lujo am Fu\u00dfe des Monte Misma (Bergamo) zur\u00fcck, wo sie drei Jahre lang nur wenig von sich h\u00f6ren lie\u00dfen.<br \/>Im Januar 2011 wurde das f\u00fcnfte diskografische Kapitel WOW ver\u00f6ffentlicht, ein Doppelalbum mit 27 Songs.<br \/>Im Jahr 2013 gab die Band bekannt, dass sie an einem neuen Album arbeitet. Die erste Nachricht kommt Ende 2014: das Werk wird doppelt sein und in zwei Teilen ver\u00f6ffentlicht werden, der erste davon Ende Januar 2015: er tr\u00e4gt den Titel ENDKADENZ. Ende August, nach einer triumphalen Tournee, kommt ENDKADENZ VOL. 2<\/p>\t\t\t\t\t\t\t\t<\/div>\n\t\t\t\t<\/div>\n\t\t\t\t<div class=\"elementor-element elementor-element-4c52589 elementor-widget elementor-widget-text-editor\" data-id=\"4c52589\" data-element_type=\"widget\" data-e-type=\"widget\" data-widget_type=\"text-editor.default\">\n\t\t\t\t<div class=\"elementor-widget-container\">\n\t\t\t\t\t\t\t\t\t<p><span style=\"font-size: 14pt;\"><img decoding=\"async\" class=\"emoji aligncenter\" role=\"img\" draggable=\"false\" src=\"https:\/\/s.w.org\/images\/core\/emoji\/14.0.0\/svg\/1f39f.svg\" alt=\"\ud83c\udf9f\ufe0f\" \/><\/span><span style=\"font-size: 14pt;\">\ud835\udc01\ud835\udc22\ud835\udc20\ud835\udc25\ud835\udc22\ud835\udc1e\ud835\udc2d\ud835\udc2d\ud835\udc22:<\/span><\/p>\t\t\t\t\t\t\t\t<\/div>\n\t\t\t\t<\/div>\n\t\t\t\t<div class=\"elementor-element elementor-element-4f14a4a elementor-widget elementor-widget-premium-addon-button\" data-id=\"4f14a4a\" data-element_type=\"widget\" data-e-type=\"widget\" data-widget_type=\"premium-addon-button.default\">\n\t\t\t\t<div class=\"elementor-widget-container\">\n\t\t\t\t\t\n\n\t\t<a class=\"premium-button premium-button-style5 premium-btn-lg premium-button-style5-radialin\" href=\"https:\/\/dice.fm\/bundles\/color-fest-11-5wy8\">\n\t\t\t<div class=\"premium-button-text-icon-wrapper\">\n\t\t\t\t\n\t\t\t\t\t\t\t\t\t<span >\n\t\t\t\t\t\tJetzt kaufen\t\t\t\t\t<\/span>\n\t\t\t\t\t\t\t<\/div>\n\n\t\t\t\n\t\t\t\n\t\t\t\n\t\t<\/a>\n\n\n\t\t\t\t\t\t<\/div>\n\t\t\t\t<\/div>\n\t\t\t\t\t<\/div>\n\t\t<\/div>\n\t\t\t\t\t<\/div>\n\t\t<\/section>\n\t\t\t\t<section class=\"elementor-section elementor-top-section elementor-element elementor-element-4e4b77f elementor-hidden-desktop elementor-section-boxed elementor-section-height-default elementor-section-height-default\" data-id=\"4e4b77f\" data-element_type=\"section\" data-e-type=\"section\">\n\t\t\t\t\t\t<div class=\"elementor-container elementor-column-gap-default\">\n\t\t\t\t\t<div class=\"elementor-column elementor-col-100 elementor-top-column elementor-element elementor-element-bc30315\" data-id=\"bc30315\" data-element_type=\"column\" data-e-type=\"column\">\n\t\t\t<div class=\"elementor-widget-wrap elementor-element-populated\">\n\t\t\t\t\t\t<div class=\"elementor-element elementor-element-754c130 elementor-widget elementor-widget-text-editor\" data-id=\"754c130\" data-element_type=\"widget\" data-e-type=\"widget\" data-widget_type=\"text-editor.default\">\n\t\t\t\t<div class=\"elementor-widget-container\">\n\t\t\t\t\t\t\t\t\t<p><strong>VERDENA<\/strong>\u00a0auf dem Color Fest am 12. August<\/p><p>Sie wollten Magie, und hier ist sie!<\/p><p>Von Colour 3 bis Colour 11, VERDENA kehren mit ihrer Musik nach Kalabrien auf unsere B\u00fchne zur\u00fcck. Mehr als eine Live-Show, ein un\u00fcbersehbares Erlebnis.<\/p>\t\t\t\t\t\t\t\t<\/div>\n\t\t\t\t<\/div>\n\t\t\t\t<div class=\"elementor-element elementor-element-ea80c47 elementor-widget elementor-widget-image\" data-id=\"ea80c47\" data-element_type=\"widget\" data-e-type=\"widget\" data-widget_type=\"image.default\">\n\t\t\t\t<div class=\"elementor-widget-container\">\n\t\t\t\t\t\t\t\t\t\t\t\t\t\t\t<img decoding=\"async\" width=\"800\" height=\"800\" src=\"https:\/\/colorfest.it\/wp-content\/uploads\/2023\/02\/Verdena-Color-Fest_-1024x1024.jpg\" class=\"attachment-large size-large wp-image-13984\" alt=\"\" srcset=\"https:\/\/colorfest.it\/wp-content\/uploads\/2023\/02\/Verdena-Color-Fest_-1024x1024.jpg 1024w, https:\/\/colorfest.it\/wp-content\/uploads\/2023\/02\/Verdena-Color-Fest_-100x100.jpg 100w, https:\/\/colorfest.it\/wp-content\/uploads\/2023\/02\/Verdena-Color-Fest_-300x300.jpg 300w, https:\/\/colorfest.it\/wp-content\/uploads\/2023\/02\/Verdena-Color-Fest_-150x150.jpg 150w, https:\/\/colorfest.it\/wp-content\/uploads\/2023\/02\/Verdena-Color-Fest_-768x768.jpg 768w, https:\/\/colorfest.it\/wp-content\/uploads\/2023\/02\/Verdena-Color-Fest_-12x12.jpg 12w, https:\/\/colorfest.it\/wp-content\/uploads\/2023\/02\/Verdena-Color-Fest_-650x650.jpg 650w, https:\/\/colorfest.it\/wp-content\/uploads\/2023\/02\/Verdena-Color-Fest_.jpg 1080w\" sizes=\"(max-width: 800px) 100vw, 800px\" \/>\t\t\t\t\t\t\t\t\t\t\t\t\t\t\t<\/div>\n\t\t\t\t<\/div>\n\t\t\t\t<div class=\"elementor-element elementor-element-c1d5b04 elementor-widget elementor-widget-text-editor\" data-id=\"c1d5b04\" data-element_type=\"widget\" data-e-type=\"widget\" data-widget_type=\"text-editor.default\">\n\t\t\t\t<div class=\"elementor-widget-container\">\n\t\t\t\t\t\t\t\t\t<p>Nach der Ank\u00fcndigung der <a href=\"https:\/\/colorfest.it\/de\/franz-ferdinand-beim-farbenfest\/\">Franz Ferdinand<\/a>f\u00e4hrt die <a href=\"https:\/\/colorfest.it\/de\/auflistung\/\">Auflistung<\/a> der 11. Ausgabe, bei der Verdena nach acht Jahren zum Color Fest zur\u00fcckkehrt.<\/p><p>Die italienische Band ist in ganz Italien und im Ausland sehr beliebt, und ihre R\u00fcckkehr zum Festival wurde von den Musikfans mit gro\u00dfer Begeisterung aufgenommen.<\/p><p>Das Konzert von <a href=\"https:\/\/www.verdena.com\/\">Verdena<\/a> findet im Herzen Kalabriens statt und ist eine einmalige Gelegenheit, die Kultur und Sch\u00f6nheit dieser italienischen Region zu genie\u00dfen. Aber es ist nicht nur das Konzert, das die Besucher anzieht: Das Color Fest bietet auch die M\u00f6glichkeit eines 2-Tages- oder 3-Tages-Passes, mit dem Sie das Verdena-Konzert mit dem von Franz Ferdinand und vielen anderen K\u00fcnstlern, die am 11. und 13. August auftreten, kombinieren k\u00f6nnen.<\/p><p>Die italienische Band Verdena ist bekannt f\u00fcr ihren Rocksound, der das Publikum auf der ganzen Welt in seinen Bann gezogen hat. Nach einer mehrj\u00e4hrigen Pause ist die Band bereit, auf die B\u00fchne zur\u00fcckzukehren, um all ihren Fans eine unvergessliche Show zu bieten.<\/p><p>Aber Verdena ist nicht der einzige Grund, das Color Fest zu besuchen. Kalabrien bietet ein breites Spektrum an Aktivit\u00e4ten und Sehensw\u00fcrdigkeiten, die Ihren Urlaub zu einem einzigartigen Erlebnis machen werden. Von antiken arch\u00e4ologischen St\u00e4tten bis hin zu wundersch\u00f6nen Str\u00e4nden - Kalabrien ist eine Region, die eine perfekte Mischung aus Geschichte, Kultur und Spa\u00df bietet.<\/p><p>F\u00fcr Feinschmecker bietet Kalabrien eine k\u00f6stliche K\u00fcche, die auf frischen, hochwertigen Zutaten basiert. Es ist eine Region mit einer starken gastronomischen Tradition, mit Gerichten wie Nduja, w\u00fcrziger Wurst und der ber\u00fchmten Zwiebel aus Tropea.<\/p><p>Dar\u00fcber hinaus ist Kalabrien auch f\u00fcr seine unber\u00fchrte Natur und spektakul\u00e4ren Landschaften bekannt, wie die ber\u00fchmte K\u00fcste der G\u00f6tter. Die Region bietet zahlreiche Outdoor-Aktivit\u00e4ten, wie Wandern, Reiten, Tauchen und vieles mehr.<\/p><p>Das Color Fest ist eine einzigartige Gelegenheit, ein fantastisches Verdena-Konzert in der einzigartigen Umgebung Kalabriens zu genie\u00dfen. Mit der Anwesenheit von internationalen K\u00fcnstlern wie Franz Ferdinand und einem breiten Angebot an Aktivit\u00e4ten und Sehensw\u00fcrdigkeiten ist diese italienische Region der perfekte Ort f\u00fcr einen unvergesslichen Urlaub. Verpassen Sie nicht die Gelegenheit, das Color Fest zu besuchen und alles zu entdecken, was Kalabrien zu bieten hat!<\/p>\t\t\t\t\t\t\t\t<\/div>\n\t\t\t\t<\/div>\n\t\t\t\t<div class=\"elementor-element elementor-element-c1791a1 elementor-widget elementor-widget-html\" data-id=\"c1791a1\" data-element_type=\"widget\" data-e-type=\"widget\" data-widget_type=\"html.default\">\n\t\t\t\t<div class=\"elementor-widget-container\">\n\t\t\t\t\t<iframe style=\"border-radius:12px\" src=\"https:\/\/open.spotify.com\/embed\/track\/0eXESbsLqIzKkvXUmkVqDO?utm_source=generator\" width=\"100%\" height=\"152\" frameborder=\"0\" allowfullscreen=\"\" allow=\"autoplay; clipboard-write; encrypted-media; fullscreen; picture-in-picture\" loading=\"lazy\"><\/iframe>\t\t\t\t<\/div>\n\t\t\t\t<\/div>\n\t\t\t\t<div class=\"elementor-element elementor-element-5ec60d5 elementor-widget elementor-widget-text-editor\" data-id=\"5ec60d5\" data-element_type=\"widget\" data-e-type=\"widget\" data-widget_type=\"text-editor.default\">\n\t\t\t\t<div class=\"elementor-widget-container\">\n\t\t\t\t\t\t\t\t\t<p>Verdena sind Alberto Ferrari (Gitarre und Gesang), Roberta (Bass) und Luca Ferrari (Schlagzeug). Alberto und Luca sind Br\u00fcder, leben in Albino (BG) und erkundeten verschiedene Musikrichtungen, bevor sie Roberta, Ex-Gitarristin einer Punkband aus Bergamo, kennenlernten.<\/p><p>Urspr\u00fcnglich von Nirvana, aber auch von Psychedelia und 70er-Jahre-Rock beeinflusst, wurden Verdena erst lokal bekannt, als ein Demo von ihnen die Aufmerksamkeit mehrerer Labels erregte. Von Universal unter Vertrag genommen, feilten sie an ihren Live-Qualit\u00e4ten, bevor sie mit der Single \"Valvonauta\" und dem Album VERDENA deb\u00fctierten, das 1999 erschien und von Giorgio Canali von CSI produziert wurde. Dank zahlreicher Ausstrahlungen auf MTV wurde die Single zu einem Hit und etablierte Verdena als eine der vielversprechendsten Bands der italienischen Szene.<\/p><p>Auftritte auf den B\u00fchnen der wichtigsten italienischen Rockfestivals festigten den Ruhm der Gruppe weiter. Das zweite Album SOLO UN GRANDE SASSO, das dieses Mal von Afterhours-Chef Manuel Agnelli produziert wurde, erschien 2001, mit der Single \"Spaceman\" als Vorbote.<\/p><p>2004 erschien das dritte Album THE SUICIDE OF THE SAMURAI, das erste, das komplett von der Band selbst produziert wurde. Ende 2006 wurde das vierte Album der Band angek\u00fcndigt, das im M\u00e4rz 2007 unter dem Titel REQUIEM ver\u00f6ffentlicht wurde. Gleichzeitig k\u00fcndigte die Band eine Tournee f\u00fcr den gleichen Zeitraum an.<\/p><p>Am Ende der Reise zog sich Verdena in das Valle Lujo am Fu\u00dfe des Monte Misma (Bergamo) zur\u00fcck, wo sie drei Jahre lang nur wenig von sich h\u00f6ren lie\u00dfen.<br \/>Im Januar 2011 wurde das f\u00fcnfte diskografische Kapitel WOW ver\u00f6ffentlicht, ein Doppelalbum mit 27 Songs.<br \/>Im Jahr 2013 gab die Band bekannt, dass sie an einem neuen Album arbeitet. Die erste Nachricht kommt Ende 2014: das Werk wird doppelt sein und in zwei Teilen ver\u00f6ffentlicht werden, der erste davon Ende Januar 2015: er tr\u00e4gt den Titel ENDKADENZ. Ende August, nach einer triumphalen Tournee, kommt ENDKADENZ VOL. 2<\/p>\t\t\t\t\t\t\t\t<\/div>\n\t\t\t\t<\/div>\n\t\t\t\t<div class=\"elementor-element elementor-element-d0bdd97 elementor-widget elementor-widget-text-editor\" data-id=\"d0bdd97\" data-element_type=\"widget\" data-e-type=\"widget\" data-widget_type=\"text-editor.default\">\n\t\t\t\t<div class=\"elementor-widget-container\">\n\t\t\t\t\t\t\t\t\t<p><span style=\"font-size: 14pt;\"><img decoding=\"async\" class=\"emoji aligncenter\" role=\"img\" draggable=\"false\" src=\"https:\/\/s.w.org\/images\/core\/emoji\/14.0.0\/svg\/1f39f.svg\" alt=\"\ud83c\udf9f\ufe0f\" \/><\/span><span style=\"font-size: 14pt;\">\ud835\udc01\ud835\udc22\ud835\udc20\ud835\udc25\ud835\udc22\ud835\udc1e\ud835\udc2d\ud835\udc2d\ud835\udc22:<\/span><\/p>\t\t\t\t\t\t\t\t<\/div>\n\t\t\t\t<\/div>\n\t\t\t\t<div class=\"elementor-element elementor-element-93d2ae3 elementor-widget elementor-widget-premium-addon-button\" data-id=\"93d2ae3\" data-element_type=\"widget\" data-e-type=\"widget\" data-widget_type=\"premium-addon-button.default\">\n\t\t\t\t<div class=\"elementor-widget-container\">\n\t\t\t\t\t\n\n\t\t<a class=\"premium-button premium-button-style5 premium-btn-lg premium-button-style5-radialin\" href=\"https:\/\/dice.fm\/bundles\/color-fest-11-5wy8\">\n\t\t\t<div class=\"premium-button-text-icon-wrapper\">\n\t\t\t\t\n\t\t\t\t\t\t\t\t\t<span >\n\t\t\t\t\t\tJetzt kaufen\t\t\t\t\t<\/span>\n\t\t\t\t\t\t\t<\/div>\n\n\t\t\t\n\t\t\t\n\t\t\t\n\t\t<\/a>\n\n\n\t\t\t\t\t\t<\/div>\n\t\t\t\t<\/div>\n\t\t\t\t\t<\/div>\n\t\t<\/div>\n\t\t\t\t\t<\/div>\n\t\t<\/section>\n\t\t\t\t<section class=\"elementor-section elementor-top-section elementor-element elementor-element-c167de4 elementor-section-boxed elementor-section-height-default elementor-section-height-default\" data-id=\"c167de4\" data-element_type=\"section\" data-e-type=\"section\">\n\t\t\t\t\t\t<div class=\"elementor-container elementor-column-gap-default\">\n\t\t\t\t\t<div class=\"elementor-column elementor-col-100 elementor-top-column elementor-element elementor-element-ae2806d\" data-id=\"ae2806d\" data-element_type=\"column\" data-e-type=\"column\">\n\t\t\t<div class=\"elementor-widget-wrap elementor-element-populated\">\n\t\t\t\t\t\t<div class=\"elementor-element elementor-element-ec7b26e elementor-widget elementor-widget-text-editor\" data-id=\"ec7b26e\" data-element_type=\"widget\" data-e-type=\"widget\" data-widget_type=\"text-editor.default\">\n\t\t\t\t<div class=\"elementor-widget-container\">\n\t\t\t\t\t\t\t\t\t<p><span style=\"font-size: 14pt; color: var( --e-global-color-text ); letter-spacing: 0.35px;\">Grafische Gestaltung: <\/span><strong><span style=\"color: #ca5a8d;\"><a style=\"font-size: 14pt; letter-spacing: 0.35px; background-color: #97d0ba; color: #ca5a8d;\" href=\"http:\/\/robertogentili.it\/\">Roberto Gentili<\/a><\/span><\/strong><\/p>\t\t\t\t\t\t\t\t<\/div>\n\t\t\t\t<\/div>\n\t\t\t\t\t<\/div>\n\t\t<\/div>\n\t\t\t\t\t<\/div>\n\t\t<\/section>\n\t\t\t\t<\/div>","protected":false},"excerpt":{"rendered":"<p>I VERDENA&nbsp;ritornano al Color Fest&nbsp; VERDENA al Color Fest il 12 Agosto Volevate magia, ed eccola qui! Dal Color 3 al Color 11 i VERDENA ritornano in Calabria sul nostro palco con la loro musica. Pi\u00f9 che un live, una esperienza imperdibile. Dopo l&#8217;annuncio dei Franz Ferdinand, continua la lineup dell&#8217;undicesima edizione con i Verdena [&hellip;]<\/p>\n","protected":false},"author":7,"featured_media":13984,"comment_status":"closed","ping_status":"closed","sticky":false,"template":"","format":"standard","meta":{"_acf_changed":false,"footnotes":""},"categories":[1],"tags":[],"class_list":["post-13909","post","type-post","status-publish","format-standard","has-post-thumbnail","hentry","category-color-fest"],"acf":[],"yoast_head":"<!-- This site is optimized with the Yoast SEO Premium plugin v27.3 (Yoast SEO v27.4) - https:\/\/yoast.com\/product\/yoast-seo-premium-wordpress\/ -->\n<title>I Verdena ritornano al Color Fest | 12 Agosto in Calabria<\/title>\n<meta name=\"description\" content=\"VERDENA al Color Fest il 12 Agosto ritornano in Calabria sul nostro palco con la loro musica. Pi\u00f9 che un live, una esperienza imperdibile\" \/>\n<meta name=\"robots\" content=\"index, follow, max-snippet:-1, max-image-preview:large, max-video-preview:-1\" \/>\n<link rel=\"canonical\" href=\"https:\/\/colorfest.it\/de\/verdena-kehrt-zum-farbenfest-zuruck\/\" \/>\n<meta property=\"og:locale\" content=\"de_DE\" \/>\n<meta property=\"og:type\" content=\"article\" \/>\n<meta property=\"og:title\" content=\"I VERDENA ritornano al Color Fest\" \/>\n<meta property=\"og:description\" content=\"Color Fest - Festival di Musica, dal 2013 punto di riferimento per la musica dal vivo &gt;&gt; 11 - 12 - 13 Agosto 2026 Lungomare Falcone Borsellino.\" \/>\n<meta property=\"og:url\" content=\"https:\/\/colorfest.it\/de\/verdena-kehrt-zum-farbenfest-zuruck\/\" \/>\n<meta property=\"og:site_name\" content=\"Color Fest - Festival di Musica | 11 - 12 - 13 Agosto 2026 | in Calabria\" \/>\n<meta property=\"article:publisher\" content=\"http:\/\/facebook.com\/colorfestlamezia\/\" \/>\n<meta property=\"article:published_time\" content=\"2023-02-21T13:20:58+00:00\" \/>\n<meta property=\"article:modified_time\" content=\"2023-02-24T16:12:53+00:00\" \/>\n<meta property=\"og:image\" content=\"https:\/\/colorfest.it\/wp-content\/uploads\/2023\/02\/Verdena-Color-Fest_.jpg\" \/>\n\t<meta property=\"og:image:width\" content=\"1080\" \/>\n\t<meta property=\"og:image:height\" content=\"1080\" \/>\n\t<meta property=\"og:image:type\" content=\"image\/jpeg\" \/>\n<meta name=\"author\" content=\"Salvatore Bilotti\" \/>\n<meta name=\"twitter:card\" content=\"summary_large_image\" \/>\n<meta name=\"twitter:label1\" content=\"Verfasst von\" \/>\n\t<meta name=\"twitter:data1\" content=\"Salvatore Bilotti\" \/>\n\t<meta name=\"twitter:label2\" content=\"Gesch\u00e4tzte Lesezeit\" \/>\n\t<meta name=\"twitter:data2\" content=\"9\u00a0Minuten\" \/>\n<script type=\"application\/ld+json\" class=\"yoast-schema-graph\">{\"@context\":\"https:\\\/\\\/schema.org\",\"@graph\":[{\"@type\":\"Article\",\"@id\":\"https:\\\/\\\/colorfest.it\\\/i-verdena-ritornano-al-color-fest\\\/#article\",\"isPartOf\":{\"@id\":\"https:\\\/\\\/colorfest.it\\\/i-verdena-ritornano-al-color-fest\\\/\"},\"author\":{\"name\":\"Salvatore Bilotti\",\"@id\":\"https:\\\/\\\/colorfest.it\\\/#\\\/schema\\\/person\\\/174195bbe9c056259e2ca3e13087d54b\"},\"headline\":\"I VERDENA ritornano al Color Fest\",\"datePublished\":\"2023-02-21T13:20:58+00:00\",\"dateModified\":\"2023-02-24T16:12:53+00:00\",\"mainEntityOfPage\":{\"@id\":\"https:\\\/\\\/colorfest.it\\\/i-verdena-ritornano-al-color-fest\\\/\"},\"wordCount\":1435,\"publisher\":{\"@id\":\"https:\\\/\\\/colorfest.it\\\/#organization\"},\"image\":{\"@id\":\"https:\\\/\\\/colorfest.it\\\/i-verdena-ritornano-al-color-fest\\\/#primaryimage\"},\"thumbnailUrl\":\"https:\\\/\\\/colorfest.it\\\/wp-content\\\/uploads\\\/2023\\\/02\\\/Verdena-Color-Fest_.jpg\",\"articleSection\":[\"Color Fest\"],\"inLanguage\":\"de\"},{\"@type\":\"WebPage\",\"@id\":\"https:\\\/\\\/colorfest.it\\\/i-verdena-ritornano-al-color-fest\\\/\",\"url\":\"https:\\\/\\\/colorfest.it\\\/i-verdena-ritornano-al-color-fest\\\/\",\"name\":\"I Verdena ritornano al Color Fest | 12 Agosto in Calabria\",\"isPartOf\":{\"@id\":\"https:\\\/\\\/colorfest.it\\\/#website\"},\"primaryImageOfPage\":{\"@id\":\"https:\\\/\\\/colorfest.it\\\/i-verdena-ritornano-al-color-fest\\\/#primaryimage\"},\"image\":{\"@id\":\"https:\\\/\\\/colorfest.it\\\/i-verdena-ritornano-al-color-fest\\\/#primaryimage\"},\"thumbnailUrl\":\"https:\\\/\\\/colorfest.it\\\/wp-content\\\/uploads\\\/2023\\\/02\\\/Verdena-Color-Fest_.jpg\",\"datePublished\":\"2023-02-21T13:20:58+00:00\",\"dateModified\":\"2023-02-24T16:12:53+00:00\",\"description\":\"VERDENA al Color Fest il 12 Agosto ritornano in Calabria sul nostro palco con la loro musica. Pi\u00f9 che un live, una esperienza imperdibile\",\"breadcrumb\":{\"@id\":\"https:\\\/\\\/colorfest.it\\\/i-verdena-ritornano-al-color-fest\\\/#breadcrumb\"},\"inLanguage\":\"de\",\"potentialAction\":[{\"@type\":\"ReadAction\",\"target\":[\"https:\\\/\\\/colorfest.it\\\/i-verdena-ritornano-al-color-fest\\\/\"]}]},{\"@type\":\"ImageObject\",\"inLanguage\":\"de\",\"@id\":\"https:\\\/\\\/colorfest.it\\\/i-verdena-ritornano-al-color-fest\\\/#primaryimage\",\"url\":\"https:\\\/\\\/colorfest.it\\\/wp-content\\\/uploads\\\/2023\\\/02\\\/Verdena-Color-Fest_.jpg\",\"contentUrl\":\"https:\\\/\\\/colorfest.it\\\/wp-content\\\/uploads\\\/2023\\\/02\\\/Verdena-Color-Fest_.jpg\",\"width\":1080,\"height\":1080},{\"@type\":\"BreadcrumbList\",\"@id\":\"https:\\\/\\\/colorfest.it\\\/i-verdena-ritornano-al-color-fest\\\/#breadcrumb\",\"itemListElement\":[{\"@type\":\"ListItem\",\"position\":1,\"name\":\"Home\",\"item\":\"https:\\\/\\\/colorfest.it\\\/\"},{\"@type\":\"ListItem\",\"position\":2,\"name\":\"I VERDENA ritornano al Color Fest\"}]},{\"@type\":\"WebSite\",\"@id\":\"https:\\\/\\\/colorfest.it\\\/#website\",\"url\":\"https:\\\/\\\/colorfest.it\\\/\",\"name\":\"Color Fest - Festival di Musica | 11 - 12 - 13 Agosto 2026 | in Calabria\",\"description\":\"Color Fest - Festival di Musica, dal 2013 punto di riferimento per la musica dal vivo &gt;&gt; 11 - 12 - 13 Agosto 2026 Lungomare Falcone Borsellino.\",\"publisher\":{\"@id\":\"https:\\\/\\\/colorfest.it\\\/#organization\"},\"alternateName\":\"Color Fest - Festival di Musica | 11 - 12 - 13 Agosto 2026 @Lungomare Falcone Borsellino\",\"potentialAction\":[{\"@type\":\"SearchAction\",\"target\":{\"@type\":\"EntryPoint\",\"urlTemplate\":\"https:\\\/\\\/colorfest.it\\\/?s={search_term_string}\"},\"query-input\":{\"@type\":\"PropertyValueSpecification\",\"valueRequired\":true,\"valueName\":\"search_term_string\"}}],\"inLanguage\":\"de\"},{\"@type\":\"Organization\",\"@id\":\"https:\\\/\\\/colorfest.it\\\/#organization\",\"name\":\"Che cosa sono le nuvole APS\",\"alternateName\":\"Color Fest\",\"url\":\"https:\\\/\\\/colorfest.it\\\/\",\"logo\":{\"@type\":\"ImageObject\",\"inLanguage\":\"de\",\"@id\":\"https:\\\/\\\/colorfest.it\\\/#\\\/schema\\\/logo\\\/image\\\/\",\"url\":\"https:\\\/\\\/colorfest.it\\\/wp-content\\\/uploads\\\/2022\\\/03\\\/checosasonolenuvole.png\",\"contentUrl\":\"https:\\\/\\\/colorfest.it\\\/wp-content\\\/uploads\\\/2022\\\/03\\\/checosasonolenuvole.png\",\"width\":952,\"height\":844,\"caption\":\"Che cosa sono le nuvole APS\"},\"image\":{\"@id\":\"https:\\\/\\\/colorfest.it\\\/#\\\/schema\\\/logo\\\/image\\\/\"},\"sameAs\":[\"http:\\\/\\\/facebook.com\\\/colorfestlamezia\\\/\",\"http:\\\/\\\/instagram.com\\\/color_fest_\\\/\",\"https:\\\/\\\/www.linkedin.com\\\/company\\\/color-fest\\\/\"],\"description\":\"Color Fest - Festival di Musica, dal 2013 punto di riferimento per la musica dal vivo >> 11 - 12 - 13 Agosto 2026 Lungomare Falcone Borsellino.\",\"email\":\"scrivi@colorfest.it\",\"legalName\":\"Che cosa sono le nuvole APS\",\"foundingDate\":\"2012-10-12\",\"vatID\":\"03309120792\",\"taxID\":\"92029190797\",\"numberOfEmployees\":{\"@type\":\"QuantitativeValue\",\"minValue\":\"11\",\"maxValue\":\"50\"}},{\"@type\":\"Person\",\"@id\":\"https:\\\/\\\/colorfest.it\\\/#\\\/schema\\\/person\\\/174195bbe9c056259e2ca3e13087d54b\",\"name\":\"Salvatore Bilotti\",\"image\":{\"@type\":\"ImageObject\",\"inLanguage\":\"de\",\"@id\":\"https:\\\/\\\/secure.gravatar.com\\\/avatar\\\/ffea54082f2805c177a23aec9bc4121df09c213e6ca8fda40be720241c65e38e?s=96&d=mm&r=g\",\"url\":\"https:\\\/\\\/secure.gravatar.com\\\/avatar\\\/ffea54082f2805c177a23aec9bc4121df09c213e6ca8fda40be720241c65e38e?s=96&d=mm&r=g\",\"contentUrl\":\"https:\\\/\\\/secure.gravatar.com\\\/avatar\\\/ffea54082f2805c177a23aec9bc4121df09c213e6ca8fda40be720241c65e38e?s=96&d=mm&r=g\",\"caption\":\"Salvatore Bilotti\"}}]}<\/script>\n<!-- \/ Yoast SEO Premium plugin. -->","yoast_head_json":{"title":"Verdena kehrt zum Color Fest | 12. August in Kalabrien zur\u00fcck","description":"VERDENA kehren beim Color Fest am 12. August mit ihrer Musik nach Kalabrien auf unsere B\u00fchne zur\u00fcck. Mehr als eine Live-Show, eine un\u00fcbersehbare Erfahrung","robots":{"index":"index","follow":"follow","max-snippet":"max-snippet:-1","max-image-preview":"max-image-preview:large","max-video-preview":"max-video-preview:-1"},"canonical":"https:\/\/colorfest.it\/de\/verdena-kehrt-zum-farbenfest-zuruck\/","og_locale":"de_DE","og_type":"article","og_title":"I VERDENA ritornano al Color Fest","og_description":"Color Fest - Festival di Musica, dal 2013 punto di riferimento per la musica dal vivo >> 11 - 12 - 13 Agosto 2026 Lungomare Falcone Borsellino.","og_url":"https:\/\/colorfest.it\/de\/verdena-kehrt-zum-farbenfest-zuruck\/","og_site_name":"Color Fest - Festival di Musica | 11 - 12 - 13 Agosto 2026 | in Calabria","article_publisher":"http:\/\/facebook.com\/colorfestlamezia\/","article_published_time":"2023-02-21T13:20:58+00:00","article_modified_time":"2023-02-24T16:12:53+00:00","og_image":[{"width":1080,"height":1080,"url":"https:\/\/colorfest.it\/wp-content\/uploads\/2023\/02\/Verdena-Color-Fest_.jpg","type":"image\/jpeg"}],"author":"Salvatore Bilotti","twitter_card":"summary_large_image","twitter_misc":{"Verfasst von":"Salvatore Bilotti","Gesch\u00e4tzte Lesezeit":"9\u00a0Minuten"},"schema":{"@context":"https:\/\/schema.org","@graph":[{"@type":"Article","@id":"https:\/\/colorfest.it\/i-verdena-ritornano-al-color-fest\/#article","isPartOf":{"@id":"https:\/\/colorfest.it\/i-verdena-ritornano-al-color-fest\/"},"author":{"name":"Salvatore Bilotti","@id":"https:\/\/colorfest.it\/#\/schema\/person\/174195bbe9c056259e2ca3e13087d54b"},"headline":"I VERDENA ritornano al Color Fest","datePublished":"2023-02-21T13:20:58+00:00","dateModified":"2023-02-24T16:12:53+00:00","mainEntityOfPage":{"@id":"https:\/\/colorfest.it\/i-verdena-ritornano-al-color-fest\/"},"wordCount":1435,"publisher":{"@id":"https:\/\/colorfest.it\/#organization"},"image":{"@id":"https:\/\/colorfest.it\/i-verdena-ritornano-al-color-fest\/#primaryimage"},"thumbnailUrl":"https:\/\/colorfest.it\/wp-content\/uploads\/2023\/02\/Verdena-Color-Fest_.jpg","articleSection":["Color Fest"],"inLanguage":"de"},{"@type":"WebPage","@id":"https:\/\/colorfest.it\/i-verdena-ritornano-al-color-fest\/","url":"https:\/\/colorfest.it\/i-verdena-ritornano-al-color-fest\/","name":"Verdena kehrt zum Color Fest | 12. August in Kalabrien zur\u00fcck","isPartOf":{"@id":"https:\/\/colorfest.it\/#website"},"primaryImageOfPage":{"@id":"https:\/\/colorfest.it\/i-verdena-ritornano-al-color-fest\/#primaryimage"},"image":{"@id":"https:\/\/colorfest.it\/i-verdena-ritornano-al-color-fest\/#primaryimage"},"thumbnailUrl":"https:\/\/colorfest.it\/wp-content\/uploads\/2023\/02\/Verdena-Color-Fest_.jpg","datePublished":"2023-02-21T13:20:58+00:00","dateModified":"2023-02-24T16:12:53+00:00","description":"VERDENA kehren beim Color Fest am 12. August mit ihrer Musik nach Kalabrien auf unsere B\u00fchne zur\u00fcck. Mehr als eine Live-Show, eine un\u00fcbersehbare Erfahrung","breadcrumb":{"@id":"https:\/\/colorfest.it\/i-verdena-ritornano-al-color-fest\/#breadcrumb"},"inLanguage":"de","potentialAction":[{"@type":"ReadAction","target":["https:\/\/colorfest.it\/i-verdena-ritornano-al-color-fest\/"]}]},{"@type":"ImageObject","inLanguage":"de","@id":"https:\/\/colorfest.it\/i-verdena-ritornano-al-color-fest\/#primaryimage","url":"https:\/\/colorfest.it\/wp-content\/uploads\/2023\/02\/Verdena-Color-Fest_.jpg","contentUrl":"https:\/\/colorfest.it\/wp-content\/uploads\/2023\/02\/Verdena-Color-Fest_.jpg","width":1080,"height":1080},{"@type":"BreadcrumbList","@id":"https:\/\/colorfest.it\/i-verdena-ritornano-al-color-fest\/#breadcrumb","itemListElement":[{"@type":"ListItem","position":1,"name":"Home","item":"https:\/\/colorfest.it\/"},{"@type":"ListItem","position":2,"name":"I VERDENA ritornano al Color Fest"}]},{"@type":"WebSite","@id":"https:\/\/colorfest.it\/#website","url":"https:\/\/colorfest.it\/","name":"Color Fest - Musikfestival | 11 - 12 - 13 August 2026 | in Kalabrien","description":"Color Fest - Musikfestival, seit 2013 ein Bezugspunkt f\u00fcr Live-Musik &gt;&gt; 11 - 12 - 13 August 2026 Lungomare Falcone Borsellino","publisher":{"@id":"https:\/\/colorfest.it\/#organization"},"alternateName":"Color Fest - Festival di Musica | 11 - 12 - 13 Agosto 2026 @Lungomare Falcone Borsellino","potentialAction":[{"@type":"SearchAction","target":{"@type":"EntryPoint","urlTemplate":"https:\/\/colorfest.it\/?s={search_term_string}"},"query-input":{"@type":"PropertyValueSpecification","valueRequired":true,"valueName":"search_term_string"}}],"inLanguage":"de"},{"@type":"Organization","@id":"https:\/\/colorfest.it\/#organization","name":"Was sind APS-Wolken?","alternateName":"Color Fest","url":"https:\/\/colorfest.it\/","logo":{"@type":"ImageObject","inLanguage":"de","@id":"https:\/\/colorfest.it\/#\/schema\/logo\/image\/","url":"https:\/\/colorfest.it\/wp-content\/uploads\/2022\/03\/checosasonolenuvole.png","contentUrl":"https:\/\/colorfest.it\/wp-content\/uploads\/2022\/03\/checosasonolenuvole.png","width":952,"height":844,"caption":"Che cosa sono le nuvole APS"},"image":{"@id":"https:\/\/colorfest.it\/#\/schema\/logo\/image\/"},"sameAs":["http:\/\/facebook.com\/colorfestlamezia\/","http:\/\/instagram.com\/color_fest_\/","https:\/\/www.linkedin.com\/company\/color-fest\/"],"description":"Color Fest - Musikfestival, seit 2013 ein Bezugspunkt f\u00fcr Live-Musik &gt;&gt; 11 - 12 - 13 August 2026 Lungomare Falcone Borsellino","email":"scrivi@colorfest.it","legalName":"Che cosa sono le nuvole APS","foundingDate":"2012-10-12","vatID":"03309120792","taxID":"92029190797","numberOfEmployees":{"@type":"QuantitativeValue","minValue":"11","maxValue":"50"}},{"@type":"Person","@id":"https:\/\/colorfest.it\/#\/schema\/person\/174195bbe9c056259e2ca3e13087d54b","name":"Salvatore Bilotti","image":{"@type":"ImageObject","inLanguage":"de","@id":"https:\/\/secure.gravatar.com\/avatar\/ffea54082f2805c177a23aec9bc4121df09c213e6ca8fda40be720241c65e38e?s=96&d=mm&r=g","url":"https:\/\/secure.gravatar.com\/avatar\/ffea54082f2805c177a23aec9bc4121df09c213e6ca8fda40be720241c65e38e?s=96&d=mm&r=g","contentUrl":"https:\/\/secure.gravatar.com\/avatar\/ffea54082f2805c177a23aec9bc4121df09c213e6ca8fda40be720241c65e38e?s=96&d=mm&r=g","caption":"Salvatore Bilotti"}}]}},"_links":{"self":[{"href":"https:\/\/colorfest.it\/de\/wp-json\/wp\/v2\/posts\/13909","targetHints":{"allow":["GET"]}}],"collection":[{"href":"https:\/\/colorfest.it\/de\/wp-json\/wp\/v2\/posts"}],"about":[{"href":"https:\/\/colorfest.it\/de\/wp-json\/wp\/v2\/types\/post"}],"author":[{"embeddable":true,"href":"https:\/\/colorfest.it\/de\/wp-json\/wp\/v2\/users\/7"}],"replies":[{"embeddable":true,"href":"https:\/\/colorfest.it\/de\/wp-json\/wp\/v2\/comments?post=13909"}],"version-history":[{"count":0,"href":"https:\/\/colorfest.it\/de\/wp-json\/wp\/v2\/posts\/13909\/revisions"}],"wp:featuredmedia":[{"embeddable":true,"href":"https:\/\/colorfest.it\/de\/wp-json\/wp\/v2\/media\/13984"}],"wp:attachment":[{"href":"https:\/\/colorfest.it\/de\/wp-json\/wp\/v2\/media?parent=13909"}],"wp:term":[{"taxonomy":"category","embeddable":true,"href":"https:\/\/colorfest.it\/de\/wp-json\/wp\/v2\/categories?post=13909"},{"taxonomy":"post_tag","embeddable":true,"href":"https:\/\/colorfest.it\/de\/wp-json\/wp\/v2\/tags?post=13909"}],"curies":[{"name":"wp","href":"https:\/\/api.w.org\/{rel}","templated":true}]}}